{"id":270689,"date":"2025-12-04T12:13:16","date_gmt":"2025-12-04T12:13:16","guid":{"rendered":"https:\/\/www.europesays.com\/es\/270689\/"},"modified":"2025-12-04T12:13:16","modified_gmt":"2025-12-04T12:13:16","slug":"el-macbook-air-m4-tenia-un-buen-precio-en-el-black-friday-pero-ahora-es-mas-barato-asi-lo-puedes-xataka","status":"publish","type":"post","link":"https:\/\/www.europesays.com\/es\/270689\/","title":{"rendered":"El MacBook Air M4 ten\u00eda un buen precio en el Black Friday, pero ahora es m\u00e1s barato: as\u00ed lo puedes&#8230; &#8211; Xataka"},"content":{"rendered":"<ol>\n<li><a href=\"https:\/\/news.google.com\/rss\/articles\/CBMivgFBVV95cUxQbVR4SHJTc3lGYU05V21Nb2NoaC1HQXYtbWk4WGhHVlA5QndKRDVoai1uOFhZc2RvT1hGQkRHYTJBTUpMcmJwZ2J1V2Y5NEZPb0hidER5dUpmeE01ZXlfR2xuaHMzZVZHekc0cDVfUXVocUxSdjc2NUQ2QlZfOEc3Z29BOW94ZlpUZmQtVXFXRWpjX3BhU2VTWXdpX0VUbXF5TGh2QWZfUzJVN0FTLWxxczJ4U0xQbjB3Vjg1SS1B0gHDAUFVX3lxTE54VVd6dnBZeU4zOHRnTDd4R2U1UGJnLUNTcFZKY0o1RUZLaXhMOWliMngxWENYdEJiUHBON3Zsb0JEb3hFNE5Jd2M3TzE5TmpxX3RHMEtyYlMxY29CbjhxdFRfdkw5eW05WDhmVVBEVy1aY3BFWFlyS1FzeEYweE9TYzdJM19OZDhuUmZSNTVZOXROb0hnVHBxVWt6SEJBdUk3S1Y1NjMzWkJTNjZWUjVKT05BdHdDX296ZS0tYVl3b0dydw?oc=5\" target=\"_blank\" rel=\"nofollow noopener\">El MacBook Air M4 ten\u00eda un buen precio en el Black Friday, pero ahora es m\u00e1s barato: as\u00ed lo puedes&#8230;<\/a>&nbsp;&nbsp;Xataka<\/li>\n<li><a href=\"https:\/\/news.google.com\/rss\/articles\/CBMi0AFBVV95cUxOaE5WLTZ1YUUtcUZiem9qS1VSMGV3R3F6eXl5SlJsLVMybUp4Q3ZVWlZHblptTmdiTGZtT0tfOVl1eHAzOEdzSFdqam02R2czOVNOcXlXclVOeGc1MHZPRnNmdUc1elBrN2JkX3lOMXVLRkI2aFZVNThDSTRnNVhVcF9KeTBBWGZndmxtYXllNzBqYnI2QkcxWnY1TVhKQm9XY3NLRloyOWZINFFkNzlkWTdpeTBaZmNmckI2c004V3M0enZCRllzM1hYZDUyYS1K?oc=5\" target=\"_blank\" rel=\"nofollow noopener\">Si no llegaste a tiempo al Cyber Monday, atento: este MacBook tiene uno de los mejores precios que hemos visto<\/a>&nbsp;&nbsp;Applesfera<\/li>\n<li><a href=\"https:\/\/news.google.com\/rss\/articles\/CBMi2gFBVV95cUxOUTZNVHdRU2xOcUFWRE9pN1pQX3JzeUlfeU85ZTdsNHF1MVpMVWZzWWsyWHNWUGZOQzdnR2VwVUtQT3RkMTQ3elJseVhqcVVBaHZHTEgzRFhwWXotMnhHTTBvNEdBbXlFX1VMVVZza1lGNF9SYkFWM1RGVTJGVnZweUVMZ3dJY25BLUItT2JyV1o1YzJJVzY4LUM0aTBmT3V1a3U3WWdzR25NOVZrXzl1M3ltQVYyWG5HcFVDVmRLU05KZEFpU0lrWnhXZjEtTW1tZXZSaEtndzA2QdIB5wFBVV95cUxPVDMxeXJiS0gyY3hNQzB0MFJYQklramwxUDdFV0YzLU41Rnh2MURHelFRMUdKT00wdU1QdldPRmJCXzB0X2ZObzk2clItMmpMbEp6eEViUEEzMEhNa1l3ZGhpcFNqbmNjOF9oY0VnTTdQOWhjcXhoWTlQbDlWc3dfOVdRb1c0RllSWmFHYlR2VEFqM0hQYU1na0ZpaFZ3bGZVQkV6QjUtdUhmd1J2enJCR093enBtYVdyR2NNV2lIWVlEWXcwR1hMNE1RU0txRzBLeUlZSlA0Q014eDc1LS1zeXFBdlVpdGM?oc=5\" target=\"_blank\" rel=\"nofollow noopener\">Potente para trabajar y estudiar, y hasta 60% m\u00e1s barato: MacBook Air M1 con 128 GB por menos de 500 euros<\/a>&nbsp;&nbsp;Mundo Deportivo<\/li>\n<li><a href=\"https:\/\/news.google.com\/rss\/articles\/CBMibEFVX3lxTE1uUmFPZHBUTEFDVlFNcVpCSWxCT05UWHZBbkVCVHkxdXQzTG5IU01mLWpON0N2TTV3RF96ekVLVDNiWk43cVU4THd4Wm8xWHVxd2Iwem1aY0E4eTZFMHZld29BX3h1YVlycDBoYg?oc=5\" target=\"_blank\" rel=\"nofollow noopener\">Amazon vuelve a rebajar el nuevo MacBook Air y ahora cae a su precio m\u00ednimo hist\u00f3rico<\/a>&nbsp;&nbsp;ADSLZone<\/li>\n<li><a href=\"https:\/\/news.google.com\/rss\/articles\/CBMiugFBVV95cUxNalJDU2U1bWw3TzM4MkhFdWdGTDZmVm9BYmNfaDN0a01falpGSktaemx1MUFwSmhhQnA4SklUTEVPZmNLbDdTN1JibFczTkd0ZDVoZDJsSGZVaXlfa2dyMVJiLWNNYm9OczYwVllBaXNMVFRLQVpmWmJ1NnZGS2d3MmZrSnU4RzBWZ082aFVBemwyQzl0YXdSYUFDZkpTNU1za1pESVE0TkZSLTd0eWRJVjhWbi1ObEQ0cnfSAb8BQVVfeXFMT0NtcHZqYnk0bm5kRU5YZG5PT09xN0VlUFJIRDZReFJkc0IzNmZHTFkzMGRJOFR0Zlk2OFl5ck5BZnpwc2RrMnBGME5VU3NhS0JWbG5LcmhWX3RUclRSS1hraUYwb3dqOHpOQ09oekg1cnhoaGVJSFlSSEFERlRhWVBjd3N6d0cydU8tX2wyaGlRU2kyLVRiLUktU2MwWDNObUVsdW9kc0E0a1BadUdiRzNOekhnMnpkd2o0alUzeU0?oc=5\" target=\"_blank\" rel=\"nofollow noopener\">Si eres de Apple, este es el mejor port\u00e1til que puedes comprar en el Cyber Monday: MacBook Air 13\u201d M4 con 16 GB y 256 GB en oferta<\/a>&nbsp;&nbsp;La Vanguardia<\/li>\n<\/ol>\n","protected":false},"excerpt":{"rendered":"El MacBook Air M4 ten\u00eda un buen precio en el Black Friday, pero ahora es m\u00e1s barato: as\u00ed&hellip;\n","protected":false},"author":2,"featured_media":270690,"comment_status":"","ping_status":"","sticky":false,"template":"","format":"standard","meta":{"footnotes":""},"categories":[81],"tags":[119,123,124,25,24,117,121,122,23,118,120],"class_list":{"0":"post-270689","1":"post","2":"type-post","3":"status-publish","4":"format-standard","5":"has-post-thumbnail","7":"category-ciencia-y-tecnologia","8":"tag-ciencia","9":"tag-ciencia-y-tecnologia","10":"tag-cienciaytecnologia","11":"tag-es","12":"tag-espana","13":"tag-science","14":"tag-science-and-technology","15":"tag-scienceandtechnology","16":"tag-spain","17":"tag-technology","18":"tag-tecnologia"},"share_on_mastodon":{"url":"https:\/\/pubeurope.com\/@es\/115661242725435638","error":""},"_links":{"self":[{"href":"https:\/\/www.europesays.com\/es\/wp-json\/wp\/v2\/posts\/270689","targetHints":{"allow":["GET"]}}],"collection":[{"href":"https:\/\/www.europesays.com\/es\/wp-json\/wp\/v2\/posts"}],"about":[{"href":"https:\/\/www.europesays.com\/es\/wp-json\/wp\/v2\/types\/post"}],"author":[{"embeddable":true,"href":"https:\/\/www.europesays.com\/es\/wp-json\/wp\/v2\/users\/2"}],"replies":[{"embeddable":true,"href":"https:\/\/www.europesays.com\/es\/wp-json\/wp\/v2\/comments?post=270689"}],"version-history":[{"count":0,"href":"https:\/\/www.europesays.com\/es\/wp-json\/wp\/v2\/posts\/270689\/revisions"}],"wp:featuredmedia":[{"embeddable":true,"href":"https:\/\/www.europesays.com\/es\/wp-json\/wp\/v2\/media\/270690"}],"wp:attachment":[{"href":"https:\/\/www.europesays.com\/es\/wp-json\/wp\/v2\/media?parent=270689"}],"wp:term":[{"taxonomy":"category","embeddable":true,"href":"https:\/\/www.europesays.com\/es\/wp-json\/wp\/v2\/categories?post=270689"},{"taxonomy":"post_tag","embeddable":true,"href":"https:\/\/www.europesays.com\/es\/wp-json\/wp\/v2\/tags?post=270689"}],"curies":[{"name":"wp","href":"https:\/\/api.w.org\/{rel}","templated":true}]}}