{"id":270700,"date":"2025-12-04T12:23:19","date_gmt":"2025-12-04T12:23:19","guid":{"rendered":"https:\/\/www.europesays.com\/es\/270700\/"},"modified":"2025-12-04T12:23:19","modified_gmt":"2025-12-04T12:23:19","slug":"portazo-de-vingegaard-a-uno-x-no-se-mueve-del-visma","status":"publish","type":"post","link":"https:\/\/www.europesays.com\/es\/270700\/","title":{"rendered":"Portazo de Vingegaard a Uno-X: no se mueve del Visma"},"content":{"rendered":"<p class=\"\">\u201cRumores, rumores\u201d, que dec\u00eda la gran Raffaella Carr\u00e0. En las \u00faltimas semanas, eso es lo que ha planeado sobre la figura de <a href=\"https:\/\/as.com\/noticias\/jonas-vingegaard-rasmussen\/\" target=\"_self\" rel=\"nofollow noopener\" title=\"https:\/\/as.com\/noticias\/jonas-vingegaard-rasmussen\/\"><b>Jonas Vingegaard,<\/b><\/a> quien a pesar de todo tiene las cosas muy claras. Y es que el dan\u00e9s, de semblante siempre impert\u00e9rrito, sale al paso de todos ellos con soltura, incluso zanjando alguno. Es lo que ha hecho Jonas sobre su <b>continuidad en las filas del Visma | Lease a Bike, puesta en duda<\/b> tras unos cantos de sirena que se intensificaron en las \u00faltimas semanas y que le situaban en el <b>Uno-X<\/b> para 2027.<\/p>\n<p class=\"\">Todo ello, motivado por la <b>supuesta negativa del equipo neerland\u00e9s a que corra el pr\u00f3ximo Giro de Italia,<\/b> la grande que le falta a su palmar\u00e9s y con la que completar\u00eda la \u2018Triple Corona\u2019 tras sus dos Tours de Francia (2022 y 2023) y la reciente Vuelta (2025). Ni mucho menos est\u00e1 descartado que Vingegaard est\u00e9 presente por primera vez en la Corsa Rosa el a\u00f1o que viene, m\u00e1xime tras ver que el <a href=\"https:\/\/as.com\/ciclismo\/giro_italia\/un-giro-moderno-que-no-olvida-sus-origenes-f202512-n\/\" target=\"_self\" rel=\"nofollow noopener\" title=\"https:\/\/as.com\/ciclismo\/giro_italia\/un-giro-moderno-que-no-olvida-sus-origenes-f202512-n\/\">recorrido ser\u00eda perfectamente compatible en t\u00e9rminos de esfuerzo<\/a> con mantener un nivel competitivo en la Grande Boucle, pero lo que s\u00ed est\u00e1 descartada es su salida del Visma.<\/p>\n<p>Noticias relacionadas<\/p>\n<p class=\"\">\u201c\u00bfCorrer para otro equipo? No, no puedo. Ante todo, tengo que decir que <b>ni siquiera recuerdo cu\u00e1ntos a\u00f1os me quedan de contrato. Pero en cualquier caso, he corrido aqu\u00ed tantas temporadas que no me veo en ning\u00fan otro sitio\u00bb, <\/b>asegur\u00f3 Jonas en una reciente entrevista para el diario dan\u00e9s Ekstra Bladet, olvidando incluso que todav\u00eda tiene contrato con el Visma hasta finales de 2028, toda una vida en un equipo al que lleg\u00f3 en 2019. De momento, y salvo giro dram\u00e1tico de los acontecimientos: Vingegaard se queda.<\/p>\n<p class=\"\"><b>\u00a1Tus opiniones importan!<\/b> Comenta en los art\u00edculos y suscr\u00edbete gratis a nuestra <a href=\"https:\/\/asfan.as.com\/newsletters\/\" target=\"_blank\" rel=\"nofollow noopener\" title=\"https:\/\/asfan.as.com\/newsletters\/\">newsletter<\/a> y a las alertas informativas en la <a href=\"https:\/\/as.com\/aplicacion-de-as-n\/\" target=\"_blank\" rel=\"nofollow noopener\" title=\"https:\/\/as.com\/aplicacion-de-as-n\/\">App<\/a> o el canal de <a href=\"https:\/\/www.whatsapp.com\/channel\/0029VaAasdA7j6g745nz9M10\" target=\"_blank\" rel=\"nofollow noopener\" title=\"https:\/\/www.whatsapp.com\/channel\/0029VaAasdA7j6g745nz9M10\">WhatsApp<\/a>. \u00bfBuscas licenciar contenido? Haz clic <a href=\"https:\/\/profesional.elpais.com\/soluciones-sindicacion?utm_medium=interno&amp;utm_source=crosslinking&amp;utm_campaign=sindicacion_as_pie_articulos\" target=\"_blank\" rel=\"nofollow noopener\" title=\"https:\/\/profesional.elpais.com\/soluciones-sindicacion?utm_medium=interno&amp;utm_source=crosslinking&amp;utm_campaign=sindicacion_as_pie_articulos\">aqu\u00ed<\/a><\/p>\n","protected":false},"excerpt":{"rendered":"\u201cRumores, rumores\u201d, que dec\u00eda la gran Raffaella Carr\u00e0. En las \u00faltimas semanas, eso es lo que ha planeado&hellip;\n","protected":false},"author":2,"featured_media":270701,"comment_status":"","ping_status":"","sticky":false,"template":"","format":"standard","meta":{"footnotes":""},"categories":[273],"tags":[313,312,168,25,24,23,167],"class_list":{"0":"post-270700","1":"post","2":"type-post","3":"status-publish","4":"format-standard","5":"has-post-thumbnail","7":"category-ciclismo","8":"tag-ciclismo","9":"tag-cycling","10":"tag-deportes","11":"tag-es","12":"tag-espana","13":"tag-spain","14":"tag-sports"},"share_on_mastodon":{"url":"","error":""},"_links":{"self":[{"href":"https:\/\/www.europesays.com\/es\/wp-json\/wp\/v2\/posts\/270700","targetHints":{"allow":["GET"]}}],"collection":[{"href":"https:\/\/www.europesays.com\/es\/wp-json\/wp\/v2\/posts"}],"about":[{"href":"https:\/\/www.europesays.com\/es\/wp-json\/wp\/v2\/types\/post"}],"author":[{"embeddable":true,"href":"https:\/\/www.europesays.com\/es\/wp-json\/wp\/v2\/users\/2"}],"replies":[{"embeddable":true,"href":"https:\/\/www.europesays.com\/es\/wp-json\/wp\/v2\/comments?post=270700"}],"version-history":[{"count":0,"href":"https:\/\/www.europesays.com\/es\/wp-json\/wp\/v2\/posts\/270700\/revisions"}],"wp:featuredmedia":[{"embeddable":true,"href":"https:\/\/www.europesays.com\/es\/wp-json\/wp\/v2\/media\/270701"}],"wp:attachment":[{"href":"https:\/\/www.europesays.com\/es\/wp-json\/wp\/v2\/media?parent=270700"}],"wp:term":[{"taxonomy":"category","embeddable":true,"href":"https:\/\/www.europesays.com\/es\/wp-json\/wp\/v2\/categories?post=270700"},{"taxonomy":"post_tag","embeddable":true,"href":"https:\/\/www.europesays.com\/es\/wp-json\/wp\/v2\/tags?post=270700"}],"curies":[{"name":"wp","href":"https:\/\/api.w.org\/{rel}","templated":true}]}}