{"id":270702,"date":"2025-12-04T12:25:16","date_gmt":"2025-12-04T12:25:16","guid":{"rendered":"https:\/\/www.europesays.com\/es\/270702\/"},"modified":"2025-12-04T12:25:16","modified_gmt":"2025-12-04T12:25:16","slug":"el-coviran-elige-al-alero-frances-william-howard","status":"publish","type":"post","link":"https:\/\/www.europesays.com\/es\/270702\/","title":{"rendered":"El Covir\u00e1n elige al alero franc\u00e9s William Howard"},"content":{"rendered":"<p>El Covir\u00e1n trata de cerrar un acuerdo con el alero franc\u00e9s William Howard, veterano de 32 a\u00f1os y experiencia en la Liga Endesa, que pone  &#8230; en duda el rendimiento de Travis Munnings, ahora que el alero titular y tres del equipo granadino, El\u00edas Valtonen, est\u00e1 lesionado.<\/p>\n<p class=\"v-p\">Howard, que mide 2&#8217;05 y podr\u00eda actuar tambi\u00e9n en la posici\u00f3n de cuatro, dada su versatilidad, acab\u00f3 la pasada temporada en el Nanterre tras pasar por el B\u00e0squet Girona. Tambi\u00e9n milit\u00f3 en las filas del Joventut en la temporada 2022-23.<\/p>\n<p class=\"v-p\">No obstante, en el B\u00e0squet Girona no le fue demasiado bien, siendo cortado tras dos meses de v\u00ednculo laboral con el club de Marc Gasol. Contratado a finales de octubre de 2024, rescindi\u00f3 el compromiso antes de que terminara el a\u00f1o.<\/p>\n<p class=\"v-p\">Howard fue el jugador descartado por Moncho Fern\u00e1ndez en su debut como entrenador del Girona, tras sufrir una derrota por 77-74 en la pista del R\u00edo Breog\u00e1n. Era la quinta derrota consecutiva y la d\u00e9cima en doce jornadas para el Girona, entonces colista destacado de la Liga Endesa. El alero franc\u00e9s, por tanto, solo jug\u00f3 cinco partidos con el equipo catal\u00e1n, con unos n\u00fameros de 8,8 puntos, 2,8 rebotes, 1,6 asistencias y 8,6 cr\u00e9ditos de valoraci\u00f3n, en 16 minutos y medio de promedio por encuentro.<\/p>\n<p class=\"v-p\">William Howard empez\u00f3 en las filas del Limoges en Francia tras varios clubes galos de formaci\u00f3n. A partir de ah\u00ed progres\u00f3 hasta el Salt Lake City Stars, R\u00edo Grande Valley Vipers, de la G League, y Houston Rockets. De ah\u00ed pas\u00f3 dos temporadas en el Asvel Villeurbanne, justo antes de probar en la ACB con el Joventut. Desde Badalona pas\u00f3 al Le Mans, la corta etapa en el Girona y el Nanterre 92, de nuevo retorn\u00f3 al baloncesto de su pa\u00eds, de donde procede y acredit\u00f3 9,4 puntos, 5,3 rebotes, 1,4 asistencias, 1,3 recuperaciones y 0,1 tapones.<\/p>\n","protected":false},"excerpt":{"rendered":"El Covir\u00e1n trata de cerrar un acuerdo con el alero franc\u00e9s William Howard, veterano de 32 a\u00f1os y&hellip;\n","protected":false},"author":2,"featured_media":270703,"comment_status":"","ping_status":"","sticky":false,"template":"","format":"standard","meta":{"footnotes":""},"categories":[269],"tags":[1266,299,298,3446,168,8194,25,24,1820,23519,23,167,3820],"class_list":{"0":"post-270702","1":"post","2":"type-post","3":"status-publish","4":"format-standard","5":"has-post-thumbnail","7":"category-baloncesto","8":"tag-alero","9":"tag-baloncesto","10":"tag-basketball","11":"tag-coviran","12":"tag-deportes","13":"tag-elige","14":"tag-es","15":"tag-espana","16":"tag-frances","17":"tag-howard","18":"tag-spain","19":"tag-sports","20":"tag-william"},"share_on_mastodon":{"url":"https:\/\/pubeurope.com\/@es\/115661289687376522","error":""},"_links":{"self":[{"href":"https:\/\/www.europesays.com\/es\/wp-json\/wp\/v2\/posts\/270702","targetHints":{"allow":["GET"]}}],"collection":[{"href":"https:\/\/www.europesays.com\/es\/wp-json\/wp\/v2\/posts"}],"about":[{"href":"https:\/\/www.europesays.com\/es\/wp-json\/wp\/v2\/types\/post"}],"author":[{"embeddable":true,"href":"https:\/\/www.europesays.com\/es\/wp-json\/wp\/v2\/users\/2"}],"replies":[{"embeddable":true,"href":"https:\/\/www.europesays.com\/es\/wp-json\/wp\/v2\/comments?post=270702"}],"version-history":[{"count":0,"href":"https:\/\/www.europesays.com\/es\/wp-json\/wp\/v2\/posts\/270702\/revisions"}],"wp:featuredmedia":[{"embeddable":true,"href":"https:\/\/www.europesays.com\/es\/wp-json\/wp\/v2\/media\/270703"}],"wp:attachment":[{"href":"https:\/\/www.europesays.com\/es\/wp-json\/wp\/v2\/media?parent=270702"}],"wp:term":[{"taxonomy":"category","embeddable":true,"href":"https:\/\/www.europesays.com\/es\/wp-json\/wp\/v2\/categories?post=270702"},{"taxonomy":"post_tag","embeddable":true,"href":"https:\/\/www.europesays.com\/es\/wp-json\/wp\/v2\/tags?post=270702"}],"curies":[{"name":"wp","href":"https:\/\/api.w.org\/{rel}","templated":true}]}}