{"id":270704,"date":"2025-12-04T12:27:20","date_gmt":"2025-12-04T12:27:20","guid":{"rendered":"https:\/\/www.europesays.com\/es\/270704\/"},"modified":"2025-12-04T12:27:20","modified_gmt":"2025-12-04T12:27:20","slug":"moldovan-se-harta-provocando-un-riesgo-al-oviedo-y-un-problema-al-atletico","status":"publish","type":"post","link":"https:\/\/www.europesays.com\/es\/270704\/","title":{"rendered":"Moldovan se harta provocando un riesgo al Oviedo y un problema al Atl\u00e9tico"},"content":{"rendered":"\n<p>M\u00e1s noticias<\/p>\n<p><a class=\"info_masnoticias\" href=\"https:\/\/www.eldesmarque.com\/futbol\/real-oviedo\/\" rel=\"nofollow noopener\" target=\"_blank\"><br \/>\nM\u00e1s de<br \/>\nM\u00e1s noticias de<br \/>\nReal Oviedo<br \/>\n<\/a><\/p>\n<p>El <a href=\"https:\/\/www.eldesmarque.com\/futbol\/mercado-de-fichajes\/20251204\/mercado-fichajes-directo-altas-bajas-ultima-hora-4-diciembre-d1rect0_300825256.html\" rel=\"nofollow noopener\" target=\"_blank\">mercado invernal de fichajes<\/a> est\u00e1 a la vuelta de la esquina y los futbolistas comienzan a mover ficha. El <strong>Real Oviedo<\/strong>, colista en LALIGA EA Sports, apunta a ser <a href=\"https:\/\/www.eldesmarque.com\/futbol\/real-oviedo\/20251023\/lista-opciones-margen-economico-formula-fichaje-mercado-invierno-real-oviedo_300789982.html\" rel=\"nofollow noopener\" target=\"_blank\">uno de los grandes animadores<\/a> de la pr\u00f3xima ventana de transferencias. Y no solo en t\u00e9rmino de llegadas, sino <a href=\"https:\/\/www.eldesmarque.com\/futbol\/real-oviedo\/20251128\/luis-carrion-confianza-hassan-posible-salida-real-oviedo_300820466.html\" rel=\"nofollow noopener\" target=\"_blank\">tambi\u00e9n en salidas<\/a>. <strong>Uno de los protagonistas apunta a ser Horatiu Moldovan<\/strong>, pr\u00e1cticamente in\u00e9dito en encuentros oficiales.<\/p>\n<p>Tal y como avanza <a href=\"https:\/\/www.lne.es\/real-oviedo\/2025\/12\/04\/moldovan-encuentra-sitio-portero-pide-124420575.html\" target=\"_blank\" rel=\"noopener nofollow\">La Nueva Espa\u00f1a<\/a>, el guardameta rumano no est\u00e1 nada contento con su situaci\u00f3n en el conjunto carbay\u00f3n. Actualmente cedido por el Atl\u00e9tico de Madrid, Moldovan<strong> expresa un claro deseo<\/strong>.<\/p>\n<p>Y no es otro que un cambio de aires. El portero, en plena madurez deportiva a sus 27 a\u00f1os, quiere disfrutar de m\u00e1s minutos. Aar\u00f3n Escandell es due\u00f1o y se\u00f1or de la porter\u00eda del Oviedo y el rumano est\u00e1 por la labor de salir en el pr\u00f3ximo mes de enero. Una decisi\u00f3n que <strong>supone un riesgo para el equipo azul, as\u00ed como un problema a\u00f1adido para los colchoneros<\/strong>.<\/p>\n<p><img loading=\"lazy\" decoding=\"async\" src=\"https:\/\/www.europesays.com\/es\/wp-content\/uploads\/2025\/12\/20240220_faf_si1_219jpg.jpg\" width=\"660\" height=\"440\" alt=\"Moldovan, en un calentamiento del Atl\u00e9tico de Madrid (FOTO: Cord\u00f3n Press).\"\/><br \/>\nMoldovan, en un calentamiento del Atl\u00e9tico de Madrid (FOTO: Cord\u00f3n Press).<\/p>\n<p>Horatiu Moldovan, un riesgo para el Oviedo y un problema para el Atl\u00e9tico<\/p>\n<p>Moldovan aterriz\u00f3 en Asturias con el objetivo de competir por la titularidad con Escandell. El gran nivel del portero titular le ha cerrado la puerta por completo, <strong>participando \u00fanicamente en la bochornosa eliminaci\u00f3n<\/strong> en la Copa del Rey. Ahora, con el mercado invernal a la vuelta de la esquina, el rumano est\u00e1 por la labor de cambiar de aires.<\/p>\n<p>El Oviedo, sin mucho margen econ\u00f3mico para afrontar las incorporaciones que desea, ve con buenos ojos una salida que abre hueco,<strong> pero a su vez le obliga a asumir un riesgo<\/strong>. La llegada de un sustituto no es prioritaria, por lo que se cubrir\u00eda la salida de Horatiu con el ascenso de Miguel Narv\u00e1ez, del Vetusta.<\/p>\n<p>Si Atl\u00e9tico de Madrid y Oviedo llegan a un acuerdo para romper esta cesi\u00f3n, el movimiento generar\u00eda un problema extra en las oficinas del Metroplitano. Los colchoneros <strong>deber\u00edan buscar acomodo a Moldovan con el objetivo de revalorizarlo en el mercado<\/strong>. La citada fuente apunta a Italia como destino deseado por el guardameta.<\/p>\n","protected":false},"excerpt":{"rendered":"M\u00e1s noticias M\u00e1s de M\u00e1s noticias de Real Oviedo El mercado invernal de fichajes est\u00e1 a la vuelta&hellip;\n","protected":false},"author":2,"featured_media":270705,"comment_status":"","ping_status":"","sticky":false,"template":"","format":"standard","meta":{"footnotes":""},"categories":[268],"tags":[168,25,24,280,282,281,23,167],"class_list":{"0":"post-270704","1":"post","2":"type-post","3":"status-publish","4":"format-standard","5":"has-post-thumbnail","7":"category-futbol","8":"tag-deportes","9":"tag-es","10":"tag-espana","11":"tag-football","12":"tag-futbol","13":"tag-soccer","14":"tag-spain","15":"tag-sports"},"share_on_mastodon":{"url":"https:\/\/pubeurope.com\/@es\/115661298107870626","error":""},"_links":{"self":[{"href":"https:\/\/www.europesays.com\/es\/wp-json\/wp\/v2\/posts\/270704","targetHints":{"allow":["GET"]}}],"collection":[{"href":"https:\/\/www.europesays.com\/es\/wp-json\/wp\/v2\/posts"}],"about":[{"href":"https:\/\/www.europesays.com\/es\/wp-json\/wp\/v2\/types\/post"}],"author":[{"embeddable":true,"href":"https:\/\/www.europesays.com\/es\/wp-json\/wp\/v2\/users\/2"}],"replies":[{"embeddable":true,"href":"https:\/\/www.europesays.com\/es\/wp-json\/wp\/v2\/comments?post=270704"}],"version-history":[{"count":0,"href":"https:\/\/www.europesays.com\/es\/wp-json\/wp\/v2\/posts\/270704\/revisions"}],"wp:featuredmedia":[{"embeddable":true,"href":"https:\/\/www.europesays.com\/es\/wp-json\/wp\/v2\/media\/270705"}],"wp:attachment":[{"href":"https:\/\/www.europesays.com\/es\/wp-json\/wp\/v2\/media?parent=270704"}],"wp:term":[{"taxonomy":"category","embeddable":true,"href":"https:\/\/www.europesays.com\/es\/wp-json\/wp\/v2\/categories?post=270704"},{"taxonomy":"post_tag","embeddable":true,"href":"https:\/\/www.europesays.com\/es\/wp-json\/wp\/v2\/tags?post=270704"}],"curies":[{"name":"wp","href":"https:\/\/api.w.org\/{rel}","templated":true}]}}