{"id":270716,"date":"2025-12-04T12:36:19","date_gmt":"2025-12-04T12:36:19","guid":{"rendered":"https:\/\/www.europesays.com\/es\/270716\/"},"modified":"2025-12-04T12:36:19","modified_gmt":"2025-12-04T12:36:19","slug":"la-gripe-acelera-su-ascenso-en-espana-y-casi-duplica-su-incidencia-en-la-ultima-semana","status":"publish","type":"post","link":"https:\/\/www.europesays.com\/es\/270716\/","title":{"rendered":"La gripe acelera su ascenso en Espa\u00f1a y casi duplica su incidencia en la \u00faltima semana"},"content":{"rendered":"<p>            <a href=\"https:\/\/gacetamedica.com\/wp-content\/uploads\/2025\/12\/GettyImages-2155547594-e1764848037191.jpg\" data-caption=\"\" rel=\"nofollow noopener\" target=\"_blank\"><img loading=\"lazy\" decoding=\"async\" width=\"696\" height=\"464\" class=\"entry-thumb td-modal-image\" src=\"https:\/\/www.europesays.com\/es\/wp-content\/uploads\/2025\/12\/GettyImages-2155547594-696x464.jpg\"   alt=\"gripe\" title=\"\"\/><\/a><\/p>\n<p>La circulaci\u00f3n de los virus respiratorios contin\u00faa en aumento en Espa\u00f1a, impulsada principalmente por la gripe, seg\u00fan el \u00faltimo informe del Sistema de Vigilancia de Infecci\u00f3n Respiratoria Aguda (<a href=\"https:\/\/docsivira.isciii.es\/informe_semanal_SiVIRA_202548.html\" data-type=\"link\" data-id=\"https:\/\/docsivira.isciii.es\/informe_semanal_SiVIRA_202548.html\" target=\"_blank\" rel=\"noreferrer noopener nofollow\">SiVIRA<\/a>). Los datos correspondientes a la semana 48 de 2025 confirman que la actividad gripal ha superado el umbral epid\u00e9mico en Atenci\u00f3n Primaria y avanza con mayor intensidad tambi\u00e9n en los hospitales, mientras que SARS-CoV-2 y el virus respiratorio sincitial (VRS) mantienen una presencia menor pero al alza.<\/p>\n<p><strong>La gripe impulsa el incremento de las infecciones en Atenci\u00f3n Primaria<\/strong><\/p>\n<p>La tasa de <strong>infecciones respiratorias agudas (IRAs)<\/strong> en Atenci\u00f3n Primaria alcanza ya los 643 casos por 100.000 habitantes, frente a los 521,3 de la semana anterior. Esta escalada confirma la entrada en fase epid\u00e9mica desde la semana 39, aunque con una intensidad catalogada como baja. Dentro del conjunto de IRAs, la gripe es el virus que m\u00e1s est\u00e1 creciendo.<\/p>\n<p>El <strong>s\u00edndrome gripal casi se ha duplicado en una semana<\/strong>, pasando de 41 a 75,3 casos por 100.000 habitantes, tras rebasar el umbral epid\u00e9mico en la semana 47. Adem\u00e1s, el porcentaje de pruebas positivas para gripe asciende del 23% al 26,5%, un indicador claro de que el virus sigue ganando terreno.<\/p>\n<p><img fetchpriority=\"high\" decoding=\"async\" width=\"901\" height=\"491\" src=\"https:\/\/www.europesays.com\/es\/wp-content\/uploads\/2025\/12\/1764851777_809_image-3.png\" alt=\"\" class=\"wp-image-224127\"  \/><strong>Fuente: SiVIRA.<\/strong><\/p>\n<p>Esto se refleja de forma a\u00fan m\u00e1s evidente en el proxy de incidencia de<a href=\"https:\/\/gacetamedica.com\/politica\/vacunacion-gripe-reclaman-proactividad-accesibilidad-proteger-vulnerables\/\" data-type=\"link\" data-id=\"https:\/\/gacetamedica.com\/politica\/vacunacion-gripe-reclaman-proactividad-accesibilidad-proteger-vulnerables\/\" target=\"_blank\" rel=\"noreferrer noopener nofollow\"> la gripe<\/a>\u2014que combina tasas de IRA y positividad\u2014, que se sit\u00faa en <strong>170,4 casos por 100.000 habitantes<\/strong>, frente a los 119,9 registrados la semana previa.<\/p>\n<p><strong>COVID-19 y VRS: actividad baja, pero tendencia ascendente<\/strong><\/p>\n<p>Aunque la gripe domina el escenario v\u00edrico, los otros dos pat\u00f3genos de mayor vigilancia \u2014SARS-CoV-2 y VRS\u2014 tambi\u00e9n experimentan un incremento, aunque mucho m\u00e1s discreto.<\/p>\n<p>La tasa de s\u00edndrome COVID-19 sube ligeramente a <strong>3,6 casos por 100.000 habitantes<\/strong>, y el porcentaje de positividad se duplica del 0,9% al 1,8%. El proxy de COVID-19, en consecuencia, pasa de 4,7 a <strong>11,6 casos por 100.000 habitantes<\/strong>, aunque los niveles siguen siendo bajos en comparaci\u00f3n con temporadas anteriores.<\/p>\n<p>Por su parte, <a href=\"https:\/\/gacetamedica.com\/politica\/deberiamos-abrir-cohortes-vacunacion-vrs\/\" data-type=\"link\" data-id=\"https:\/\/gacetamedica.com\/politica\/deberiamos-abrir-cohortes-vacunacion-vrs\/\" target=\"_blank\" rel=\"noreferrer noopener nofollow\">el VRS<\/a> \u2014virus especialmente relevante en pediatr\u00eda\u2014 mantiene un incremento moderado. El porcentaje de positividad sube del 3,5% al <strong>4%<\/strong>, y su proxy de incidencia crece hasta <strong>25,7 casos por 100.000 habitantes<\/strong>, frente a los 18,2 de la semana anterior. Las bronquitis y bronquiolitis en menores de cinco a\u00f1os tambi\u00e9n contin\u00faan en ascenso, alcanzando <strong>384,1 casos por 100.000<\/strong>, un aumento marcado respecto a los 317,8 de la semana previa.<\/p>\n<p><img loading=\"lazy\" decoding=\"async\" width=\"913\" height=\"483\" src=\"https:\/\/www.europesays.com\/es\/wp-content\/uploads\/2025\/12\/image-4.png\" alt=\"\" class=\"wp-image-224129\"  \/><strong>Fuente: SiVIRA<\/strong>.<\/p>\n<p><strong>Aumentan tambi\u00e9n las hospitalizaciones por IRAG<\/strong><\/p>\n<p>En los hospitales la tendencia es similar: la gripe es el virus que m\u00e1s contribuye al aumento de casos graves. La tasa global de hospitalizaci\u00f3n por infecci\u00f3n respiratoria aguda grave (IRAG) asciende a <strong>15,5 casos por 100.000 habitantes<\/strong>, desde los 12,9 de la semana anterior.<\/p>\n<p>El porcentaje de positividad para gripe en pacientes hospitalizados sube de manera notable, <strong>del 19,1% al<\/strong> <strong>25,1%<\/strong>, mientras que los proxies indican que la tasa de hospitalizaci\u00f3n atribuible al virus se incrementa hasta <strong>3,9 casos por 100.000 habitantes<\/strong>, frente a los 2,5 de la semana previa.<\/p>\n<p><img loading=\"lazy\" decoding=\"async\" width=\"907\" height=\"492\" src=\"https:\/\/www.europesays.com\/es\/wp-content\/uploads\/2025\/12\/image-5.png\" alt=\"\" class=\"wp-image-224133\" style=\"width:907px;height:auto\"  \/><strong>Fuente: SiVIRA.<\/strong><\/p>\n<p>Desde el inicio de la temporada (semana 40\/2024), los casos hospitalizados por gripe han presentado una <strong>letalidad del 4,9%<\/strong>, un 21,5% de neumon\u00edas asociadas y un 4,1% de ingresos en UCI.<\/p>\n<p>En el caso del COVID-19, el escenario es distinto: aunque la positividad desciende del 4,7% al <strong>2,3%<\/strong>, el virus mantiene cierta presencia hospitalaria. El proxy de hospitalizaci\u00f3n se sit\u00faa en <strong>0,4 casos por 100.000 habitantes<\/strong>, algo por debajo de la semana anterior. Desde el inicio de temporada, el 23% de estos casos han desarrollado neumon\u00eda, un 2,5% han requerido UCI y la letalidad alcanza el <strong>10,1%<\/strong>, muy superior a la observada en gripe y VRS.<\/p>\n<p>El VRS muestra un incremento relevante en su impacto hospitalario: la positividad en ingresados sube del 6,5% al <strong>10,7%<\/strong>, y el proxy de hospitalizaci\u00f3n se duplica, alcanzando <strong>1,7 casos por 100.000 habitantes<\/strong>. Aunque presenta un porcentaje elevado de ingresos en UCI desde el inicio de temporada (12,7%), la letalidad contin\u00faa siendo <strong>0%<\/strong>.<\/p>\n<p>Con la llegada del invierno, los datos de SiVIRA confirman que Espa\u00f1a entra en una fase clara de aumento de circulaci\u00f3n respiratoria, marcada sobre todo por el ascenso de la gripe tanto en Atenci\u00f3n Primaria como en los hospitales. Aunque COVID-19 y VRS contin\u00faan en niveles bajos o moderados, ambos muestran tambi\u00e9n tendencias al alza que justifican la vigilancia estrecha, especialmente en los grupos de riesgo.<\/p>\n<p><strong>Tambi\u00e9n te puede interesar\u2026<\/strong><\/p>\n","protected":false},"excerpt":{"rendered":"La circulaci\u00f3n de los virus respiratorios contin\u00faa en aumento en Espa\u00f1a, impulsada principalmente por la gripe, seg\u00fan el&hellip;\n","protected":false},"author":2,"featured_media":270717,"comment_status":"","ping_status":"","sticky":false,"template":"","format":"standard","meta":{"footnotes":""},"categories":[92],"tags":[25,24,165,166,23],"class_list":{"0":"post-270716","1":"post","2":"type-post","3":"status-publish","4":"format-standard","5":"has-post-thumbnail","7":"category-salud","8":"tag-es","9":"tag-espana","10":"tag-health","11":"tag-salud","12":"tag-spain"},"share_on_mastodon":{"url":"https:\/\/pubeurope.com\/@es\/115661333784773918","error":""},"_links":{"self":[{"href":"https:\/\/www.europesays.com\/es\/wp-json\/wp\/v2\/posts\/270716","targetHints":{"allow":["GET"]}}],"collection":[{"href":"https:\/\/www.europesays.com\/es\/wp-json\/wp\/v2\/posts"}],"about":[{"href":"https:\/\/www.europesays.com\/es\/wp-json\/wp\/v2\/types\/post"}],"author":[{"embeddable":true,"href":"https:\/\/www.europesays.com\/es\/wp-json\/wp\/v2\/users\/2"}],"replies":[{"embeddable":true,"href":"https:\/\/www.europesays.com\/es\/wp-json\/wp\/v2\/comments?post=270716"}],"version-history":[{"count":0,"href":"https:\/\/www.europesays.com\/es\/wp-json\/wp\/v2\/posts\/270716\/revisions"}],"wp:featuredmedia":[{"embeddable":true,"href":"https:\/\/www.europesays.com\/es\/wp-json\/wp\/v2\/media\/270717"}],"wp:attachment":[{"href":"https:\/\/www.europesays.com\/es\/wp-json\/wp\/v2\/media?parent=270716"}],"wp:term":[{"taxonomy":"category","embeddable":true,"href":"https:\/\/www.europesays.com\/es\/wp-json\/wp\/v2\/categories?post=270716"},{"taxonomy":"post_tag","embeddable":true,"href":"https:\/\/www.europesays.com\/es\/wp-json\/wp\/v2\/tags?post=270716"}],"curies":[{"name":"wp","href":"https:\/\/api.w.org\/{rel}","templated":true}]}}