{"id":270734,"date":"2025-12-04T12:51:10","date_gmt":"2025-12-04T12:51:10","guid":{"rendered":"https:\/\/www.europesays.com\/es\/270734\/"},"modified":"2025-12-04T12:51:10","modified_gmt":"2025-12-04T12:51:10","slug":"inaki-lopez-sobre-el-feo-gesto-de-vinicius-en-san-mames-tambien-en-la-victoria-hay-que-saber-comportarse","status":"publish","type":"post","link":"https:\/\/www.europesays.com\/es\/270734\/","title":{"rendered":"I\u00f1aki L\u00f3pez sobre el feo gesto de Vinicius en San Mam\u00e9s: \u00abTambi\u00e9n en la victoria hay que saber comportarse\u00bb"},"content":{"rendered":"<p class=\"v-mdl-ath__p v-mdl-ath__p--6\">\nJueves, 4 de diciembre 2025, 09:15<\/p>\n<p class=\"v-p\">I\u00f1aki L\u00f3pez no ha dudado en reaccionar, de forma tajante, al <a href=\"https:\/\/www.elcorreo.com\/athletic\/fea-actitud-vinicius-aficion-athletic-partido-20251203205828-nt.html\" target=\"_blank\" title=\"La fea actitud de Vinicius con la afici\u00f3n del Athletic durante el partido\" data-voc-vtm-id=\"in-text-traffic\" data-mrf-link=\"www.elcorreo.com\" rel=\"nofollow noopener\">feo gesto que Vinicius Junior<\/a> tuvo este mi\u00e9rcoles en San Mam\u00e9s con la afici\u00f3n del Athletic. A pesar de ir ganando, en la segunda parte del partido, el delantero del Real Madrid se burl\u00f3 de la grada, indicando con sus dedos los tres goles en el marcador de su equipo. \u00abUn, dos, tres\u00bb, dijo en el c\u00e9sped en referencia a las dianas que hab\u00eda conseguido su escuadra y que captaron las c\u00e1maras de televisi\u00f3n.<\/p>\n<p class=\"v-p\">Un comportamiento que ha ofendido al presentador vizca\u00edno, que es un ac\u00e9rrimo hincha rojiblanco. \u00abTambi\u00e9n en la victoria hay que saber comportarse y respetar el escudo que luces\u00bb, ha escrito en X (antes Twitter), el periodista de La Sexta, que no acierta a entender c\u00f3mo un jugador profesional de \u00e9lite, a pesar de los pitos recibidos -como fue el caso-, se comporta de esta manera.<\/p>\n<p class=\"v-p\">No fue el \u00fanico gesto que llam\u00f3 la atenci\u00f3n del brasile\u00f1o en San Mam\u00e9s. Tambi\u00e9n cuando fue sustituido. En este caso, ni se inmut\u00f3 a la sonora pitada de la grada, pero el abrazo que se dio con Xabi Alonso supone escenificar la paz entre ambos despu\u00e9s de la pol\u00e9mica por su cambio ante el Barcelona. <\/p>\n<blockquote class=\"twitter-tweet\">\n<p lang=\"es\" dir=\"ltr\">Tambi\u00e9n en la victoria hay que saber comportarse y respetar el escudo que luces.<\/p>\n<p>\u2014 I\u00f1aki L\u00f3pez (@_InakiLopez_) <a href=\"https:\/\/twitter.com\/_InakiLopez_\/status\/1996327762856984645?ref_src=twsrc%5Etfw\" rel=\"nofollow noopener\" target=\"_blank\">December 3, 2025<\/a><\/p><\/blockquote>\n<p class=\"v-p\">Fueron algunas de las an\u00e9cdotas de un partido mediocre por parte de los rojiblancos que sucumbieron con claridad ante la superioridad blanca. Mbapp\u00e9 firm\u00f3 los tres tantos de la victoria. Para leer la cr\u00f3nica del partido pincha en este <a href=\"https:\/\/www.elcorreo.com\/athletic\/athletic-real-madrid-liga-ea-sports-jornada-19-20251203092437-nt.html\" target=\"_blank\" title=\"El Real Madrid gana silbando en San Mam\u00e9s\" data-voc-vtm-id=\"in-text-traffic\" data-mrf-link=\"www.elcorreo.com\" rel=\"nofollow noopener\">art\u00edculo <\/a>de Jon Agiriano.<\/p>\n<p>Reporta un error<\/p>\n<p><script async src=\"https:\/\/platform.twitter.com\/widgets.js\" charset=\"utf-8\"><\/script><\/p>\n","protected":false},"excerpt":{"rendered":"Jueves, 4 de diciembre 2025, 09:15 I\u00f1aki L\u00f3pez no ha dudado en reaccionar, de forma tajante, al feo&hellip;\n","protected":false},"author":2,"featured_media":270735,"comment_status":"","ping_status":"","sticky":false,"template":"","format":"standard","meta":{"footnotes":""},"categories":[268],"tags":[20142,2182,21714,168,25,24,280,282,6616,5079,7355,23980,3048,2228,281,23,167,13334],"class_list":{"0":"post-270734","1":"post","2":"type-post","3":"status-publish","4":"format-standard","5":"has-post-thumbnail","7":"category-futbol","8":"tag-afea","9":"tag-athletic","10":"tag-comportamiento","11":"tag-deportes","12":"tag-es","13":"tag-espana","14":"tag-football","15":"tag-futbol","16":"tag-inaki","17":"tag-la-sexta","18":"tag-lopez","19":"tag-mames","20":"tag-real-madrid","21":"tag-san","22":"tag-soccer","23":"tag-spain","24":"tag-sports","25":"tag-vinicius"},"share_on_mastodon":{"url":"https:\/\/pubeurope.com\/@es\/115661392249225678","error":""},"_links":{"self":[{"href":"https:\/\/www.europesays.com\/es\/wp-json\/wp\/v2\/posts\/270734","targetHints":{"allow":["GET"]}}],"collection":[{"href":"https:\/\/www.europesays.com\/es\/wp-json\/wp\/v2\/posts"}],"about":[{"href":"https:\/\/www.europesays.com\/es\/wp-json\/wp\/v2\/types\/post"}],"author":[{"embeddable":true,"href":"https:\/\/www.europesays.com\/es\/wp-json\/wp\/v2\/users\/2"}],"replies":[{"embeddable":true,"href":"https:\/\/www.europesays.com\/es\/wp-json\/wp\/v2\/comments?post=270734"}],"version-history":[{"count":0,"href":"https:\/\/www.europesays.com\/es\/wp-json\/wp\/v2\/posts\/270734\/revisions"}],"wp:featuredmedia":[{"embeddable":true,"href":"https:\/\/www.europesays.com\/es\/wp-json\/wp\/v2\/media\/270735"}],"wp:attachment":[{"href":"https:\/\/www.europesays.com\/es\/wp-json\/wp\/v2\/media?parent=270734"}],"wp:term":[{"taxonomy":"category","embeddable":true,"href":"https:\/\/www.europesays.com\/es\/wp-json\/wp\/v2\/categories?post=270734"},{"taxonomy":"post_tag","embeddable":true,"href":"https:\/\/www.europesays.com\/es\/wp-json\/wp\/v2\/tags?post=270734"}],"curies":[{"name":"wp","href":"https:\/\/api.w.org\/{rel}","templated":true}]}}