{"id":270754,"date":"2025-12-04T13:02:16","date_gmt":"2025-12-04T13:02:16","guid":{"rendered":"https:\/\/www.europesays.com\/es\/270754\/"},"modified":"2025-12-04T13:02:16","modified_gmt":"2025-12-04T13:02:16","slug":"jose-elias-empresario-nos-hemos-vuelto-un-pais-totalmente-dependiente","status":"publish","type":"post","link":"https:\/\/www.europesays.com\/es\/270754\/","title":{"rendered":"Jos\u00e9 El\u00edas, empresario: \u201cNos hemos vuelto un pa\u00eds totalmente dependiente\u201d"},"content":{"rendered":"<p class=\"\"><a href=\"https:\/\/as.com\/actualidad\/sociedad\/jose-elias-empresario-deja-de-complicarte-la-vida-con-tu-idea-de-negocio-vende-patatas-f202511-n\/\" target=\"_self\" rel=\"nofollow noopener\" title=\"https:\/\/as.com\/actualidad\/sociedad\/jose-elias-empresario-deja-de-complicarte-la-vida-con-tu-idea-de-negocio-vende-patatas-f202511-n\/\"><b>Jos\u00e9 El\u00edas Navarro<\/b><\/a>, empresario y accionista de algunas empresas, como<b> Audax Renovables o la cadena de supermercados La Sirena<\/b>, ha vuelto a publicar otra de sus comentadas <b>reflexiones<\/b> sobre el mundo de la industria. Lo hace tras regresar de su viaje de <b>China<\/b>, en el que ha comenzado a entender \u201cpor qu\u00e9 <b>estamos (Espa\u00f1a) en la ruina<\/b>\u201d.<\/p>\n<p class=\"\">El multimillonario, presente en la <b>lista Forbes de los m\u00e1s ricos<\/b>, asegura haber vuelto <b>\u201cjodidamente preocupado\u201d<\/b> tras lo visto en el pa\u00eds asi\u00e1tico. Un viaje tras el que, despu\u00e9s de su experiencia, critica que<b> en Espa\u00f1a \u201cya no tenemos capacidad de producci\u00f3n<\/b>. Nos dicen que aqu\u00ed estamos en el mejor momento. Pero mi sensaci\u00f3n al volver de China es que <b>estamos muertos<\/b>\u201d.<\/p>\n<p class=\"\">Y, como muestra, pide hacer un ejercicio visual: <b>darnos una vuelta por cualquier pol\u00edgono industrial del pa\u00eds<\/b>. Unos lugares en los que, a\u00f1ade,<b> \u201cantes se fabricaban cosas. Ahora solo ves almacenes y restaurantes\u201d<\/b>. En lugar de tener un fuerte tejido productivo, Navarro critica que ahora se compra todo fuera. \u201cNos est\u00e1 pasando una <b>factura car\u00edsima<\/b>\u201d.<\/p>\n<p>No hay relevo generacional<\/p>\n<p class=\"\">Otra de las cr\u00edticas que vierte contra el <b>tejido industrial nacional <\/b>es la falta de relevo generacional en algunos oficios t\u00e9cnicos, pues cada vez se cuentan con menos <a href=\"https:\/\/as.com\/actualidad\/economia\/leticia-poole-economista-gana-mas-el-instalador-del-aire-acondicionado-que-un-ingeniero-f202512-n\/\" target=\"_self\" rel=\"nofollow noopener\" title=\"https:\/\/as.com\/actualidad\/economia\/leticia-poole-economista-gana-mas-el-instalador-del-aire-acondicionado-que-un-ingeniero-f202512-n\/\">fontaneros, electricistas u obreros<\/a>, entre otros. Y pone de ejemplo el sector de los <b>torneros y fresadores<\/b>. \u201cTienen m\u00e1s de 50 a\u00f1os. Dentro de diez, nadie sabr\u00e1 hacer un molde o una matriz.<b> Cuando esa generaci\u00f3n se jubile, se acab\u00f3<\/b>\u201d, lamenta.<\/p>\n<blockquote class=\"twitter-tweet\">\n<p lang=\"es\" dir=\"ltr\">Vengo de China jodidamente preocupado.<\/p>\n<p>Ahora entiendo por qu\u00e9 estamos en la ruina.<\/p>\n<p>Nos dicen que aqu\u00ed estamos en el mejor momento. Pero mi sensaci\u00f3n al volver de China es que estamos muertos.<\/p>\n<p>En Espa\u00f1a ya no tenemos capacidad de producci\u00f3n.<\/p>\n<p>Date una vuelta por cualquier\u2026<\/p>\n<p>\u2014 Jose El\u00edas Navarro (@jose_elias_nvr) <a href=\"https:\/\/twitter.com\/jose_elias_nvr\/status\/1996156063649821164?ref_src=twsrc%5Etfw\" rel=\"nofollow noopener\" target=\"_blank\">December 3, 2025<\/a><\/p><\/blockquote>\n<p class=\"\">Para el empresario, Espa\u00f1a se ha convertido en <b>un pa\u00eds totalmente dependiente<\/b>, que solo produce lo que caduca r\u00e1pido. \u201cComo las fresas, porque no da tiempo a traerlas en barco.<b> Para todo lo dem\u00e1s, dependemos de China. Ellos tienen la tecnolog\u00eda, los m\u00f3viles y los ordenadores<\/b>. Y est\u00e1n encantados de que seamos as\u00ed de dependientes\u201d.<\/p>\n<p>Noticias relacionadas<a href=\"https:\/\/as.com\/actualidad\/sociedad\/la-dgt-lo-confirma-si-te-quedas-tirado-con-el-coche-en-la-carretera-la-baliza-v-16-no-compartira-tus-datos-personales-f202512-n\/\" class=\"s_m_w\" title=\"El dispositivo de emergencia que sustituir\u00e1 a los tradicionales tri\u00e1ngulos reduce el riesgo de atropello.\" data-tb-link=\"\" rel=\"nofollow noopener\" target=\"_blank\"><img decoding=\"async\" src=\"https:\/\/www.europesays.com\/es\/wp-content\/uploads\/2025\/12\/IBYNEJBLFJG3DHD2RAMWDFUECU.png\" alt=\"La DGT lo confirma: si te quedas tirado con el coche en la carretera, la baliza V-16 no compartir\u00e1 tus datos personales\" class=\"\" height=\"9\" width=\"16\"   loading=\"lazy\" data-tb-thumbnail=\"\"\/><\/a><a href=\"https:\/\/as.com\/actualidad\/sociedad\/el-cambio-que-hara-hacienda-con-bizum-a-partir-del-1-de-enero-de-2026-y-afectara-a-millones-de-espanoles-f202512-n\/\" class=\"s_m_w\" title=\"Ser\u00e1 ese d\u00eda cuando entre en vigor el Real Decreto 253\/2025, que permitir\u00e1 a la Agencia Tributaria acceder a las transferencias realizadas mediante Bizum de empresas y aut\u00f3nomos.\" data-tb-link=\"\" rel=\"nofollow noopener\" target=\"_blank\"><img decoding=\"async\" src=\"https:\/\/www.europesays.com\/es\/wp-content\/uploads\/2025\/12\/1764853336_188_MCMPJGIFMJFENHE2S5KF6PTMAA.jpg\" alt=\"El cambio que har\u00e1 Hacienda con Bizum a partir del 1 de enero de 2026 y afectar\u00e1 a millones de espa\u00f1oles\" class=\"\" height=\"9\" width=\"16\"   loading=\"lazy\" data-tb-thumbnail=\"\"\/><\/a><\/p>\n<p class=\"\">Y concluye haciendo una <b>defensa de la capacidad nacional para fabricar<\/b>, animando a preservarla y alejarse de la dependencia de terceros pa\u00edses. \u201cPorque un pa\u00eds que no produce nada <b>es un pa\u00eds sin futuro<\/b>. Aunque nos digan que vamos bien\u201d.<\/p>\n<p class=\"\"><b>\u00a1Tus opiniones importan!<\/b> Comenta en los art\u00edculos y suscr\u00edbete gratis a nuestra <a href=\"https:\/\/asfan.as.com\/newsletters\/\" target=\"_blank\" rel=\"nofollow noopener\" title=\"https:\/\/asfan.as.com\/newsletters\/\">newsletter<\/a> y a las alertas informativas en la <a href=\"https:\/\/as.com\/aplicacion-de-as-n\/\" target=\"_blank\" rel=\"nofollow noopener\" title=\"https:\/\/as.com\/aplicacion-de-as-n\/\">App<\/a> o el canal de <a href=\"https:\/\/www.whatsapp.com\/channel\/0029VaAasdA7j6g745nz9M10\" target=\"_blank\" rel=\"nofollow noopener\" title=\"https:\/\/www.whatsapp.com\/channel\/0029VaAasdA7j6g745nz9M10\">WhatsApp<\/a>. \u00bfBuscas licenciar contenido? Haz clic <a href=\"https:\/\/profesional.elpais.com\/soluciones-sindicacion?utm_medium=interno&amp;utm_source=crosslinking&amp;utm_campaign=sindicacion_as_pie_articulos\" target=\"_blank\" rel=\"nofollow noopener\" title=\"https:\/\/profesional.elpais.com\/soluciones-sindicacion?utm_medium=interno&amp;utm_source=crosslinking&amp;utm_campaign=sindicacion_as_pie_articulos\">aqu\u00ed<\/a><\/p>\n<p><script async src=\"https:\/\/platform.twitter.com\/widgets.js\" charset=\"utf-8\"><\/script><\/p>\n","protected":false},"excerpt":{"rendered":"Jos\u00e9 El\u00edas Navarro, empresario y accionista de algunas empresas, como Audax Renovables o la cadena de supermercados La&hellip;\n","protected":false},"author":2,"featured_media":270755,"comment_status":"","ping_status":"","sticky":false,"template":"","format":"standard","meta":{"footnotes":""},"categories":[80],"tags":[82,95,94,25,24,23],"class_list":{"0":"post-270754","1":"post","2":"type-post","3":"status-publish","4":"format-standard","5":"has-post-thumbnail","7":"category-economia","8":"tag-business","9":"tag-economia","10":"tag-economy","11":"tag-es","12":"tag-espana","13":"tag-spain"},"share_on_mastodon":{"url":"https:\/\/pubeurope.com\/@es\/115661435711794385","error":""},"_links":{"self":[{"href":"https:\/\/www.europesays.com\/es\/wp-json\/wp\/v2\/posts\/270754","targetHints":{"allow":["GET"]}}],"collection":[{"href":"https:\/\/www.europesays.com\/es\/wp-json\/wp\/v2\/posts"}],"about":[{"href":"https:\/\/www.europesays.com\/es\/wp-json\/wp\/v2\/types\/post"}],"author":[{"embeddable":true,"href":"https:\/\/www.europesays.com\/es\/wp-json\/wp\/v2\/users\/2"}],"replies":[{"embeddable":true,"href":"https:\/\/www.europesays.com\/es\/wp-json\/wp\/v2\/comments?post=270754"}],"version-history":[{"count":0,"href":"https:\/\/www.europesays.com\/es\/wp-json\/wp\/v2\/posts\/270754\/revisions"}],"wp:featuredmedia":[{"embeddable":true,"href":"https:\/\/www.europesays.com\/es\/wp-json\/wp\/v2\/media\/270755"}],"wp:attachment":[{"href":"https:\/\/www.europesays.com\/es\/wp-json\/wp\/v2\/media?parent=270754"}],"wp:term":[{"taxonomy":"category","embeddable":true,"href":"https:\/\/www.europesays.com\/es\/wp-json\/wp\/v2\/categories?post=270754"},{"taxonomy":"post_tag","embeddable":true,"href":"https:\/\/www.europesays.com\/es\/wp-json\/wp\/v2\/tags?post=270754"}],"curies":[{"name":"wp","href":"https:\/\/api.w.org\/{rel}","templated":true}]}}