{"id":270756,"date":"2025-12-04T13:03:09","date_gmt":"2025-12-04T13:03:09","guid":{"rendered":"https:\/\/www.europesays.com\/es\/270756\/"},"modified":"2025-12-04T13:03:09","modified_gmt":"2025-12-04T13:03:09","slug":"dimite-federica-mogherini-como-rectora-del-colegio-europa-por-el-caso-de-presunta-corrupcion-en-la-formacion-de-diplomaticos-internacional","status":"publish","type":"post","link":"https:\/\/www.europesays.com\/es\/270756\/","title":{"rendered":"Dimite Federica Mogherini como rectora del Colegio Europa por el caso de presunta corrupci\u00f3n en la formaci\u00f3n de diplom\u00e1ticos | Internacional"},"content":{"rendered":"<p class=\"\">La ex alta representante de la Uni\u00f3n Europea Federica Mogherini ha anunciado este jueves su dimisi\u00f3n como rectora del Colegio de Europa en Brujas despu\u00e9s de haber sido imputado por delitos de fraude y corrupci\u00f3n en contrataci\u00f3n p\u00fablica. \u00abEstoy segura de que la comunidad universitaria en nuestros tres campus continuar\u00e1 el camino hacia la innovaci\u00f3n y la excelencia que hemos trazado juntos durante estos \u00faltimos maravillosos cinco a\u00f1os\u00bb, <a href=\"https:\/\/www.coleurope.eu\/statement-mrs-federica-mogherini-rector-college-europe-0\" target=\"_self\" rel=\"nofollow noopener\" title=\"https:\/\/www.coleurope.eu\/statement-mrs-federica-mogherini-rector-college-europe-0\">ha manifestado Mogherini en un comunicado<\/a>.<\/p>\n<p class=\"\">La que fuera jefa de la diplomacia europea (2014-2019) <a href=\"https:\/\/elpais.com\/internacional\/2025-12-03\/imputada-federica-mogherini-por-fraude-y-corrupcion-en-el-caso-de-la-formacion-de-diplomaticos.html\" target=\"_self\" rel=\"nofollow noopener\" title=\"https:\/\/elpais.com\/internacional\/2025-12-03\/imputada-federica-mogherini-por-fraude-y-corrupcion-en-el-caso-de-la-formacion-de-diplomaticos.html\">fue imputada este mi\u00e9rcoles en el marco de una investigaci\u00f3n abierta en torno al presunto fraude en la creaci\u00f3n de una academia diplom\u00e1tica europea<\/a>. En el caso tambi\u00e9n est\u00e1 formalmente acusado Stefano Sannino, director general del departamento de Oriente Pr\u00f3ximo y Norte de \u00c1frica en la Comisi\u00f3n Europea, y que tras los hechos ha decidido abandonar el cargo. <\/p>\n<p class=\"\">El tercer imputado es un responsable m\u00e1s del Colegio de Europa, seg\u00fan ha confirmado la Fiscal\u00eda Europea (EPPO, por sus siglas en ingl\u00e9s) este mi\u00e9rcoles. \u201cTengo plena confianza en el sistema judicial y conf\u00edo en que se compruebe la correcci\u00f3n de las acciones del Colegio\u201d, dijo este mi\u00e9rcoles la diplom\u00e1tica italiana, sin revelar sus intenciones respecto a su futuro personal y profesional. <\/p>\n","protected":false},"excerpt":{"rendered":"La ex alta representante de la Uni\u00f3n Europea Federica Mogherini ha anunciado este jueves su dimisi\u00f3n como rectora&hellip;\n","protected":false},"author":2,"featured_media":270757,"comment_status":"","ping_status":"","sticky":false,"template":"","format":"standard","meta":{"footnotes":""},"categories":[42],"tags":[17,18,767,15229,2026,13,14,66155,16945,11,61,62,63,64,19,20,9,10,15,16,15488,12,21,22,1617,65,66,67],"class_list":{"0":"post-270756","1":"post","2":"type-post","3":"status-publish","4":"format-standard","5":"has-post-thumbnail","7":"category-internacional","8":"tag-breaking-news","9":"tag-breakingnews","10":"tag-corrupcion","11":"tag-diplomacia","12":"tag-educacion","13":"tag-featured-news","14":"tag-featurednews","15":"tag-federica-mogherini","16":"tag-fraudes","17":"tag-headlines","18":"tag-internacional","19":"tag-international","20":"tag-international-news","21":"tag-internationalnews","22":"tag-latest-news","23":"tag-latestnews","24":"tag-news","25":"tag-noticias","26":"tag-noticias-destacadas","27":"tag-noticiasdestacadas","28":"tag-politica-exterior","29":"tag-titulares","30":"tag-ultimas-noticias","31":"tag-ultimasnoticias","32":"tag-union-europea","33":"tag-world","34":"tag-world-news","35":"tag-worldnews"},"share_on_mastodon":{"url":"","error":"Validation failed: Text character limit of 500 exceeded"},"_links":{"self":[{"href":"https:\/\/www.europesays.com\/es\/wp-json\/wp\/v2\/posts\/270756","targetHints":{"allow":["GET"]}}],"collection":[{"href":"https:\/\/www.europesays.com\/es\/wp-json\/wp\/v2\/posts"}],"about":[{"href":"https:\/\/www.europesays.com\/es\/wp-json\/wp\/v2\/types\/post"}],"author":[{"embeddable":true,"href":"https:\/\/www.europesays.com\/es\/wp-json\/wp\/v2\/users\/2"}],"replies":[{"embeddable":true,"href":"https:\/\/www.europesays.com\/es\/wp-json\/wp\/v2\/comments?post=270756"}],"version-history":[{"count":0,"href":"https:\/\/www.europesays.com\/es\/wp-json\/wp\/v2\/posts\/270756\/revisions"}],"wp:featuredmedia":[{"embeddable":true,"href":"https:\/\/www.europesays.com\/es\/wp-json\/wp\/v2\/media\/270757"}],"wp:attachment":[{"href":"https:\/\/www.europesays.com\/es\/wp-json\/wp\/v2\/media?parent=270756"}],"wp:term":[{"taxonomy":"category","embeddable":true,"href":"https:\/\/www.europesays.com\/es\/wp-json\/wp\/v2\/categories?post=270756"},{"taxonomy":"post_tag","embeddable":true,"href":"https:\/\/www.europesays.com\/es\/wp-json\/wp\/v2\/tags?post=270756"}],"curies":[{"name":"wp","href":"https:\/\/api.w.org\/{rel}","templated":true}]}}