{"id":270790,"date":"2025-12-04T13:28:10","date_gmt":"2025-12-04T13:28:10","guid":{"rendered":"https:\/\/www.europesays.com\/es\/270790\/"},"modified":"2025-12-04T13:28:10","modified_gmt":"2025-12-04T13:28:10","slug":"el-recinto-amurallado-acoge-el-domingo-14-de-diciembre-el-vii-cross-nacional-aniversario-alcala-patrimonio-mundial","status":"publish","type":"post","link":"https:\/\/www.europesays.com\/es\/270790\/","title":{"rendered":"El Recinto Amurallado acoge el domingo 14 de diciembre el VII Cross Nacional Aniversario Alcal\u00e1 Patrimonio Mundial"},"content":{"rendered":"<p>El teniente de alcald\u00eda y presidente de Ciudad Deportiva Municipal, V\u00edctor Acosta, y los concejales de Deportes, Lola L\u00f3pez, y de Patrimonio Hist\u00f3rico, Vicente P\u00e9rez, han presentado esta ma\u00f1ana el VII Cross Nacional Aniversario Alcal\u00e1 Patrimonio Mundial, organizado por el Club Atletismo Cervantes y el Ayuntamiento de Alcal\u00e1 de Henares, dentro de los actos de celebraci\u00f3n del 27 Aniversario de la declaraci\u00f3n de la ciudad como Patrimonio Mundial. El acto tambi\u00e9n ha contado con la presencia del co-director del cross y miembro de la Junta Directiva del Club Atletismo Cervantes \u00c1ngel Plaza.<\/p>\n<p>Esta prueba se celebrar\u00e1 el pr\u00f3ximo domingo 14 de diciembre en el Recinto Amurallado. Se trata del \u00fanico cross del mundo que se celebra dentro de un Bien de Inter\u00e9s Cultural (BIC) en el Centro de una Ciudad Patrimonio de la Humanidad.<\/p>\n<p>V\u00edctor Acosta ha indicado durante la presentaci\u00f3n que \u201ccon m\u00e1s de 1.600 participantes el a\u00f1o pasado y corredores procedentes de todos los rincones de Espa\u00f1a, esperamos nuevamente una gran participaci\u00f3n. Cada zancada que se d\u00e9 el pr\u00f3ximo 14 de diciembre, representar\u00e1 el esfuerzo, la superaci\u00f3n y el esp\u00edritu colectivo que tanto identifica a Alcal\u00e1\u201d. \u201cDesde el Ayuntamiento de Alcal\u00e1 de Henares queremos trasladar nuestro agradecimiento al Club Atletismo Cervantes, as\u00ed como a los patrocinadores, voluntarios y a todas aquellas personas que hacen posible este gran d\u00eda. Sin vuestro trabajo, esta fiesta del deporte no ser\u00eda una realidad\u201d, ha a\u00f1adido.\u00a0<\/p>\n<p>Por su parte, Lola L\u00f3pez ha subrayado que \u201clos logros alcanzados son fruto del esfuerzo, tes\u00f3n y trabajo del Club Atletismo Cervantes que hace a\u00f1os imaginaron un espacio diferente y exclusivo para la celebraci\u00f3n de una prueba deportiva. Siete a\u00f1os despu\u00e9s pueden sentirse orgullosos de todo lo realizado. Invito a todos los alcala\u00ednos y a todos los atletas a que participen y disfruten de un cross \u00fanico, en un entorno \u00fanico y en una ciudad \u00fanica\u201d.<\/p>\n<p>Por su parte, Vicente P\u00e9rez, ha indicado que \u201ces importante ver c\u00f3mo los proyectos se consolidan y c\u00f3mo un cross, que empieza siendo un cross popular, pasa a ser un cross en el que empiezan a participar federados, campeones de Espa\u00f1a, excampeones de Espa\u00f1a, y que se convierte adem\u00e1s en un reclamo tambi\u00e9n deportivo, tur\u00edstico y patrimonial para la ciudad\u201d.<\/p>\n<p>En la pasada edici\u00f3n se bati\u00f3 el r\u00e9cord de participaci\u00f3n con m\u00e1s de 1.600 corredores de todas las edades y de distintas capacidades. La inscripci\u00f3n en las pruebas populares ser\u00e1 de 3 euros. La carrera tendr\u00e1 un car\u00e1cter solidario a beneficio del Club Atletismo Br\u00fajula para la Inclusi\u00f3n, con el prop\u00f3sito de promover y fomentar el atletismo inclusivo en Alcal\u00e1. Las inscripciones permanecer\u00e1n abiertas hasta el 9 de diciembre.<\/p>\n","protected":false},"excerpt":{"rendered":"El teniente de alcald\u00eda y presidente de Ciudad Deportiva Municipal, V\u00edctor Acosta, y los concejales de Deportes, Lola&hellip;\n","protected":false},"author":2,"featured_media":270791,"comment_status":"","ping_status":"","sticky":false,"template":"","format":"standard","meta":{"footnotes":""},"categories":[5],"tags":[16155,17,18,66516,25,24,13,14,11,19,20,63064,9,10,15,16,23,12,21,22,66517,66518],"class_list":{"0":"post-270790","1":"post","2":"type-post","3":"status-publish","4":"format-standard","5":"has-post-thumbnail","7":"category-titulares","8":"tag-alcala","9":"tag-breaking-news","10":"tag-breakingnews","11":"tag-cross-nacional-aniversario-alcala-patrimonio-mundial","12":"tag-es","13":"tag-espana","14":"tag-featured-news","15":"tag-featurednews","16":"tag-headlines","17":"tag-latest-news","18":"tag-latestnews","19":"tag-lola-lopez","20":"tag-news","21":"tag-noticias","22":"tag-noticias-destacadas","23":"tag-noticiasdestacadas","24":"tag-spain","25":"tag-titulares","26":"tag-ultimas-noticias","27":"tag-ultimasnoticias","28":"tag-vicente-perez","29":"tag-victor-acosta"},"share_on_mastodon":{"url":"https:\/\/pubeurope.com\/@es\/115661537462879117","error":""},"_links":{"self":[{"href":"https:\/\/www.europesays.com\/es\/wp-json\/wp\/v2\/posts\/270790","targetHints":{"allow":["GET"]}}],"collection":[{"href":"https:\/\/www.europesays.com\/es\/wp-json\/wp\/v2\/posts"}],"about":[{"href":"https:\/\/www.europesays.com\/es\/wp-json\/wp\/v2\/types\/post"}],"author":[{"embeddable":true,"href":"https:\/\/www.europesays.com\/es\/wp-json\/wp\/v2\/users\/2"}],"replies":[{"embeddable":true,"href":"https:\/\/www.europesays.com\/es\/wp-json\/wp\/v2\/comments?post=270790"}],"version-history":[{"count":0,"href":"https:\/\/www.europesays.com\/es\/wp-json\/wp\/v2\/posts\/270790\/revisions"}],"wp:featuredmedia":[{"embeddable":true,"href":"https:\/\/www.europesays.com\/es\/wp-json\/wp\/v2\/media\/270791"}],"wp:attachment":[{"href":"https:\/\/www.europesays.com\/es\/wp-json\/wp\/v2\/media?parent=270790"}],"wp:term":[{"taxonomy":"category","embeddable":true,"href":"https:\/\/www.europesays.com\/es\/wp-json\/wp\/v2\/categories?post=270790"},{"taxonomy":"post_tag","embeddable":true,"href":"https:\/\/www.europesays.com\/es\/wp-json\/wp\/v2\/tags?post=270790"}],"curies":[{"name":"wp","href":"https:\/\/api.w.org\/{rel}","templated":true}]}}