{"id":270804,"date":"2025-12-04T13:42:13","date_gmt":"2025-12-04T13:42:13","guid":{"rendered":"https:\/\/www.europesays.com\/es\/270804\/"},"modified":"2025-12-04T13:42:13","modified_gmt":"2025-12-04T13:42:13","slug":"una-nota-de-taylor-swift-al-fallecido-liam-payne-se-vende-por-8-500-euros","status":"publish","type":"post","link":"https:\/\/www.europesays.com\/es\/270804\/","title":{"rendered":"Una nota de Taylor Swift al fallecido Liam Payne se vende por 8.500 euros"},"content":{"rendered":"<p style=\"\">La \u00faltima reliquia del universo One Direction acaba de cambiar de manos. Una nota escrita a pu\u00f1o y letra por Taylor Swift para <a href=\"https:\/\/www.abc.es\/gente\/salen-luz-ultimas-horas-liam-payne-botellas-20241128133419-nt.html\" target=\"_self\" data-voc-vtm-id=\"in-text-traffic\" title=\"Liam Payne\" data-mrf-link=\"www.abc.es\" rel=\"nofollow noopener\">Liam Payne<\/a> en 2017 se vendi\u00f3 esta semana por <strong>7.500 libras <\/strong>(8.500 euros), convirti\u00e9ndose en uno de los  &#8230; objetos m\u00e1s comentados por los fans del cantante tras su muerte.<\/p>\n<p class=\"voc-p\" style=\"\">La misiva, adelantada por Omega Auctions, fue enviada a Liam antes de sus actuaciones en el Jingle Bell Ball de Capital FM en el O2 Arena de Londres. En apenas unas l\u00edneas, Swift condens\u00f3 un nivel de cercan\u00eda que sorprendi\u00f3 incluso a sus propios seguidores: \u00ab\u00a1Liam, tanto tiempo sin verte! Estoy tan emocionada por ti, la est\u00e1s rompiendo ah\u00ed afuera\u00bb, escribi\u00f3 sobre su papeler\u00eda personalizada, sellada con su ya ic\u00f3nico sello de cera con las iniciales TS.<\/p>\n<p class=\"voc-p\" style=\"\">La artista, entonces inmersa en su propia etapa pop fulgurante, no escatim\u00f3 elogios. Le confes\u00f3 que estaba <strong>\u00abobsesionada\u00bb<\/strong> con &#8216;Bedroom Floor&#8217;, uno de los singles de la primera etapa del Liam post-One Direction, y cerr\u00f3 el mensaje con una frase que ahora resuena de forma distinta: \u00abEs genial verte desde lejos y <strong>siempre estoy apoy\u00e1ndote<\/strong>. \u00a1Buena suerte esta noche!\u00bb.<\/p>\n<p class=\"voc-p\" style=\"\">Seg\u00fan la casa de subastas, la nota hab\u00eda sido regalada por Liam a un colaborador cercano. Su publicaci\u00f3n el mes pasado desat\u00f3 una oleada inmediata de reacciones. \u00abVoy a llorar hasta dormirme, gracias\u00bb, lamentaba un fan, mientras que otro no sal\u00eda de su asombro: \u00abNo ten\u00eda ni idea de que interactuaran. Nunca sabemos qu\u00e9 pasa detr\u00e1s del tel\u00f3n\u00bb.<\/p>\n<p class=\"voc-p\" style=\"\">La nota ofrece una ventana poco habitual a la relaci\u00f3n que ambos manten\u00edan lejos del foco medi\u00e1tico. Aunque nunca hablaron p\u00fablicamente de su amistad, Swift siempre se movi\u00f3 en los c\u00edrculos de la boyband. Sali\u00f3 con Harry Styles en 2012, fue vista con Niall Horan y Louis Tomlinson en la fiesta posterior a los Billboard de 2015 y colabor\u00f3 con Liam en 2016 en &#8216;I Don&#8217;t Wanna Live Forever&#8217;.<\/p>\n<p class=\"voc-p\" style=\"\">La subasta llega justo despu\u00e9s del primer aniversario de su muerte, en octubre de 2024, cuando una ca\u00edda desde el balc\u00f3n de un hotel en Buenos Aires termin\u00f3 con su vida. La autopsia confirm\u00f3 politraumatismos y la presencia de alcohol, coca\u00edna y antidepresivos prescritos.<\/p>\n<p class=\"voc-p\" style=\"\">En un contexto donde cada recuerdo suyo adquiere un peso emocional a\u00f1adido, el mensaje de Taylor Swift emergi\u00f3 como un recordatorio de la red de apoyos silenciosos que Liam tuvo durante a\u00f1os, y de la historia que nunca se cont\u00f3 del todo.<\/p>\n","protected":false},"excerpt":{"rendered":"La \u00faltima reliquia del universo One Direction acaba de cambiar de manos. Una nota escrita a pu\u00f1o y&hellip;\n","protected":false},"author":2,"featured_media":270805,"comment_status":"","ping_status":"","sticky":false,"template":"","format":"standard","meta":{"footnotes":""},"categories":[170],"tags":[66520,146,147,25,24,1557,2051,7229,184,185,17944,66519,23,20130,9274,5649],"class_list":{"0":"post-270804","1":"post","2":"type-post","3":"status-publish","4":"format-standard","5":"has-post-thumbnail","7":"category-musica","8":"tag-66520","9":"tag-entertainment","10":"tag-entretenimiento","11":"tag-es","12":"tag-espana","13":"tag-euros","14":"tag-fallecido","15":"tag-liam","16":"tag-music","17":"tag-musica","18":"tag-nota","19":"tag-payne","20":"tag-spain","21":"tag-swift","22":"tag-taylor","23":"tag-vende"},"share_on_mastodon":{"url":"https:\/\/pubeurope.com\/@es\/115661592708861779","error":""},"_links":{"self":[{"href":"https:\/\/www.europesays.com\/es\/wp-json\/wp\/v2\/posts\/270804","targetHints":{"allow":["GET"]}}],"collection":[{"href":"https:\/\/www.europesays.com\/es\/wp-json\/wp\/v2\/posts"}],"about":[{"href":"https:\/\/www.europesays.com\/es\/wp-json\/wp\/v2\/types\/post"}],"author":[{"embeddable":true,"href":"https:\/\/www.europesays.com\/es\/wp-json\/wp\/v2\/users\/2"}],"replies":[{"embeddable":true,"href":"https:\/\/www.europesays.com\/es\/wp-json\/wp\/v2\/comments?post=270804"}],"version-history":[{"count":0,"href":"https:\/\/www.europesays.com\/es\/wp-json\/wp\/v2\/posts\/270804\/revisions"}],"wp:featuredmedia":[{"embeddable":true,"href":"https:\/\/www.europesays.com\/es\/wp-json\/wp\/v2\/media\/270805"}],"wp:attachment":[{"href":"https:\/\/www.europesays.com\/es\/wp-json\/wp\/v2\/media?parent=270804"}],"wp:term":[{"taxonomy":"category","embeddable":true,"href":"https:\/\/www.europesays.com\/es\/wp-json\/wp\/v2\/categories?post=270804"},{"taxonomy":"post_tag","embeddable":true,"href":"https:\/\/www.europesays.com\/es\/wp-json\/wp\/v2\/tags?post=270804"}],"curies":[{"name":"wp","href":"https:\/\/api.w.org\/{rel}","templated":true}]}}