{"id":270806,"date":"2025-12-04T13:43:11","date_gmt":"2025-12-04T13:43:11","guid":{"rendered":"https:\/\/www.europesays.com\/es\/270806\/"},"modified":"2025-12-04T13:43:11","modified_gmt":"2025-12-04T13:43:11","slug":"en-el-terror-el-pasado-y-la-nostalgia-tambien-regresan","status":"publish","type":"post","link":"https:\/\/www.europesays.com\/es\/270806\/","title":{"rendered":"En el terror, el pasado y la nostalgia tambi\u00e9n regresan"},"content":{"rendered":"<p class=\"com-paragraph   --s\"><strong>Five Nights At Freddy\u2019s 2<\/strong><strong> <\/strong>(Estados Unidos\/2025). <strong>Direcci\u00f3n<\/strong>: Emma Tammi. <strong>Guion<\/strong>: Scott Cawthon. <strong>Fotograf\u00eda<\/strong>: Lynn Moncrief. <strong>Edici\u00f3n<\/strong>: Timothy Alverson, Derek Larsen. <strong>Elenco<\/strong>: Josh Hutcherson, Elizabeth Lail, Piper Rubio, Matthew Lillard, Freddy Carter, Skeeth Ulrich. <strong>Calificaci\u00f3n<\/strong>: Apta para mayores de 13 a\u00f1os. <strong>Distribuidora<\/strong>: UIP. <strong>Duraci\u00f3n<\/strong>: 104 minutos. <strong>Nuestra opini\u00f3<\/strong>n: buena. <\/p>\n<p class=\"com-paragraph   --s\">La nostalgia se ha convertido en el mejor veh\u00edculo para reciclar ideas y explorar emociones. Y en esta segunda entrega de Five Nights At Freddy\u2019s, el atractivo del videojuego se combina con el \u00e9xito de la primera pel\u00edcula (la pel\u00edcula de terror m\u00e1s taquillera del 2023), sumado a la fascinaci\u00f3n por la est\u00e9tica de los 80, los animatr\u00f3nicos y su deriva 20 a\u00f1os despu\u00e9s, el tiempo en el que est\u00e1 ambientada est\u00e1 historia. El pr\u00f3logo lo confirma: en 1982, tiempo antes de la may\u00fascula masacre cometida por William Afton, una ni\u00f1a espera con ansias la aparici\u00f3n de la principal atracci\u00f3n de Freddy Fazbear\u2019 Pizza, The Marionette, una deidad que asoma desde el suelo guiada por hilos y una inmensa sonrisa. Lo que trae The Marionette es la promesa de alegr\u00eda y aceptaci\u00f3n, justamente lo que Charlotte no consigue de sus amigos y compa\u00f1eros de escuela. Sin embargo, el peligro de una silueta tras la puerta de entrada la obliga a pedir ayuda a los adultos, de los que solo recibe indiferencia. Toma coraje y decide adentrarse en la oscuridad y salvar a la v\u00edctima. <\/p>\n<p class=\"com-paragraph   --s\">El destino de Charlotte lo podemos descubrir cuando a\u00f1os despu\u00e9s su esp\u00edritu hace su aparici\u00f3n para vengarse. No del asesino escondido en el disfraz de conejo que conocimos en la primera pel\u00edcula, sino de los adultos que lo protegieron sin saberlo. En ese salto al futuro reaparecen los personajes conocidos: la ni\u00f1a Abby (Piper Rubio), lidiando con el duelo de sus fantasmas y dise\u00f1ando un robot propio para la feria de ciencias; Mike (Josh Hutcherson), en una nueva casa e intentando reconstruir la familia perdida; y Vanessa (Elizabeth Lail), de licencia en la polic\u00eda tras la revelaci\u00f3n de los cr\u00edmenes de su padre y sus tortuosos recuerdos.<\/p>\n<p>Five Nights at Freddy\u2019s 2<\/p>\n<p class=\"com-paragraph   --s\">Ese pasado que regresa lo hace ahora en el sitio original de la franquicia de Freddy Fazbear\u2019 Pizza, ubicado en las afueras de la ciudad y cerrado por la firma para silenciar el crimen de Charlotte. All\u00ed llega un equipo de televisi\u00f3n amateur que filma episodios de terror en lugares emblem\u00e1ticos, un poco a la manera de El proyecto Blair Witch (1999) -pel\u00edcula clave del terror found footage-, dando oportunidad a la liberaci\u00f3n de esos espectros cansados de esperar tantos a\u00f1os. La historia mejora el ritmo de la primera, alternando el derrotero de los tres protagonistas, Mike, Abby y Emma, en su encuentro con los animatr\u00f3nicos, carcazas disputadas por las viejas y las nuevas venganzas. <\/p>\n<p>The Marionette, la criatura de Five Nights At Freddy&#8217;s 2<\/p>\n<p class=\"com-paragraph   --s\">Sustos, golpes de efecto, y reiteradas vueltas de tuerca estructuran una narrativa deudora de la original, pero robustecida por m\u00e1s criaturas y m\u00e1s villanos. No hay demasiados sorpresas ni variaciones de tono, s\u00ed una expansi\u00f3n de la nostalgia por los juegos Arcade, la pizzer\u00eda familiar, y el mundo anal\u00f3gico de fin de siglo, que en este caso agrega una especie de museo del horror y un festival callejero. La direcci\u00f3n de Emmy Tammi y el guion de Scott Cawthon -creador del videojuego- otorgan m\u00e1s consistencia que a la primera, demorada en construir no solo a cada personaje humano sino a los que yac\u00edan bajo las figuras animatr\u00f3nicas. En esta secuela hay un intento de priorizar el ambiente nost\u00e1lgico sobre la narraci\u00f3n, que se vuelve frondosa en derivaciones (y que siembra posibles continuaciones) y creativa en algunos sue\u00f1os espeluznantes. Sin m\u00e1s, ofrece lo esperado, con los gui\u00f1os habituales para los seguidores del oso Freddy y sus amigos. <\/p>\n","protected":false},"excerpt":{"rendered":"Five Nights At Freddy\u2019s 2 (Estados Unidos\/2025). Direcci\u00f3n: Emma Tammi. Guion: Scott Cawthon. Fotograf\u00eda: Lynn Moncrief. Edici\u00f3n: Timothy&hellip;\n","protected":false},"author":2,"featured_media":270807,"comment_status":"","ping_status":"","sticky":false,"template":"","format":"standard","meta":{"footnotes":""},"categories":[169],"tags":[177,146,147,25,24,176,175,23],"class_list":{"0":"post-270806","1":"post","2":"type-post","3":"status-publish","4":"format-standard","5":"has-post-thumbnail","7":"category-cine","8":"tag-cine","9":"tag-entertainment","10":"tag-entretenimiento","11":"tag-es","12":"tag-espana","13":"tag-film","14":"tag-movies","15":"tag-spain"},"share_on_mastodon":{"url":"https:\/\/pubeurope.com\/@es\/115661596635267672","error":""},"_links":{"self":[{"href":"https:\/\/www.europesays.com\/es\/wp-json\/wp\/v2\/posts\/270806","targetHints":{"allow":["GET"]}}],"collection":[{"href":"https:\/\/www.europesays.com\/es\/wp-json\/wp\/v2\/posts"}],"about":[{"href":"https:\/\/www.europesays.com\/es\/wp-json\/wp\/v2\/types\/post"}],"author":[{"embeddable":true,"href":"https:\/\/www.europesays.com\/es\/wp-json\/wp\/v2\/users\/2"}],"replies":[{"embeddable":true,"href":"https:\/\/www.europesays.com\/es\/wp-json\/wp\/v2\/comments?post=270806"}],"version-history":[{"count":0,"href":"https:\/\/www.europesays.com\/es\/wp-json\/wp\/v2\/posts\/270806\/revisions"}],"wp:featuredmedia":[{"embeddable":true,"href":"https:\/\/www.europesays.com\/es\/wp-json\/wp\/v2\/media\/270807"}],"wp:attachment":[{"href":"https:\/\/www.europesays.com\/es\/wp-json\/wp\/v2\/media?parent=270806"}],"wp:term":[{"taxonomy":"category","embeddable":true,"href":"https:\/\/www.europesays.com\/es\/wp-json\/wp\/v2\/categories?post=270806"},{"taxonomy":"post_tag","embeddable":true,"href":"https:\/\/www.europesays.com\/es\/wp-json\/wp\/v2\/tags?post=270806"}],"curies":[{"name":"wp","href":"https:\/\/api.w.org\/{rel}","templated":true}]}}