{"id":270810,"date":"2025-12-04T13:45:16","date_gmt":"2025-12-04T13:45:16","guid":{"rendered":"https:\/\/www.europesays.com\/es\/270810\/"},"modified":"2025-12-04T13:45:16","modified_gmt":"2025-12-04T13:45:16","slug":"fuerte-repunte-de-las-infecciones-respiratorias-en-la-comunitat-valenciana","status":"publish","type":"post","link":"https:\/\/www.europesays.com\/es\/270810\/","title":{"rendered":"Fuerte repunte de las infecciones respiratorias en la Comunitat Valenciana"},"content":{"rendered":"<p>                                    <a href=\"https:\/\/www.europesays.com\/es\/wp-content\/uploads\/2025\/12\/4131_9daa3c2b85d0b61f8df946810b89e9fda05f2b1b.jpg\"><img decoding=\"async\" border=\"0\" src=\"https:\/\/www.europesays.com\/es\/wp-content\/uploads\/2025\/12\/4131_9daa3c2b85d0b61f8df946810b89e9fda05f2b1b.jpg\" alt=\"Campa\u00f1a de vacunaci\u00f3n contra la bronquiolitis aguda dirigida a beb\u00e9s y a ni\u00f1os menores de 2 a\u00f1os con determinadas enfermedades cr\u00f3nicas. Archivo\/EFE\/Juan Herrero&#10;\" title=\"Campa\u00f1a de vacunaci\u00f3n contra la bronquiolitis aguda dirigida a beb\u00e9s y a ni\u00f1os menores de 2 a\u00f1os con determinadas enfermedades cr\u00f3nicas. Archivo\/EFE\/Juan Herrero&#10;\" width=\"100%\"\/><\/a><br \/>\n                    Campa\u00f1a de vacunaci\u00f3n contra la bronquiolitis aguda dirigida a beb\u00e9s y a ni\u00f1os menores de 2 a\u00f1os con determinadas enfermedades cr\u00f3nicas. Archivo\/EFE\/Juan Herrero<\/p>\n<p>La incidencia de infecciones respiratorias agudas (IRA) por gripe y por virus respiratorio sincitial (VRS), principal causante de la bronquiolitis, ha repuntado en la \u00faltima semana en la Comunitat Valenciana y ha pasado a los 923,3 casos por cada cien mil habitantes, frente a los 787,8 de la semana anterior.<\/p>\n<p>La incidencia de la Comunitat Valenciana est\u00e1 404 puntos por encima de la media de Espa\u00f1a, que se sit\u00faa en los 519,3 casos por cada cien mil habitantes, frente a lo 479,3 de la semana anterior, seg\u00fan los datos del Sistema de Vigilancia de Infecciones Respiratorias Agudas de la Comunitat Valenciana (SiVIRA) de la Conselleria de Sanidad.<\/p>\n<p>En la cuadrag\u00e9simo octava semana del a\u00f1o (del 24 al 30 de noviembre), la incidencia de IRA por gripe ha sido de 110,8 casos por cada cien mil personas, frente a los 44,1 casos de la semana anterior, por lo que se ha multiplicado por 2,5.<\/p>\n<p>En el caso del virus respiratorio sincitial (VRS), en la semana 48 del a\u00f1o la incidencia de infecciones respiratorias agudas es de 27,7 casos por cada cien mil personas, el doble que la semana anterior (del 17 al 23 de noviembre), cuando se situ\u00f3 en los 13,4 casos por cada cien mil personas.<\/p>\n<p>Por lo que respecta a la covid-19, en la cuadrag\u00e9sima octava semana del a\u00f1o la incidencia ha subido tambi\u00e9n, pero en menor medida, ya que se sit\u00faa en los 16,6 casos por cada cien mil habitantes, frente a los 13,4 casos de la semana anterior.<\/p>\n<p>Por edades, ha subido la incidencia de infecciones respiratorias agudas en menores de 4 a\u00f1os, que se sit\u00faa en 3.662,5 casos por cada cien mil habitantes (3.434,6 una semana antes), y tambi\u00e9n en los mayores de 65 a\u00f1os, que alcanza los 767,5 casos por cien mil habitantes (690,9 la semana anterior).<\/p>\n<p>Sobre la incidencia de ingresos hospitalarios por infecciones respiratorias agudas graves, ha subido en la \u00faltima semana hasta situarse en 15 casos por cada cien mil personas, frente a los 13,1 de la semana anterior, seg\u00fan los datos del SiVIRA.<\/p>\n<p>Comparte la noticia<\/p>\n<p>                                            <a href=\"https:\/\/meneame.net\/submit.php?url=https:\/\/www.elperiodicodeaqui.com\/epda-noticias\/fuerte-repunte-de-las-infecciones-respiratorias-en-la-comunitat-valenciana\/100000434\" target=\"_blank\" rel=\"nofollow noopener\"><img decoding=\"async\" alt=\"compartir en meneame\" src=\"https:\/\/www.europesays.com\/es\/wp-content\/uploads\/2025\/12\/mene_icon_r.png\" style=\"height:48px\" border=\"0\"\/><\/a><\/p>\n<p>Categor\u00edas de la noticia<\/p>\n","protected":false},"excerpt":{"rendered":"Campa\u00f1a de vacunaci\u00f3n contra la bronquiolitis aguda dirigida a beb\u00e9s y a ni\u00f1os menores de 2 a\u00f1os con&hellip;\n","protected":false},"author":2,"featured_media":270811,"comment_status":"","ping_status":"","sticky":false,"template":"","format":"standard","meta":{"footnotes":""},"categories":[92],"tags":[23242,25,24,165,166,23],"class_list":{"0":"post-270810","1":"post","2":"type-post","3":"status-publish","4":"format-standard","5":"has-post-thumbnail","7":"category-salud","8":"tag-comunitat","9":"tag-es","10":"tag-espana","11":"tag-health","12":"tag-salud","13":"tag-spain"},"share_on_mastodon":{"url":"https:\/\/pubeurope.com\/@es\/115661604902036966","error":""},"_links":{"self":[{"href":"https:\/\/www.europesays.com\/es\/wp-json\/wp\/v2\/posts\/270810","targetHints":{"allow":["GET"]}}],"collection":[{"href":"https:\/\/www.europesays.com\/es\/wp-json\/wp\/v2\/posts"}],"about":[{"href":"https:\/\/www.europesays.com\/es\/wp-json\/wp\/v2\/types\/post"}],"author":[{"embeddable":true,"href":"https:\/\/www.europesays.com\/es\/wp-json\/wp\/v2\/users\/2"}],"replies":[{"embeddable":true,"href":"https:\/\/www.europesays.com\/es\/wp-json\/wp\/v2\/comments?post=270810"}],"version-history":[{"count":0,"href":"https:\/\/www.europesays.com\/es\/wp-json\/wp\/v2\/posts\/270810\/revisions"}],"wp:featuredmedia":[{"embeddable":true,"href":"https:\/\/www.europesays.com\/es\/wp-json\/wp\/v2\/media\/270811"}],"wp:attachment":[{"href":"https:\/\/www.europesays.com\/es\/wp-json\/wp\/v2\/media?parent=270810"}],"wp:term":[{"taxonomy":"category","embeddable":true,"href":"https:\/\/www.europesays.com\/es\/wp-json\/wp\/v2\/categories?post=270810"},{"taxonomy":"post_tag","embeddable":true,"href":"https:\/\/www.europesays.com\/es\/wp-json\/wp\/v2\/tags?post=270810"}],"curies":[{"name":"wp","href":"https:\/\/api.w.org\/{rel}","templated":true}]}}