{"id":270812,"date":"2025-12-04T13:46:11","date_gmt":"2025-12-04T13:46:11","guid":{"rendered":"https:\/\/www.europesays.com\/es\/270812\/"},"modified":"2025-12-04T13:46:11","modified_gmt":"2025-12-04T13:46:11","slug":"valor-sentimental-de-joachim-trier-v-o-s-e","status":"publish","type":"post","link":"https:\/\/www.europesays.com\/es\/270812\/","title":{"rendered":"\u00abValor sentimental\u00bb, de Joachim Trier (V.O.S.E.)"},"content":{"rendered":"<p>Las hermanas Nora y Agnes se reencuentran con su distanciado padre, el carism\u00e1tico Gustav, un antiguo director de renombre que le ofrece a su hija Nora, actriz de teatro, un papel en su pr\u00f3xima pel\u00edcula. Nora lo rechaza y pronto descubre que le ha dado su papel a una joven y entusiasta estrella de Hollywood. De repente, las dos hermanas deben sortear su complicada relaci\u00f3n con su padre y lidiar con una estrella estadounidense que se encuentra en medio de su compleja din\u00e1mica familiar.<\/p>\n<p>Direcci\u00f3n: Joachim Trier<br \/>Reparto: Elle Fanning, Inga Ibsdotter Lilleaas, Renate Reinsve, Stellan Skarsgard<br \/>Duraci\u00f3n: 135 min.<br \/>Calificaci\u00f3n: No recomendada para menores de 12 a\u00f1os<br \/>G\u00e9nero: Comedia, Drama<br \/>Nacionalidad: Noruega<br \/>Idioma: Espa\u00f1ol<\/p>\n<p>Calificaci\u00f3n por edades: No R.men 12 a\u00f1os\u00a0<\/p>\n<p>2025 Festival de Cannes: Ganadora del Gran Premio del Jurado. 2 nominaciones<br \/>2025 Premios del Cine Europeo (EFA): 9 nominaciones<br \/>2025 Festival de Toronto (TIFF): Nominada a Premio del P\u00fablico (Mejor film internacional).\u00a0<br \/>2025 Festival de Sevilla: Premio Puerta Am\u00e9rica.<br \/>2025 Festival de Locarno: Nominada a Variety Piazza Grande Award.<br \/>2025 28\u00ba British Independent Film Awards (2025) Ganadora del premio a Mejor pel\u00edcula internacional independiente<\/p>\n","protected":false},"excerpt":{"rendered":"Las hermanas Nora y Agnes se reencuentran con su distanciado padre, el carism\u00e1tico Gustav, un antiguo director de&hellip;\n","protected":false},"author":2,"featured_media":270813,"comment_status":"","ping_status":"","sticky":false,"template":"","format":"standard","meta":{"footnotes":""},"categories":[91],"tags":[146,147,25,24,23],"class_list":{"0":"post-270812","1":"post","2":"type-post","3":"status-publish","4":"format-standard","5":"has-post-thumbnail","7":"category-entretenimiento","8":"tag-entertainment","9":"tag-entretenimiento","10":"tag-es","11":"tag-espana","12":"tag-spain"},"share_on_mastodon":{"url":"https:\/\/pubeurope.com\/@es\/115661608366462812","error":""},"_links":{"self":[{"href":"https:\/\/www.europesays.com\/es\/wp-json\/wp\/v2\/posts\/270812","targetHints":{"allow":["GET"]}}],"collection":[{"href":"https:\/\/www.europesays.com\/es\/wp-json\/wp\/v2\/posts"}],"about":[{"href":"https:\/\/www.europesays.com\/es\/wp-json\/wp\/v2\/types\/post"}],"author":[{"embeddable":true,"href":"https:\/\/www.europesays.com\/es\/wp-json\/wp\/v2\/users\/2"}],"replies":[{"embeddable":true,"href":"https:\/\/www.europesays.com\/es\/wp-json\/wp\/v2\/comments?post=270812"}],"version-history":[{"count":0,"href":"https:\/\/www.europesays.com\/es\/wp-json\/wp\/v2\/posts\/270812\/revisions"}],"wp:featuredmedia":[{"embeddable":true,"href":"https:\/\/www.europesays.com\/es\/wp-json\/wp\/v2\/media\/270813"}],"wp:attachment":[{"href":"https:\/\/www.europesays.com\/es\/wp-json\/wp\/v2\/media?parent=270812"}],"wp:term":[{"taxonomy":"category","embeddable":true,"href":"https:\/\/www.europesays.com\/es\/wp-json\/wp\/v2\/categories?post=270812"},{"taxonomy":"post_tag","embeddable":true,"href":"https:\/\/www.europesays.com\/es\/wp-json\/wp\/v2\/tags?post=270812"}],"curies":[{"name":"wp","href":"https:\/\/api.w.org\/{rel}","templated":true}]}}