{"id":270820,"date":"2025-12-04T13:50:08","date_gmt":"2025-12-04T13:50:08","guid":{"rendered":"https:\/\/www.europesays.com\/es\/270820\/"},"modified":"2025-12-04T13:50:08","modified_gmt":"2025-12-04T13:50:08","slug":"los-nuevos-consellers-juran-su-cargo-ante-perez-llorca","status":"publish","type":"post","link":"https:\/\/www.europesays.com\/es\/270820\/","title":{"rendered":"Los nuevos consellers juran su cargo ante P\u00e9rez Llorca"},"content":{"rendered":"<p>El president de la Generalitat, <strong>Juanfran P\u00e9rez Llorca<\/strong>, ha reclamado este jueves a los nuevos consellers que den \u00abun salto cualitativo\u00bb hacia una mayor coordinaci\u00f3n para acelerar la recuperaci\u00f3n en las zonas afectadas por la <strong>dana<\/strong> del 29 de octubre de 2024, y en materias como vivienda, donde se puede hacer \u00abtodav\u00eda m\u00e1s\u00bb.<\/p>\n<p>P\u00e9rez Llorca, que sucede en el cargo a Carlos Maz\u00f3n \u2014 dimitido al cumplirse el primer aniversario de la dana ante la creciente presi\u00f3n por su gesti\u00f3n de la emergencia \u2014 ha presidido el acto de toma de posesi\u00f3n de los <strong>once consellers<\/strong> que le acompa\u00f1ar\u00e1n en lo que queda de legislatura, cuyos nombres dio a conocer este mi\u00e9rcoles, tras haber prometido su cargo ante Les Corts Valencianes.<\/p>\n<p>Este Gobierno valenciano nace con el objetivo de cuidar la confianza de la ciudadan\u00eda, \u00abde tender puentes y de estar m\u00e1s cerca\u00bb, ha asegurado P\u00e9rez Llorca, para quien la experiencia de los \u00faltimos a\u00f1os permite acometer cambios donde haya \u00abmargen de transformaci\u00f3n y de mejora\u00bb. <\/p>\n<p>Ocho consellers repiten en el Govern <\/p>\n<p>Los nuevos consellers del Gobierno valenciano y los que han cambiado de cartera o algunas de sus competencias han tomado posesi\u00f3n este jueves de sus cargos en el Palau de la Generalitat, para lo que han utilizado la f\u00f3rmula del juramento y lo han hecho seis en valenciano y cinco en castellano.<\/p>\n<p>El acto ha comenzado con un minuto de silencio como homenaje a la \u00faltima v\u00edctima de la violencia machista, una mujer asesinada por su pareja en Alicante, y para \u00abmostrar p\u00fablicamente la tolerancia cero de este Gobierno contra la violencia sobre la mujer\u00bb, seg\u00fan ha se\u00f1alado el secretario del Consell, Jos\u00e9 D\u00edez.<\/p>\n<p>Esta ha sido la primera vez que se ha podido ver a los tres nuevos consellers: el vicepresidente segundo y conseller de Presidencia, <strong>Jos\u00e9 D\u00edez<\/strong>; la consellera de Servicios Sociales, Familia e Infancia, <strong>Elena Albalat<\/strong>; y la consellera de Educaci\u00f3n, Cultura y Universidades, <strong>Mar\u00eda del Carmen Ort\u00ed<\/strong>.<\/p>\n<p>La f\u00f3rmula utilizada consiste en prometer \u00abcumplir con fidelidad las obligaciones del cargo de conseller con lealtad al Rey, guardar y hacer guardar la Constituci\u00f3n como norma fundamental del Estado y el Estatuto de Autonom\u00eda de la Comunitat Valenciana y mantener el secreto sobre las deliberaciones del Consell\u00bb.<\/p>\n<p>Adem\u00e1s de los nuevos consellers, han prometido sus cargos los <strong>ocho que ya formaban parte del Govern<\/strong> con Carlos Maz\u00f3n pero han visto <strong>modificadas sus competencias en el Gobierno<\/strong> nombrado por el octavo president de la Generalitat para el a\u00f1o y medio que resta de legislatura \u2014. <\/p>\n<p>P\u00e9rez Llorca contacta con las v\u00edctimas de la dana, que convocar\u00e1n asambleas <\/p>\n<p>El presidente de la Generalitat, Juanfran P\u00e9rez Llorca, ha  contactado con las <strong>principales asociaciones de v\u00edctimas de la dana<\/strong> del 29 de octubre y estas trasladar\u00e1n esa llamada &#8211;que se ha desarrollado en tono \u00abcordial\u00bb\u2014 a sus socios y socias en asamblea extraordinaria para ver c\u00f3mo \u00abencaran esta nueva situaci\u00f3n\u00bb. <\/p>\n<p>As\u00ed lo han confirmado las portavoces de la Associaci\u00f3 V\u00edctimes Mortals de la Dana 29O, Rosa \u00c1lvarez, y la de la Associaci\u00f3 V\u00edctimes  de la Dana, Maril\u00f3 Gradol\u00ed, a preguntas de los medios sobre si  esperaban la llamada del reci\u00e9n nombrado jefe del Consell, seg\u00fan recoge Europa Press. <\/p>\n<p>\u00abNos ha llamado y lo que podemos decir es que ha sido una conversaci\u00f3n cordial\u00bb, ha desvelado Gradol\u00ed, que ha apuntado que, \u00abde momento, esa primera toma de contacto tenemos que transmitirla a todos los asociados para ver qu\u00e9 hacemos porque s\u00ed que hab\u00eda una <strong>posici\u00f3n clara respecto al anterior presidente de la Generalitat<\/strong> (Carlos Maz\u00f3n), que ya hicimos p\u00fablica, y ahora lo que tenemos que hacer es tambi\u00e9n trasladar esa informaci\u00f3n a los socios y socias para ver c\u00f3mo encaramos esta nueva situaci\u00f3n\u00bb. <\/p>\n<p>Se ha notado \u00abun cambio de talante respecto a Carlos Maz\u00f3n, que  lo \u00fanico que hac\u00eda era maltratarnos e insultarnos\u00bb, ha remarcado la  portavoz del colectivo de damnificados. <\/p>\n<p>Por su parte, <strong>Rosa \u00c1lvarez<\/strong> ha apostillado que las dos asociaciones han tomado la misma determinaci\u00f3n, que es trasladar la decisi\u00f3n a una  asamblea extraordinaria. \u00abEs cierto que hay mejores formas. Yo creo que es fundamental que nos diga ese perd\u00f3n en qu\u00e9 consiste a la cara  y a los ojos. Y si hay arrepentimiento, de qu\u00e9 se arrepienten y en  qu\u00e9 consiste\u00bb, ha aseverado. <\/p>\n","protected":false},"excerpt":{"rendered":"El president de la Generalitat, Juanfran P\u00e9rez Llorca, ha reclamado este jueves a los nuevos consellers que den&hellip;\n","protected":false},"author":2,"featured_media":270821,"comment_status":"","ping_status":"","sticky":false,"template":"","format":"standard","meta":{"footnotes":""},"categories":[8],"tags":[17,18,25,24,13,14,11,19,20,9,10,15,16,23,12,21,22],"class_list":{"0":"post-270820","1":"post","2":"type-post","3":"status-publish","4":"format-standard","5":"has-post-thumbnail","7":"category-espana","8":"tag-breaking-news","9":"tag-breakingnews","10":"tag-es","11":"tag-espana","12":"tag-featured-news","13":"tag-featurednews","14":"tag-headlines","15":"tag-latest-news","16":"tag-latestnews","17":"tag-news","18":"tag-noticias","19":"tag-noticias-destacadas","20":"tag-noticiasdestacadas","21":"tag-spain","22":"tag-titulares","23":"tag-ultimas-noticias","24":"tag-ultimasnoticias"},"share_on_mastodon":{"url":"https:\/\/pubeurope.com\/@es\/115661624108111837","error":""},"_links":{"self":[{"href":"https:\/\/www.europesays.com\/es\/wp-json\/wp\/v2\/posts\/270820","targetHints":{"allow":["GET"]}}],"collection":[{"href":"https:\/\/www.europesays.com\/es\/wp-json\/wp\/v2\/posts"}],"about":[{"href":"https:\/\/www.europesays.com\/es\/wp-json\/wp\/v2\/types\/post"}],"author":[{"embeddable":true,"href":"https:\/\/www.europesays.com\/es\/wp-json\/wp\/v2\/users\/2"}],"replies":[{"embeddable":true,"href":"https:\/\/www.europesays.com\/es\/wp-json\/wp\/v2\/comments?post=270820"}],"version-history":[{"count":0,"href":"https:\/\/www.europesays.com\/es\/wp-json\/wp\/v2\/posts\/270820\/revisions"}],"wp:featuredmedia":[{"embeddable":true,"href":"https:\/\/www.europesays.com\/es\/wp-json\/wp\/v2\/media\/270821"}],"wp:attachment":[{"href":"https:\/\/www.europesays.com\/es\/wp-json\/wp\/v2\/media?parent=270820"}],"wp:term":[{"taxonomy":"category","embeddable":true,"href":"https:\/\/www.europesays.com\/es\/wp-json\/wp\/v2\/categories?post=270820"},{"taxonomy":"post_tag","embeddable":true,"href":"https:\/\/www.europesays.com\/es\/wp-json\/wp\/v2\/tags?post=270820"}],"curies":[{"name":"wp","href":"https:\/\/api.w.org\/{rel}","templated":true}]}}