{"id":270824,"date":"2025-12-04T13:56:10","date_gmt":"2025-12-04T13:56:10","guid":{"rendered":"https:\/\/www.europesays.com\/es\/270824\/"},"modified":"2025-12-04T13:56:10","modified_gmt":"2025-12-04T13:56:10","slug":"asi-es-jugar-contra-alcaraz-no-sabia-que-hacer","status":"publish","type":"post","link":"https:\/\/www.europesays.com\/es\/270824\/","title":{"rendered":"As\u00ed es jugar contra Alcaraz: \u00abNo sab\u00eda qu\u00e9 hacer\u00bb"},"content":{"rendered":"<p class=\"quota-display text-align-center\">\n        <a href=\"https:\/\/www.puntodebreak.com\/MDBA-B3-PDB-QUOTA-25\" rel=\"sponsored nofollow noopener\" title=\"Apuesta en bet365\" target=\"_blank\"><\/p>\n<p>            <img decoding=\"async\" alt=\"Bet365\" class=\"bet-logo lazyload\" loading=\"lazy\" src=\"https:\/\/www.europesays.com\/es\/wp-content\/uploads\/2025\/11\/1764546864_0_b365.jpg\"\/>Streaming UTR Pro Tallahassee en directo<\/p>\n<p> \ud83c\udfbe Lucca C Pignaton vs Oren Ezerzer<\/p>\n<ol class=\"stream-card__steps\">\n<li>Entra aqu\u00ed y reg\u00edstrate en Bet365<\/li>\n<li>Haz tu primer dep\u00f3sito de m\u00ednimo 5\u00a0\u20ac<\/li>\n<li>Entra en la secci\u00f3n \u00abDirecto\u00bb y ve todos los partidos<\/li>\n<\/ol>\n<p>\n                                Ver partido en Bet365\n                            <\/p>\n<p>        <\/a>\n      <\/p>\n<p bis_size=\"{&quot;x&quot;:8,&quot;y&quot;:8,&quot;w&quot;:1181,&quot;h&quot;:63,&quot;abs_x&quot;:208,&quot;abs_y&quot;:2463}\" class=\"text-align-justify\"><a href=\"https:\/\/www.puntodebreak.com\/tenis\/mattia-bellucci\" rel=\"nofollow noopener\" target=\"_blank\"><strong>Mattia Bellucci<\/strong><\/a> ha conocido de primera mano la exigencia que se encuentra tras el primer escal\u00f3n de la \u00e9lite del circuito ATP. Jugador de otro tiempo, heterodoxo, capaz de crear \u00e1ngulos espectaculares con su zurda y que depende m\u00e1s del timing que de la potencia, el italiano ha finalizado su primer a\u00f1o completo en el top-100 en un honroso #74 puesto del ranking ATP, pasando a formar parte del elenco de caras conocidas en los principales torneos del mundo.<\/p>\n<p bis_size=\"{&quot;x&quot;:8,&quot;y&quot;:87,&quot;w&quot;:1181,&quot;h&quot;:63,&quot;abs_x&quot;:208,&quot;abs_y&quot;:2542}\" class=\"text-align-justify\">Ha tenido, por el camino, momentos estelares en el <a href=\"https:\/\/www.atptour.com\/en\" rel=\"nofollow noopener\" target=\"_blank\"><strong>circuito ATP<\/strong><\/a>: semifinales en el torneo de Rotterdam, donde se abri\u00f3 al mundo, tras superar a hombres como <strong>Daniil Medvedev<\/strong> por el camino; su primera tercera ronda en un Grand Slam, en <strong>Wimbledon<\/strong>, despu\u00e9s de firmar una contundente victoria frente al siempre peligroso Jiri Lehecka&#8230; y tambi\u00e9n, claro, momentos no tan buenos, d\u00edas amargos en los que nada parece salir bien, d\u00edas que forman parte de tu adaptaci\u00f3n a la \u00e9lite.<\/p>\n<p bis_size=\"{&quot;x&quot;:8,&quot;y&quot;:167,&quot;w&quot;:1181,&quot;h&quot;:84,&quot;abs_x&quot;:208,&quot;abs_y&quot;:2622}\" class=\"text-align-justify\">Uno de ellos tuvo lugar en una acalorada noche de verano en Nueva York. Flushing Meadows, Pista Central Arthur Ashe y segunda ronda del <strong>US Open<\/strong> frente a un tal <a href=\"https:\/\/en.wikipedia.org\/wiki\/Carlos_Alcaraz\" rel=\"nofollow noopener\" target=\"_blank\"><strong>Carlos Alcaraz<\/strong><\/a>. Lo que promet\u00eda ser una noche de descubrimientos, una velada en la que el mundo se cautivase por el potencial de este joven transalpino, se convirti\u00f3 en una pesadilla: apenas pudo ganar cuatro juegos en todo el duelo, encaj\u00f3 un rosco en el segundo set y se sinti\u00f3 superado en todo momento por el tenis del murciano. <strong>\u00bfQu\u00e9 significa enfrentarse a Carlitos?<\/strong> \u00bfC\u00f3mo vivi\u00f3 aquel duelo el italiano? Lo rememora en una gran entrevista con los compa\u00f1eros de Spazio Tennis.<\/p>\n<p bis_size=\"{&quot;x&quot;:8,&quot;y&quot;:268,&quot;w&quot;:1181,&quot;h&quot;:321,&quot;abs_x&quot;:208,&quot;abs_y&quot;:2723}\">\n<p bis_size=\"{&quot;x&quot;:8,&quot;y&quot;:606,&quot;w&quot;:1181,&quot;h&quot;:84,&quot;abs_x&quot;:208,&quot;abs_y&quot;:3061}\" class=\"text-align-justify\">\u00abCarlos y Jannik son tipos que impresionan en televisi\u00f3n, pero enfrentarte a ellos en la pista es mucho peor. No hab\u00eda ni un solo aspecto en el que me sintiese a la altura de Alcaraz. No sab\u00eda c\u00f3mo ganar puntos, no ten\u00eda forma de aferrarme al partido. Contra otros grandes jugadores me he sentido mucho m\u00e1s a la par ten\u00edsticamente, m\u00e1s cerca de ellos, pero contra Carlos, lo \u00fanico que pensaba era: <strong>&#8216;No s\u00e9 qu\u00e9 hacer&#8217;<\/strong>\u00ab. Una declaraci\u00f3n muy contundente que pone de manifiesto una sensaci\u00f3n, la de ser arrollado y vapuleado, que muchos otros han sentido cuando la mejor versi\u00f3n del murciano aparece en cancha.<\/p>\n<p bis_size=\"{&quot;x&quot;:8,&quot;y&quot;:606,&quot;w&quot;:1181,&quot;h&quot;:84,&quot;abs_x&quot;:208,&quot;abs_y&quot;:3061}\" class=\"text-align-justify\"><img decoding=\"async\" alt=\"Mattia Bellucci buscar\u00e1 dar un salto de calidad en 2026. Fuente: Getty\" data-entity-type=\"file\" data-entity-uuid=\"20fe2d81-7cff-47a5-b25c-199c2f085124\" width=\"612\" height=\"408\" loading=\"lazy\" class=\"lazyload\" src=\"https:\/\/www.europesays.com\/es\/wp-content\/uploads\/2025\/12\/bellucci-reflexiones-temporada.jpg\"\/><\/p>\n<p><strong bis_size=\"{&quot;x&quot;:8,&quot;y&quot;:708,&quot;w&quot;:711,&quot;h&quot;:21,&quot;abs_x&quot;:208,&quot;abs_y&quot;:3163}\">Bellucci tambi\u00e9n defini\u00f3 con exactitud qu\u00e9 se siente al entrenar contra Novak Djokovic<\/strong><\/p>\n<p bis_size=\"{&quot;x&quot;:8,&quot;y&quot;:738,&quot;w&quot;:1181,&quot;h&quot;:105,&quot;abs_x&quot;:208,&quot;abs_y&quot;:3193}\" class=\"text-align-justify\">Tambi\u00e9n habl\u00f3 el italiano de otro grande, en este caso de alguien que ya ha cimentado su plaza en el Olimpo del Tenis. Precisamente en Nueva York tuvo Mattia la oportunidad de compartir entrenamientos con <strong>Novak Djokovic<\/strong>, y la experiencia vivida tambi\u00e9n dej\u00f3 huella en el italiano. \u00abAl contrario que con otros grandes jugadores, cuando est\u00e1s entrenando con Djokovic hay un nivel de exigencia alt\u00edsimo. Exige un nivel de precisi\u00f3n muy alto, tanto de \u00e9l mismo como de su equipo. <strong>Si las cosas no van bien, se enfada<\/strong>. Intent\u00e9 que el entrenamiento fuese \u00fatil, la presi\u00f3n era alt\u00edsima. En cuanto a emociones e intensidad, es un entrenamiento que me hizo mejor, m\u00e1s fuerte. Alcanzar ese nivel de exigencia contra el mejor de la historia&#8230; jam\u00e1s me imagin\u00e9 encontrarme en esa situaci\u00f3n\u00bb, recuerda con emoci\u00f3n Mattia.<\/p>\n<p bis_size=\"{&quot;x&quot;:8,&quot;y&quot;:860,&quot;w&quot;:1181,&quot;h&quot;:84,&quot;abs_x&quot;:208,&quot;abs_y&quot;:3315}\" class=\"text-align-justify\">Bellucci es quiz\u00e1s, a\u00fan, un nombre no tan conocido de cara al gran p\u00fablico. Por \u00faltimo, el italiano habl\u00f3 de su llegada a la primera l\u00ednea ten\u00edstica, de su presente como jugador y de su ilusi\u00f3n por seguir dando pasos hacia delante y, por consiguiente, convertirse en un habitual de los principales torneos del circuito. \u00abEste a\u00f1o he sufrido mucho a nivel de consistencia, pero pienso que las experiencias vividas esta temporada me van a beneficiar para el a\u00f1o que viene. Mi objetivo para 2026 es <strong>ser m\u00e1s estable a nivel emocional<\/strong> y manejar mucho mejor todo lo relacionado con el trabajo diario y mi equipo de trabajo\u00bb. \u00bfLe veremos con una mejora sustancial en los pr\u00f3ximos meses? El tiempo lo determinar\u00e1, qu\u00e9 duda cabe.<\/p>\n","protected":false},"excerpt":{"rendered":"Streaming UTR Pro Tallahassee en directo \ud83c\udfbe Lucca C Pignaton vs Oren Ezerzer Entra aqu\u00ed y reg\u00edstrate en&hellip;\n","protected":false},"author":2,"featured_media":270825,"comment_status":"","ping_status":"","sticky":false,"template":"","format":"standard","meta":{"footnotes":""},"categories":[274],"tags":[168,25,24,23,167,327,326],"class_list":{"0":"post-270824","1":"post","2":"type-post","3":"status-publish","4":"format-standard","5":"has-post-thumbnail","7":"category-tenis","8":"tag-deportes","9":"tag-es","10":"tag-espana","11":"tag-spain","12":"tag-sports","13":"tag-tenis","14":"tag-tennis"},"share_on_mastodon":{"url":"https:\/\/pubeurope.com\/@es\/115661648044492473","error":""},"_links":{"self":[{"href":"https:\/\/www.europesays.com\/es\/wp-json\/wp\/v2\/posts\/270824","targetHints":{"allow":["GET"]}}],"collection":[{"href":"https:\/\/www.europesays.com\/es\/wp-json\/wp\/v2\/posts"}],"about":[{"href":"https:\/\/www.europesays.com\/es\/wp-json\/wp\/v2\/types\/post"}],"author":[{"embeddable":true,"href":"https:\/\/www.europesays.com\/es\/wp-json\/wp\/v2\/users\/2"}],"replies":[{"embeddable":true,"href":"https:\/\/www.europesays.com\/es\/wp-json\/wp\/v2\/comments?post=270824"}],"version-history":[{"count":0,"href":"https:\/\/www.europesays.com\/es\/wp-json\/wp\/v2\/posts\/270824\/revisions"}],"wp:featuredmedia":[{"embeddable":true,"href":"https:\/\/www.europesays.com\/es\/wp-json\/wp\/v2\/media\/270825"}],"wp:attachment":[{"href":"https:\/\/www.europesays.com\/es\/wp-json\/wp\/v2\/media?parent=270824"}],"wp:term":[{"taxonomy":"category","embeddable":true,"href":"https:\/\/www.europesays.com\/es\/wp-json\/wp\/v2\/categories?post=270824"},{"taxonomy":"post_tag","embeddable":true,"href":"https:\/\/www.europesays.com\/es\/wp-json\/wp\/v2\/tags?post=270824"}],"curies":[{"name":"wp","href":"https:\/\/api.w.org\/{rel}","templated":true}]}}