{"id":270831,"date":"2025-12-04T14:01:11","date_gmt":"2025-12-04T14:01:11","guid":{"rendered":"https:\/\/www.europesays.com\/es\/270831\/"},"modified":"2025-12-04T14:01:11","modified_gmt":"2025-12-04T14:01:11","slug":"veronica-sanchez-estaba-trabajando-en-una-pizzeria-de-camarera-cuando-me-dieron-el-papel-protagonista-de-la-pelicula-cadena-ser","status":"publish","type":"post","link":"https:\/\/www.europesays.com\/es\/270831\/","title":{"rendered":"Ver\u00f3nica S\u00e1nchez: &quot;Estaba trabajando en una pizzer\u00eda de camarera cuando me dieron el papel protagonista de la pel\u00edcula&quot; &#8211; Cadena SER"},"content":{"rendered":"<ol>\n<li><a href=\"https:\/\/news.google.com\/rss\/articles\/CBMi_wFBVV95cUxNb1AyOUd6TzlITWZYenVDVjBQQ0VMTXZwY2RZNkZvVU1qdjFGYVpsQldKeGxoX0Z4THVCNnQ1anNETjVzUms1b1dMSldDaEMwZzdRX0dhckhFVXBIckpuaHc4azFzeERyYlJJMnN4WUNCOTJtVm5jR1Q1akF3MWZVbTRLbTdnTGlKOVQxLXlhS244azVXWnhGcnREMFdwVUtXMFp3ZE5Na3B5dDdpTngzN1NuNUZETEpyYjc0a2VSSHd2YWRRRmZVYWNzWGN0aDdST0NocXRRTkhnTUVtRHdCNjNWcjFJSmpCNjBWeUlsVlpyRC02LXdTYjRPTXFib0HSAZMCQVVfeXFMTVlnSU92V0dNOEpVMG1MYnBHMWZyWUwtaXpUMHJmQUcxNDFYQ3BtUGRURWZFQVpwWC0tSW5ZV2hHN2RRS3BxNkYzR2Q2ZzJZSkJkZzFaVndaVnRzU1pyNGZjZjZ0aTFGcWZQWlF3UnBhU3doSUw4UDV5Sk9NeGFBQXNGajJndFJ5ZWNBd01Ob00xZjVXZWhxcjFUMmFxWDRyWExtc0tPaUptRGFhQTd6SkFlVGdHMWlXcVJYd0lWdzdMbFl5MFBtQWJ5andwRXJZM20yQlJ1cGNBSFdNVl81SG5QTXZDaHZ3X3Z1UDluRjc3UV9DMTMyVU05T2xnMW00QjZzeGlFb2hNai1IOTBZSDZCQ3M?oc=5\" target=\"_blank\" rel=\"nofollow noopener\">Ver\u00f3nica S\u00e1nchez: \u00abEstaba trabajando en una pizzer\u00eda de camarera cuando me dieron el papel protagonista de la pel\u00edcula\u00bb<\/a>&nbsp;&nbsp;Cadena SER<\/li>\n<li><a href=\"https:\/\/news.google.com\/rss\/articles\/CBMilAJBVV95cUxNeFQ0aEtyQkM2VUc5T0gybFdNMUZSdjlMVUVlTDJqdHZRUU1HczFoY253RmxzbjJUTjRKa3pVWTNudV9YeHhYaEJSY0R6bDlaLVRrdGhFdEtNN0NlTmlOODlNaDVfLWgxVXF1MFd5VXVCQ2hOSVlVaExiWkVWZll6dGd0S3d1bG4zQUVqRGUtdFA4V3lyMmEzbEN0U1FMUmIwRS1EMktZTWhSbnl1TUdSYlFVZXROM281QjJJV0EyVE5OMTZRVG42ZHlWVmlFUDR5UV9SeW9TU25wNXljaFdFZFdydjZ3bm9LYXZEWG4zdUgzLW9uSXpYNm1vRVU1eWlZLW1WenhVdVcwaWxCUmZDaEw4aU4?oc=5\" target=\"_blank\" rel=\"nofollow noopener\">Ver\u00f3nica S\u00e1nchez: \u201cSi los espa\u00f1oles somos capaces de ponernos de acuerdo en algo es en que el final de \u2018Los Serrano\u2019 no fue un buen final\u201d<\/a>&nbsp;&nbsp;EL PA\u00cdS<\/li>\n<li><a href=\"https:\/\/news.google.com\/rss\/articles\/CBMi1wFBVV95cUxNWG9kVEc0dTh3blZDUTFoMGdzdk1BVVhNTjF0SnNXdWcteGRIS3JEVUxmakRpbWJ2QWdNcllGdWNKeHVjR0JsY0xEUk9uN0dDNWNSWmh1ck90LTVqUlpQcE4yLU1VNFptSDVKQTl4Q0NUTUlRbjRWbXp4NkdMNEIwVy1Xd1AtZnJTTG8zS29leVNGd3FrMUlYbUNiZndZbElNenJ3R0pVQTQ3OTliTXlFYmpFdU50QjVMMFRSWlZNRGlPa25yazNJY3Z2SnloRFFPUWlnV25lRdIB3AFBVV95cUxNQWNKbnNQMkxjSlI2alVhaVdvaTVWaXU4TVpDVXM0aTBoR2tOa0d5MmJsR3VTRW5vb1JqRkc2U2F6UUlMWjJTT1dyR1NjMVp4UWFUOWthdTdVNFpBc3l5RWpzSFNMSGd0cGVwZ214Z05TWVdYSkl6Q2FLcnhGMXBPSkNieW5MSHJWSkxldDM3Zm4ydFpUY0tDSXpHVFpSYVNSU1JmVXNQME1iX1NwcFFXU2VidUo4T1FORTNvLWZqdjhMcDE2bTQta05xVF9EYWNvdHdsWURKRzRsWlJk?oc=5\" target=\"_blank\" rel=\"nofollow noopener\">Ver\u00f3nica S\u00e1nchez: \u00abSi los espa\u00f1oles estamos de acuerdo en algo es que el final de &#8216;Los Serrano&#8217; no fue un buen final\u00bb<\/a>&nbsp;&nbsp;20Minutos<\/li>\n<li><a href=\"https:\/\/news.google.com\/rss\/articles\/CBMixAFBVV95cUxPUU91aXZ0QS1tdnBRaTdZX09HMHFBQlNIUDdVM3p1UWJlQmFfbVdNNGY3Y0FVbzQ5Um1VREZSWDJlWEJUZ1k2R1JEZ3JMVWJleDFNUjdzQVlQNG8wdzRsLTdWaGRLZ2Y2MWp1NlU0MF82anljQUVVZ1pnOUxFRWduUUh4eEFVSExzcjl5bFB3US1OclBLOXl4ZVVlMEZzeDM4WENhM2pJbGFlTEpzSHladExldklOWl9YZlM2LUdSMTJJT3gt?oc=5\" target=\"_blank\" rel=\"nofollow noopener\">Ver\u00f3nica S\u00e1nchez valora el final de &#8216;Los Serrano&#8217;: \u00abSi los espa\u00f1oles estamos de acuerdo en algo es que no fue bueno\u00bb<\/a>&nbsp;&nbsp;elDiario.es<\/li>\n<li><a href=\"https:\/\/news.google.com\/rss\/articles\/CBMixgFBVV95cUxPN3JHV1Y2WHVzbkNnMHkxcnljNEp1UDFSZWprUmpGYzQyeHVSVVAyNVFIZUNGWjF1cHZZem91VDNZdzdBNmx4R0JXTTBENVNjZ1F5dGhrNzZTaU9laG0xV3pscThBa2lacF92TnVObGpLV3VBVHVJRWkzbkhzZHZVNDI0N0xPa08xaUtTQjJ0OGZDUUg4akl1VDlVYkNNYTNTSUNoWGtqWG51SFVEZ043Mk1hZkR1X3NST3JwUE5hTnh6a0t4TkHSAcsBQVVfeXFMTmlXTjNkVXc2S0N2U0FmRXVjVFZGcC1QejdscjRWNG5ja0ZzNFh0Z0JmRFNSLW5wWFBtVWU5MFBjM3d0MUZ2NlAtRmdOMHBYemw3WmRrTjVvOEJLc0puWDRDYU9ObGdrWHhEaDJ6TmlNZV9hYlJ4RVAwRGNjSGgtZzdUVzJMVS1YeGYzV0JQejdmU2lwN2s4VVA0NldlcWkyTWlKb0lETkNzVEExX3Y4WnB2cE1HU2V5bkJ4UUxSRjJuRTBiRnowcXJkdG8?oc=5\" target=\"_blank\" rel=\"nofollow noopener\">Ver\u00f3nica S\u00e1nchez (48), sobre el final de &#8216;Los Serrano&#8217;: \u00abLos espa\u00f1oles nos hemos puesto de acuerdo en que no fue bueno\u00bb<\/a>&nbsp;&nbsp;El Espa\u00f1ol<\/li>\n<\/ol>\n","protected":false},"excerpt":{"rendered":"Ver\u00f3nica S\u00e1nchez: \u00abEstaba trabajando en una pizzer\u00eda de camarera cuando me dieron el papel protagonista de la pel\u00edcula\u00bb&nbsp;&nbsp;Cadena&hellip;\n","protected":false},"author":2,"featured_media":248356,"comment_status":"","ping_status":"","sticky":false,"template":"","format":"standard","meta":{"footnotes":""},"categories":[174],"tags":[255,146,147,25,24,256,23],"class_list":{"0":"post-270831","1":"post","2":"type-post","3":"status-publish","4":"format-standard","5":"has-post-thumbnail","7":"category-famosos","8":"tag-celebrities","9":"tag-entertainment","10":"tag-entretenimiento","11":"tag-es","12":"tag-espana","13":"tag-famosos","14":"tag-spain"},"share_on_mastodon":{"url":"https:\/\/pubeurope.com\/@es\/115661667534884042","error":""},"_links":{"self":[{"href":"https:\/\/www.europesays.com\/es\/wp-json\/wp\/v2\/posts\/270831","targetHints":{"allow":["GET"]}}],"collection":[{"href":"https:\/\/www.europesays.com\/es\/wp-json\/wp\/v2\/posts"}],"about":[{"href":"https:\/\/www.europesays.com\/es\/wp-json\/wp\/v2\/types\/post"}],"author":[{"embeddable":true,"href":"https:\/\/www.europesays.com\/es\/wp-json\/wp\/v2\/users\/2"}],"replies":[{"embeddable":true,"href":"https:\/\/www.europesays.com\/es\/wp-json\/wp\/v2\/comments?post=270831"}],"version-history":[{"count":0,"href":"https:\/\/www.europesays.com\/es\/wp-json\/wp\/v2\/posts\/270831\/revisions"}],"wp:featuredmedia":[{"embeddable":true,"href":"https:\/\/www.europesays.com\/es\/wp-json\/wp\/v2\/media\/248356"}],"wp:attachment":[{"href":"https:\/\/www.europesays.com\/es\/wp-json\/wp\/v2\/media?parent=270831"}],"wp:term":[{"taxonomy":"category","embeddable":true,"href":"https:\/\/www.europesays.com\/es\/wp-json\/wp\/v2\/categories?post=270831"},{"taxonomy":"post_tag","embeddable":true,"href":"https:\/\/www.europesays.com\/es\/wp-json\/wp\/v2\/tags?post=270831"}],"curies":[{"name":"wp","href":"https:\/\/api.w.org\/{rel}","templated":true}]}}