{"id":270861,"date":"2025-12-04T14:23:10","date_gmt":"2025-12-04T14:23:10","guid":{"rendered":"https:\/\/www.europesays.com\/es\/270861\/"},"modified":"2025-12-04T14:23:10","modified_gmt":"2025-12-04T14:23:10","slug":"una-buena-noticia-para-simeone-entre-tanta-baja","status":"publish","type":"post","link":"https:\/\/www.europesays.com\/es\/270861\/","title":{"rendered":"Una buena noticia para Simeone entre tanta baja"},"content":{"rendered":"<p data-gtm-element-container=\"modulo-texto-link\" class=\"paragraph\">El<strong> Atl\u00e9tico de Madrid r<\/strong>egres\u00f3 este jueves al trabajo tras el d\u00eda libre de la plantilla despu\u00e9s de la derrota en el Camp Nou. Lo hizo para preparar otra exigente visita, la del s\u00e1bado a San Mam\u00e9s, donde espera un <strong>Athletic <\/strong>que ayer cay\u00f3 con contundencia en casa frente al Real Madrid (0-3).<\/p>\n<p>        Lee tambi\u00e9n<\/p>\n<p>    Chema G. Fuente<\/p>\n<p>             <img loading=\"lazy\" decoding=\"async\" data-full-src=\"https:\/\/www.mundodeportivo.com\/uploads\/2025\/12\/02\/692f56c6d6832.jpeg\" alt=\"Horizontal\" width=\"334\" height=\"164\" src=\"https:\/\/www.europesays.com\/es\/wp-content\/uploads\/2025\/12\/692f56c6d6832.jpeg\" class=\"lazy\"\/><\/p>\n<p data-gtm-element-container=\"modulo-texto-link\" class=\"paragraph\">Los que fueron titulares ante el Barcelona (y <strong>Koke<\/strong>) tuvieron una sesi\u00f3n light en el gimnasio. M\u00e1s exigente fue para los que no formaron en el once, que tras tener trabajo f\u00edsico pasaron al campo de al lado para ensayar la t\u00e1ctica, con un <strong>Simeone <\/strong>muy metido en el entrenamiento.<\/p>\n<p data-gtm-element-container=\"modulo-texto-link\" class=\"paragraph\">No estuvieron los cuatro lesionados que tiene ahora mismo el Atl\u00e9tico de Madrid. Porque a <strong>Llorente<\/strong>, que cay\u00f3 en Getafe y sigue recuper\u00e1ndose, se unieron en la Ciudad Condal <strong>Baena, Gim\u00e9nez y Cardoso<\/strong>. Los dos primeros tienen una leve lesi\u00f3n muscular en un muslo y el estadounidense, un golpe en la rodilla que de momento le impide ejercitarse con normalidad. Tiene complicado llegar a San Mam\u00e9s. El resto est\u00e1n descartados.<\/p>\n<blockquote class=\"twitter-tweet\" data-lang=\"es\"><p>\n<a href=\"https:\/\/twitter.com\/Atletico_MD\/status\/1996525566028345504\" rel=\"nofollow noopener\" target=\"_blank\">\n<\/p><\/blockquote>\n<p data-gtm-element-container=\"modulo-texto-link\" class=\"paragraph\">Pero entre tanta baja, Simeone recibi\u00f3 una buena noticia. La protagonizada por <strong>Robin Le Normand<\/strong>. Tras una semana incorpor\u00e1ndose progresivamente al grupo, el central ya es uno m\u00e1s a las \u00f3rdenes del <strong>Cholo<\/strong>, que podr\u00e1 contar con \u00e9l para la cita del s\u00e1bado.<\/p>\n<p>        Lee tambi\u00e9n<\/p>\n<p>    Chema G. Fuente<\/p>\n<p>             <img loading=\"lazy\" decoding=\"async\" data-full-src=\"https:\/\/www.mundodeportivo.com\/uploads\/2021\/08\/18\/611c9a99ea12c.jpeg\" alt=\"SAO PAULO, BRAZIL - AUGUST 17: Patrick de Paula (L) of Palmeiras celebrates with teammate after scoring the third goal of his team during a quarter final second leg match between Palmeiras and Sao Paulo as part of Copa CONMEBOL Libertadores 2021 at Allianz Parque on August 17, 2021 in Sao Paulo, Brazil. (Photo by Nelson Almeida - Pool\/Getty Images)\" width=\"334\" height=\"164\" src=\"https:\/\/www.europesays.com\/es\/wp-content\/uploads\/2025\/12\/611c9a99ea12c.r_d.1455-927.jpeg\" class=\"lazy\"\/><\/p>\n<p data-gtm-element-container=\"modulo-texto-link\" class=\"paragraph\">Un alivio para el preparador argentino, que no tendr\u00e1 a su disposici\u00f3n a <strong>Gim\u00e9nez <\/strong>para esta cita, pero que ve c\u00f3mo la defensa no se queda tan coja con el regreso del internacional espa\u00f1ol, que no juega desde el choque ante el Union St. Gilloise.<\/p>\n<p><script async src=\"https:\/\/platform.twitter.com\/widgets.js\" charset=\"utf-8\"><\/script><\/p>\n","protected":false},"excerpt":{"rendered":"El Atl\u00e9tico de Madrid regres\u00f3 este jueves al trabajo tras el d\u00eda libre de la plantilla despu\u00e9s de&hellip;\n","protected":false},"author":2,"featured_media":270862,"comment_status":"","ping_status":"","sticky":false,"template":"","format":"standard","meta":{"footnotes":""},"categories":[268],"tags":[168,25,24,280,282,281,23,167],"class_list":{"0":"post-270861","1":"post","2":"type-post","3":"status-publish","4":"format-standard","5":"has-post-thumbnail","7":"category-futbol","8":"tag-deportes","9":"tag-es","10":"tag-espana","11":"tag-football","12":"tag-futbol","13":"tag-soccer","14":"tag-spain","15":"tag-sports"},"share_on_mastodon":{"url":"https:\/\/pubeurope.com\/@es\/115661754007098095","error":""},"_links":{"self":[{"href":"https:\/\/www.europesays.com\/es\/wp-json\/wp\/v2\/posts\/270861","targetHints":{"allow":["GET"]}}],"collection":[{"href":"https:\/\/www.europesays.com\/es\/wp-json\/wp\/v2\/posts"}],"about":[{"href":"https:\/\/www.europesays.com\/es\/wp-json\/wp\/v2\/types\/post"}],"author":[{"embeddable":true,"href":"https:\/\/www.europesays.com\/es\/wp-json\/wp\/v2\/users\/2"}],"replies":[{"embeddable":true,"href":"https:\/\/www.europesays.com\/es\/wp-json\/wp\/v2\/comments?post=270861"}],"version-history":[{"count":0,"href":"https:\/\/www.europesays.com\/es\/wp-json\/wp\/v2\/posts\/270861\/revisions"}],"wp:featuredmedia":[{"embeddable":true,"href":"https:\/\/www.europesays.com\/es\/wp-json\/wp\/v2\/media\/270862"}],"wp:attachment":[{"href":"https:\/\/www.europesays.com\/es\/wp-json\/wp\/v2\/media?parent=270861"}],"wp:term":[{"taxonomy":"category","embeddable":true,"href":"https:\/\/www.europesays.com\/es\/wp-json\/wp\/v2\/categories?post=270861"},{"taxonomy":"post_tag","embeddable":true,"href":"https:\/\/www.europesays.com\/es\/wp-json\/wp\/v2\/tags?post=270861"}],"curies":[{"name":"wp","href":"https:\/\/api.w.org\/{rel}","templated":true}]}}