{"id":270865,"date":"2025-12-04T14:25:08","date_gmt":"2025-12-04T14:25:08","guid":{"rendered":"https:\/\/www.europesays.com\/es\/270865\/"},"modified":"2025-12-04T14:25:08","modified_gmt":"2025-12-04T14:25:08","slug":"fallece-el-escultor-zamorano-jose-luis-alonso-coomonte","status":"publish","type":"post","link":"https:\/\/www.europesays.com\/es\/270865\/","title":{"rendered":"Fallece el escultor zamorano Jos\u00e9 Luis Alonso Coomonte"},"content":{"rendered":"<p class=\"paragraph-atom &#10;        A-500-300-700-N A-550-300-700-N--md  \">La ciudad de Benavente y toda la provincia de Zamora lloran la p\u00e9rdida de <strong>Jos\u00e9 Luis Alonso Coomonte<\/strong>, nacido en 1932, uno de los escultores m\u00e1s influyentes de la escena espa\u00f1ola contempor\u00e1nea y Premio de las Artes de Castilla y Le\u00f3n 2020.<\/p>\n<p class=\"paragraph-atom &#10;        A-500-300-700-N A-550-300-700-N--md  \">Coomonte destac\u00f3 por su <strong>dominio del hierro forjado y el cristal<\/strong>, materiales que convirti\u00f3 en obras de arte capaces de dialogar con la arquitectura y el espacio p\u00fablico. Form\u00f3 parte del grupo <strong>Gremio 62<\/strong>, impulsor de la renovaci\u00f3n del arte sacro en Espa\u00f1a, y dej\u00f3 su impronta en iglesias, edificios institucionales y espacios urbanos de todo el pa\u00eds.<\/p>\n<p class=\"paragraph-atom &#10;        A-500-300-700-N A-550-300-700-N--md  \">A lo largo de su carrera, Jos\u00e9 Luis Alonso Coomonte mantuvo su taller en <strong>San Marcial, un peque\u00f1o pueblo de Zamora<\/strong>, desde donde continu\u00f3 trabajando con pasi\u00f3n hasta sus \u00faltimos a\u00f1os, creando piezas que combinan t\u00e9cnica, sensibilidad y modernidad. Su obra no solo est\u00e1 presente en el territorio nacional, sino que ha marcado generaciones de artistas y ha elevado el prestigio cultural de su tierra natal.<\/p>\n<p class=\"paragraph-atom &#10;        A-500-300-700-N A-550-300-700-N--md  \">En <strong>marzo de 2021<\/strong>, recibi\u00f3 el <strong>Premio de las Artes de Castilla y Le\u00f3n 2020<\/strong>, reconocimiento que subray\u00f3 su trayectoria, su contribuci\u00f3n a la escultura espa\u00f1ola y su papel como embajador de la cultura zamorana.<\/p>\n<p class=\"paragraph-atom &#10;        A-500-300-700-N A-550-300-700-N--md  \">Su fallecimiento deja un vac\u00edo en la comunidad art\u00edstica y en la provincia, pero su legado permanecer\u00e1 vivo en cada obra y en la memoria de quienes admiraron su talento y compromiso con el arte.<\/p>\n","protected":false},"excerpt":{"rendered":"La ciudad de Benavente y toda la provincia de Zamora lloran la p\u00e9rdida de Jos\u00e9 Luis Alonso Coomonte,&hellip;\n","protected":false},"author":2,"featured_media":270866,"comment_status":"","ping_status":"","sticky":false,"template":"","format":"standard","meta":{"footnotes":""},"categories":[173],"tags":[229,233,231,230,232,234,146,147,25,14397,24,5992,2467,7820,23,2433],"class_list":{"0":"post-270865","1":"post","2":"type-post","3":"status-publish","4":"format-standard","5":"has-post-thumbnail","7":"category-arte-y-diseno","8":"tag-arte","9":"tag-arte-y-diseno","10":"tag-arts","11":"tag-arts-and-design","12":"tag-design","13":"tag-diseno","14":"tag-entertainment","15":"tag-entretenimiento","16":"tag-es","17":"tag-escultor","18":"tag-espana","19":"tag-fallece","20":"tag-jose","21":"tag-luis","22":"tag-spain","23":"tag-zamorano"},"share_on_mastodon":{"url":"https:\/\/pubeurope.com\/@es\/115661761605289958","error":""},"_links":{"self":[{"href":"https:\/\/www.europesays.com\/es\/wp-json\/wp\/v2\/posts\/270865","targetHints":{"allow":["GET"]}}],"collection":[{"href":"https:\/\/www.europesays.com\/es\/wp-json\/wp\/v2\/posts"}],"about":[{"href":"https:\/\/www.europesays.com\/es\/wp-json\/wp\/v2\/types\/post"}],"author":[{"embeddable":true,"href":"https:\/\/www.europesays.com\/es\/wp-json\/wp\/v2\/users\/2"}],"replies":[{"embeddable":true,"href":"https:\/\/www.europesays.com\/es\/wp-json\/wp\/v2\/comments?post=270865"}],"version-history":[{"count":0,"href":"https:\/\/www.europesays.com\/es\/wp-json\/wp\/v2\/posts\/270865\/revisions"}],"wp:featuredmedia":[{"embeddable":true,"href":"https:\/\/www.europesays.com\/es\/wp-json\/wp\/v2\/media\/270866"}],"wp:attachment":[{"href":"https:\/\/www.europesays.com\/es\/wp-json\/wp\/v2\/media?parent=270865"}],"wp:term":[{"taxonomy":"category","embeddable":true,"href":"https:\/\/www.europesays.com\/es\/wp-json\/wp\/v2\/categories?post=270865"},{"taxonomy":"post_tag","embeddable":true,"href":"https:\/\/www.europesays.com\/es\/wp-json\/wp\/v2\/tags?post=270865"}],"curies":[{"name":"wp","href":"https:\/\/api.w.org\/{rel}","templated":true}]}}