{"id":270869,"date":"2025-12-04T14:28:10","date_gmt":"2025-12-04T14:28:10","guid":{"rendered":"https:\/\/www.europesays.com\/es\/270869\/"},"modified":"2025-12-04T14:28:10","modified_gmt":"2025-12-04T14:28:10","slug":"entrevista-sorteo-matt-tuck-de-bullet-for-my-valentine-en-rock-pop","status":"publish","type":"post","link":"https:\/\/www.europesays.com\/es\/270869\/","title":{"rendered":"[ENTREVISTA + SORTEO] Matt Tuck de Bullet For My Valentine en Rock &#038; Pop"},"content":{"rendered":"<p>20 a\u00f1os de The Poison y el recuerdo de Sam Rivers.<\/p>\n<p>Se acerca el <strong>Loserville Tour<\/strong> <strong>en Argentina<\/strong> \u2014este 16 de diciembre en el Parque Sarmiento\u2014 y en la previa del festival, <strong>Cari Tokman<\/strong> habl\u00f3 en exclusiva con <strong>Matt Tuck, cantante y guitarrista de Bullet For My Valentine<\/strong>, una de las bandas m\u00e1s influyentes del metal moderno.<\/p>\n<p>Los galeses llegan en un momento especial: se cumplen 20 a\u00f1os de The Poison, el disco debut que los llev\u00f3 a un lugar inesperado y marc\u00f3 a toda una generaci\u00f3n.<\/p>\n<p>\u00abFue un \u00e1lbum que cultiv\u00f3 toda nuestra carrera y toda nuestra vida. Veinte a\u00f1os despu\u00e9s todav\u00eda tiene un lugar en el mundo del rock y el metal, y la gente lo sigue amando. La gente sigue descubriendo Bullet For My Valentine por ese disco. La gente sigue empezando a meterse en el heavy metal por ese \u00e1lbum\u00bb, cont\u00f3 Tuck.<\/p>\n<p><strong>Bullet For My Valentine<\/strong> se ha consolidado como una pieza clave no solo para la comunidad metalera sino para la m\u00fasica brit\u00e1nica de las \u00faltimas dos d\u00e9cadas. Y el festejo de este aniversario los agarra en plena ruta, reencontr\u00e1ndose con fans de todo el mundo \u2014y con una parada muy esperada en Buenos Aires\u2014.<\/p>\n<p><strong>Limp Bizkit, la emoci\u00f3n del reencuentro y la ausencia de Sam Rivers<\/strong><\/p>\n<p>\u00a0<\/p>\n<p>La visita de <strong>Limp Bizkit<\/strong> a la Argentina tendr\u00e1 un plus emocional: ser\u00e1 el reencuentro con su p\u00fablico tras la reciente despedida de <strong>Sam Rivers<\/strong>, bajista y miembro fundador de la banda.<\/p>\n<p>Consultado sobre la ausencia de Sam, Matt fue directo:<\/p>\n<p>\u00abFui fan de Limp Bizkit durante casi treinta a\u00f1os. Los vi por primera vez en Gales, como soporte de Korn en la gira \u2018Life Is Peachy\u2019. Ese momento fue enorme para m\u00ed. Esa banda y esa formaci\u00f3n est\u00e1n grabadas en mi ADN musical. Y Sam fue la columna vertebral de eso. S\u00ed, sentimos su p\u00e9rdida.\u00bb<\/p>\n<p><strong>El Loserville Tour llega con Limp Bizkit como headliner y un line-up demoledor que completa: Bullet For My Valentine, 311, Ecca Vandal, Slay Squad y Riff Raff<\/strong>. <strong>Entradas a la venta \u00fanicamente en <a href=\"https:\/\/entradauno.com\/landing\/15308-loserville?idEspectaculoCartel=15308&amp;cHashValidacion=e77feb67429796f874cc16d726a3ee7ecf1c91af\" target=\"_blank\" rel=\"noopener nofollow\">entradauno.com<\/a><\/strong><\/p>\n<p><strong>No te pierdas la entrevista completa con Matt Tuck en Rock &amp; Pop.<\/strong><\/p>\n<blockquote><p>\/\/\/ SORTEO \/\/\/ \u00bfManija? Te entendemos, por eso esto es para vos. Particip\u00e1 por entradas para el Loserville Tour dejando tu comentario en esta nota. Entre quienes escriban saldran los ganadores o ganadoras.<\/p><\/blockquote>\n","protected":false},"excerpt":{"rendered":"20 a\u00f1os de The Poison y el recuerdo de Sam Rivers. Se acerca el Loserville Tour en Argentina&hellip;\n","protected":false},"author":2,"featured_media":270870,"comment_status":"","ping_status":"","sticky":false,"template":"","format":"standard","meta":{"footnotes":""},"categories":[170],"tags":[66533,146,147,25,24,37984,66534,66532,184,185,52433,23],"class_list":{"0":"post-270869","1":"post","2":"type-post","3":"status-publish","4":"format-standard","5":"has-post-thumbnail","7":"category-musica","8":"tag-bullet-for-my-valentine","9":"tag-entertainment","10":"tag-entretenimiento","11":"tag-es","12":"tag-espana","13":"tag-limp-bizkit","14":"tag-loserville-tour","15":"tag-matt-tuck","16":"tag-music","17":"tag-musica","18":"tag-sam-rivers","19":"tag-spain"},"share_on_mastodon":{"url":"https:\/\/pubeurope.com\/@es\/115661773553957504","error":""},"_links":{"self":[{"href":"https:\/\/www.europesays.com\/es\/wp-json\/wp\/v2\/posts\/270869","targetHints":{"allow":["GET"]}}],"collection":[{"href":"https:\/\/www.europesays.com\/es\/wp-json\/wp\/v2\/posts"}],"about":[{"href":"https:\/\/www.europesays.com\/es\/wp-json\/wp\/v2\/types\/post"}],"author":[{"embeddable":true,"href":"https:\/\/www.europesays.com\/es\/wp-json\/wp\/v2\/users\/2"}],"replies":[{"embeddable":true,"href":"https:\/\/www.europesays.com\/es\/wp-json\/wp\/v2\/comments?post=270869"}],"version-history":[{"count":0,"href":"https:\/\/www.europesays.com\/es\/wp-json\/wp\/v2\/posts\/270869\/revisions"}],"wp:featuredmedia":[{"embeddable":true,"href":"https:\/\/www.europesays.com\/es\/wp-json\/wp\/v2\/media\/270870"}],"wp:attachment":[{"href":"https:\/\/www.europesays.com\/es\/wp-json\/wp\/v2\/media?parent=270869"}],"wp:term":[{"taxonomy":"category","embeddable":true,"href":"https:\/\/www.europesays.com\/es\/wp-json\/wp\/v2\/categories?post=270869"},{"taxonomy":"post_tag","embeddable":true,"href":"https:\/\/www.europesays.com\/es\/wp-json\/wp\/v2\/tags?post=270869"}],"curies":[{"name":"wp","href":"https:\/\/api.w.org\/{rel}","templated":true}]}}