{"id":270897,"date":"2025-12-04T14:47:09","date_gmt":"2025-12-04T14:47:09","guid":{"rendered":"https:\/\/www.europesays.com\/es\/270897\/"},"modified":"2025-12-04T14:47:09","modified_gmt":"2025-12-04T14:47:09","slug":"sheila-devil-hija-de-camilo-sesto-ingresada-de-urgencia-en-un-hospital-madrileno","status":"publish","type":"post","link":"https:\/\/www.europesays.com\/es\/270897\/","title":{"rendered":"Sheila Devil, hija de Camilo Sesto, ingresada de urgencia en un hospital madrile\u00f1o"},"content":{"rendered":"<p><img alt=\"Sheila Devil. (Instagram\/Captura de Pantalla)\" class=\"global-image\" decoding=\"async\" fetchpriority=\"high\" height=\"404\" loading=\"eager\" src=\"https:\/\/www.europesays.com\/es\/wp-content\/uploads\/2025\/12\/ULIQ34UZBRAE7C4B3R3T4QNVUQ.png\" width=\"718\"\/>Sheila Devil. (Instagram\/Captura de Pantalla)<\/p>\n<p class=\"paragraph\">La preocupaci\u00f3n en torno a Sheila Devil, la <a rel=\"noopener noreferrer nofollow\" href=\"https:\/\/www.infobae.com\/espana\/2025\/05\/08\/sheila-devil-hija-de-camilo-sesto-preocupa-a-sus-seguidores-al-confesar-que-sufre-ataques-de-panico\/\" target=\"_self\" title=\"https:\/\/www.infobae.com\/espana\/2025\/05\/08\/sheila-devil-hija-de-camilo-sesto-preocupa-a-sus-seguidores-al-confesar-que-sufre-ataques-de-panico\/\">hija de Camilo Sesto<\/a>, vuelve a situarse en el primer plano medi\u00e1tico. La artista se encuentra <b>ingresada en el Hospital Universitario Puerta de Hierro de Madrid<\/b> tras haber sufrido varios episodios de ansiedad que requirieron atenci\u00f3n m\u00e9dica. Por ahora, no se ha hecho p\u00fablica nueva informaci\u00f3n sobre su evoluci\u00f3n ni se conoce cu\u00e1ndo podr\u00eda recibir el alta.<\/p>\n<p class=\"paragraph\">Quien s\u00ed ha sido vista en las inmediaciones del centro hospitalario es <b>Lourdes Ornelas<\/b>, madre de Sheila, que <a href=\"https:\/\/www.infobae.com\/espana\/2025\/09\/08\/seis-anos-sin-camilo-sesto-la-gran-preocupacion-por-su-unica-hija-sheila-devil-y-el-declive-de-su-mansion-madrilena\/\" target=\"_blank\" rel=\"noreferrer nofollow noopener\" title=\"https:\/\/www.infobae.com\/espana\/2025\/09\/08\/seis-anos-sin-camilo-sesto-la-gran-preocupacion-por-su-unica-hija-sheila-devil-y-el-declive-de-su-mansion-madrilena\/\">a<\/a><a href=\"https:\/\/www.infobae.com\/espana\/2025\/09\/08\/seis-anos-sin-camilo-sesto-la-gran-preocupacion-por-su-unica-hija-sheila-devil-y-el-declive-de-su-mansion-madrilena\/\" target=\"_blank\" rel=\"noreferrer nofollow noopener\" title=\"https:\/\/www.infobae.com\/espana\/2025\/09\/08\/seis-anos-sin-camilo-sesto-la-gran-preocupacion-por-su-unica-hija-sheila-devil-y-el-declive-de-su-mansion-madrilena\/\">cudi\u00f3 al hospital<\/a> en cuanto tuvo conocimiento del ingreso. As\u00ed lo afirma Look, que desvela que la mexicana ha sido visa entrando semblante serio y concentrado, sin declaraciones y centrada \u00fanicamente en acceder al interior del edificio. Su presencia all\u00ed confirma, una vez m\u00e1s, que contin\u00faa atenta a la situaci\u00f3n de su hija.<\/p>\n<p class=\"paragraph\">En los \u00faltimos meses, Lourdes ha intervenido en distintos programas de televisi\u00f3n y entrevistas donde ha hablado abiertamente de sus preocupaciones relacionadas con la salud de Sheila y con las dificultades que ha atravesado. Siempre ha mantenido un tono prudente, insistiendo en que es importante no dramatizar y acompa\u00f1ar a su hija de la manera m\u00e1s equilibrada posible, enfatizando que, cuando Sheila la necesita, ella acude sin poner condiciones.<\/p>\n<p><img alt=\"Fotos de Camilo Blanes en\" class=\"global-image\" decoding=\"async\" fetchpriority=\"low\" height=\"924\" loading=\"lazy\" src=\"https:\/\/www.europesays.com\/es\/wp-content\/uploads\/2025\/12\/XJTU4P4WOND4VI7CMRVTLPDJ2E.jpg\" width=\"1640\"\/>Fotos de Camilo Blanes en la casa de su padre, Camilo Sesto (Instagram)<\/p>\n<p class=\"paragraph\">El ingreso actual no es el primero que Sheila ha tenido en este mismo hospital. En 2021 atraves\u00f3 un momento especialmente delicado al ser ingresada en la UCI debido a una <b>neumon\u00eda grave<\/b> que comprometi\u00f3 seriamente su salud. Permaneci\u00f3 hospitalizada m\u00e1s de un mes, hasta que en febrero de 2022 recibi\u00f3 el alta m\u00e9dica tras un proceso de recuperaci\u00f3n largo y complejo. Meses despu\u00e9s, en septiembre de ese mismo a\u00f1o, tuvo que ser atendida nuevamente tras sufrir un <b>microinfarto cerebral<\/b>.<\/p>\n<p class=\"paragraph\">Ya en diciembre de 2023, diferentes medios informaron de que personas de su entorno hab\u00edan intentado que Sheila aceptara ingresar en un <a rel=\"noopener noreferrer nofollow\" href=\"https:\/\/www.infobae.com\/sociedad\/2020\/06\/26\/fue-adicto-y-creo-un-centro-para-ayudar-a-los-jovenes-que-buscan-salir-del-infierno-en-medio-de-la-pandemia\/\" target=\"_self\" title=\"https:\/\/www.infobae.com\/sociedad\/2020\/06\/26\/fue-adicto-y-creo-un-centro-para-ayudar-a-los-jovenes-que-buscan-salir-del-infierno-en-medio-de-la-pandemia\/\">centro especializado en adicciones<\/a>. Sin embargo, seg\u00fan esas informaciones, la artista no accedi\u00f3 a iniciar ning\u00fan tratamiento de ese tipo.<\/p>\n<p class=\"paragraph\">Adem\u00e1s de sus episodios m\u00e9dicos, las redes sociales de Sheila Devil han sido objeto de atenci\u00f3n. Desde que anunci\u00f3 su transici\u00f3n y adopt\u00f3 su nueva identidad p\u00fablica, sus publicaciones han mostrado aspectos de su d\u00eda a d\u00eda que han generado numerosos comentarios. En las im\u00e1genes que comparte se aprecia un <b>cambio f\u00edsico notable<\/b>, y tambi\u00e9n se observan espacios de su vivienda con desorden visible, bolsas en el suelo y se\u00f1ales de falta de mantenimiento. Esto ha provocado reacciones variadas entre sus seguidores, que comentan cada movimiento en busca de entender qu\u00e9 est\u00e1 ocurriendo.<\/p>\n<p><img alt=\"Shaila Devil en una imagen\" class=\"global-image\" decoding=\"async\" fetchpriority=\"low\" height=\"486\" loading=\"lazy\" src=\"https:\/\/www.europesays.com\/es\/wp-content\/uploads\/2025\/12\/IQC7T2M6UZF5FPPW2RP42OMXVU.jpeg\" width=\"864\"\/>Shaila Devil en una imagen de sus redes sociales. (instagram.com\/sheila.devil)<\/p>\n<p class=\"paragraph\">En estos momentos,<b> Sheila contin\u00faa ingresada <\/b>mientras recibe la atenci\u00f3n m\u00e9dica correspondiente. Lourdes, por su parte, se ha limitado a acudir al hospital sin ofrecer declaraciones, manteniendo la discreci\u00f3n que ha repetido en las ocasiones en que ha hablado p\u00fablicamente sobre su hija.<\/p>\n<p class=\"paragraph\">A la espera de nueva informaci\u00f3n oficial sobre su evoluci\u00f3n, lo \u00fanico confirmado es que Sheila<a rel=\"noopener noreferrer nofollow\" href=\"https:\/\/www.infobae.com\/espana\/2025\/05\/08\/sheila-devil-hija-de-camilo-sesto-preocupa-a-sus-seguidores-al-confesar-que-sufre-ataques-de-panico\/\" target=\"_self\" title=\"https:\/\/www.infobae.com\/espana\/2025\/05\/08\/sheila-devil-hija-de-camilo-sesto-preocupa-a-sus-seguidores-al-confesar-que-sufre-ataques-de-panico\/\"> se encuentra bajo supervisi\u00f3n m\u00e9dica<\/a> y que su madre permanece cerca, como ha hecho siempre que han surgido circunstancias complicadas.<\/p>\n<p><script async src=\"\/\/www.instagram.com\/embed.js\"><\/script><\/p>\n","protected":false},"excerpt":{"rendered":"Sheila Devil. (Instagram\/Captura de Pantalla) La preocupaci\u00f3n en torno a Sheila Devil, la hija de Camilo Sesto, vuelve&hellip;\n","protected":false},"author":2,"featured_media":270898,"comment_status":"","ping_status":"","sticky":false,"template":"","format":"standard","meta":{"footnotes":""},"categories":[174],"tags":[19316,255,146,147,25,24,256,39241,23],"class_list":["post-270897","post","type-post","status-publish","format-standard","has-post-thumbnail","category-famosos","tag-camilo","tag-celebrities","tag-entertainment","tag-entretenimiento","tag-es","tag-espana","tag-famosos","tag-sesto","tag-spain"],"share_on_mastodon":{"url":"https:\/\/pubeurope.com\/@es\/115661848539246045","error":""},"_links":{"self":[{"href":"https:\/\/www.europesays.com\/es\/wp-json\/wp\/v2\/posts\/270897","targetHints":{"allow":["GET"]}}],"collection":[{"href":"https:\/\/www.europesays.com\/es\/wp-json\/wp\/v2\/posts"}],"about":[{"href":"https:\/\/www.europesays.com\/es\/wp-json\/wp\/v2\/types\/post"}],"author":[{"embeddable":true,"href":"https:\/\/www.europesays.com\/es\/wp-json\/wp\/v2\/users\/2"}],"replies":[{"embeddable":true,"href":"https:\/\/www.europesays.com\/es\/wp-json\/wp\/v2\/comments?post=270897"}],"version-history":[{"count":0,"href":"https:\/\/www.europesays.com\/es\/wp-json\/wp\/v2\/posts\/270897\/revisions"}],"wp:featuredmedia":[{"embeddable":true,"href":"https:\/\/www.europesays.com\/es\/wp-json\/wp\/v2\/media\/270898"}],"wp:attachment":[{"href":"https:\/\/www.europesays.com\/es\/wp-json\/wp\/v2\/media?parent=270897"}],"wp:term":[{"taxonomy":"category","embeddable":true,"href":"https:\/\/www.europesays.com\/es\/wp-json\/wp\/v2\/categories?post=270897"},{"taxonomy":"post_tag","embeddable":true,"href":"https:\/\/www.europesays.com\/es\/wp-json\/wp\/v2\/tags?post=270897"}],"curies":[{"name":"wp","href":"https:\/\/api.w.org\/{rel}","templated":true}]}}