{"id":270903,"date":"2025-12-04T14:51:15","date_gmt":"2025-12-04T14:51:15","guid":{"rendered":"https:\/\/www.europesays.com\/es\/270903\/"},"modified":"2025-12-04T14:51:15","modified_gmt":"2025-12-04T14:51:15","slug":"los-10-mejores-covers-que-dua-lipa-hizo-en-el-tour-radical-optimism-seleccionados-por-vogue","status":"publish","type":"post","link":"https:\/\/www.europesays.com\/es\/270903\/","title":{"rendered":"Los 10 mejores covers que Dua Lipa hizo en el tour Radical Optimism seleccionados por Vogue"},"content":{"rendered":"<p>Don\u2019t Speak &#8211; Los \u00c1ngeles, Estados Unidos<\/p>\n<p><strong>El 8 de octubre de 2025 Dua Lipa cant\u00f3 Don\u2019t Speak en Los \u00c1ngeles<\/strong>. Como parte de las sorpresas de la noche durante la serie de conciertos que realiz\u00f3 en el Kia Forum, la cantante invit\u00f3 a Gwen Stefani al escenario para revivir uno de los t\u00edtulos m\u00e1s reconocidos de No Doubt. Los 90 est\u00e1n en el aire, y aunque No Scrubs de TLC fue perfecta, el premio para el cl\u00e1sico de la d\u00e9cada se lo lleva Don&#8217;t Speak junto a la vocalista de No Doubt. No creo que haya habido una sola persona que no la coreara. \u2013LG<\/p>\n<p>De m\u00fasica ligera &#8211; Buenos Aires, Argentina<\/p>\n<p><strong>El 7 de noviembre de 2025 Dua Lipa sorprendi\u00f3 a sus fans en Argentina al interpretar De m\u00fasica ligera<\/strong>, una canci\u00f3n de Soda Stereo. Era una de las apuestas m\u00e1s seguras para su estancia en el pa\u00eds latinoamericano, este tema de 1990 es un himno del rock en espa\u00f1ol y a lo largo de toda la gira, Dua ha mostrado tener una voz ideal para este g\u00e9nero. \u2013FP<\/p>\n<p>Cari\u00f1ito &#8211; Lima, Per\u00fa<\/p>\n<p><strong>El 25 de noviembre de 2025 Dua Lipa cant\u00f3 Cari\u00f1ito en su concierto en Per\u00fa<\/strong>. La canci\u00f3n es original del compositor lime\u00f1o \u00c1ngel An\u00edbal Rosado y data de 1979, es una de las cumbias peruanas m\u00e1s ic\u00f3nicas del pa\u00eds. La cantante tambi\u00e9n se subi\u00f3 a este g\u00e9nero (de forma espectacular) acompa\u00f1ada de Mauricio Mesones, uno de los varios artistas que han reinterpretado el tema a lo largo del tiempo. \u2013FP<\/p>\n<p>Antolog\u00eda &#8211; Bogot\u00e1, Colombia<\/p>\n<p><strong>El 28 de noviembre de 2025 Dua Lipa cant\u00f3 Antolog\u00eda de Shakira en el Estadio El Camp\u00edn Bogot\u00e1<\/strong>. Uno de los momentos m\u00e1s emotivos en el tour Radical Optimism sin duda fue cuando cant\u00f3 Antolog\u00eda en Bogot\u00e1. No solo por lo simb\u00f3lico que fue homenajear a Shakira en su pa\u00eds, tambi\u00e9n por el sentimiento con el que la cant\u00f3. Realmente conect\u00f3 con la letra y a la vez con el p\u00fablico. \u2013LG<\/p>\n<p>Torn &#8211; Melbourne, Australia<\/p>\n<p><strong>Dua Lipa present\u00f3 su interpretaci\u00f3n de Torn el 19 de marzo de 2025 en Australia<\/strong>. Durante su visita a la Tierra de abajo, la cantante revivi\u00f3 la nostalgia de los noventa con Torn, la canci\u00f3n con la que Natalie Imbruglia consolid\u00f3 su carrera en la industria con m\u00e1s de una nominaci\u00f3n en espacios como Billboard, MTV y los Grammy. \u2013 MV<\/p>\n","protected":false},"excerpt":{"rendered":"Don\u2019t Speak &#8211; Los \u00c1ngeles, Estados Unidos El 8 de octubre de 2025 Dua Lipa cant\u00f3 Don\u2019t Speak&hellip;\n","protected":false},"author":2,"featured_media":270904,"comment_status":"","ping_status":"","sticky":false,"template":"","format":"standard","meta":{"footnotes":""},"categories":[170],"tags":[14008,146,147,25,24,184,185,23],"class_list":{"0":"post-270903","1":"post","2":"type-post","3":"status-publish","4":"format-standard","5":"has-post-thumbnail","7":"category-musica","8":"tag-dua-lipa","9":"tag-entertainment","10":"tag-entretenimiento","11":"tag-es","12":"tag-espana","13":"tag-music","14":"tag-musica","15":"tag-spain"},"share_on_mastodon":{"url":"https:\/\/pubeurope.com\/@es\/115661863991908071","error":""},"_links":{"self":[{"href":"https:\/\/www.europesays.com\/es\/wp-json\/wp\/v2\/posts\/270903","targetHints":{"allow":["GET"]}}],"collection":[{"href":"https:\/\/www.europesays.com\/es\/wp-json\/wp\/v2\/posts"}],"about":[{"href":"https:\/\/www.europesays.com\/es\/wp-json\/wp\/v2\/types\/post"}],"author":[{"embeddable":true,"href":"https:\/\/www.europesays.com\/es\/wp-json\/wp\/v2\/users\/2"}],"replies":[{"embeddable":true,"href":"https:\/\/www.europesays.com\/es\/wp-json\/wp\/v2\/comments?post=270903"}],"version-history":[{"count":0,"href":"https:\/\/www.europesays.com\/es\/wp-json\/wp\/v2\/posts\/270903\/revisions"}],"wp:featuredmedia":[{"embeddable":true,"href":"https:\/\/www.europesays.com\/es\/wp-json\/wp\/v2\/media\/270904"}],"wp:attachment":[{"href":"https:\/\/www.europesays.com\/es\/wp-json\/wp\/v2\/media?parent=270903"}],"wp:term":[{"taxonomy":"category","embeddable":true,"href":"https:\/\/www.europesays.com\/es\/wp-json\/wp\/v2\/categories?post=270903"},{"taxonomy":"post_tag","embeddable":true,"href":"https:\/\/www.europesays.com\/es\/wp-json\/wp\/v2\/tags?post=270903"}],"curies":[{"name":"wp","href":"https:\/\/api.w.org\/{rel}","templated":true}]}}