{"id":270934,"date":"2025-12-04T15:14:16","date_gmt":"2025-12-04T15:14:16","guid":{"rendered":"https:\/\/www.europesays.com\/es\/270934\/"},"modified":"2025-12-04T15:14:16","modified_gmt":"2025-12-04T15:14:16","slug":"maestros-de-la-costura-celebrity-2-fusiona-arte-y-moda-en-el-museo-helga-alvear-de-caceres","status":"publish","type":"post","link":"https:\/\/www.europesays.com\/es\/270934\/","title":{"rendered":"\u2018Maestros de la costura Celebrity 2\u2019 fusiona arte y moda en el Museo Helga Alvear de C\u00e1ceres"},"content":{"rendered":"<p class=\"ft-text\">El talent show, producido por RTVE (para el <strong>prime time<\/strong> de La 1 de TVE) en colaboraci\u00f3n de Shine Iberia (Banijay Iberia), ha grabado en el <strong>Museo de Arte Contempor\u00e1neo Helga de Alvear<\/strong> de C\u00e1ceres una de sus <a class=\"ft-link ft-link--decoration\" href=\"https:\/\/www.elperiodicoextremadura.com\/caceres-local\/2025\/12\/03\/nuevo-escenario-estrella-maestros-costura-rodajes-124416290.amp.html\" target=\"_blank\" rel=\"nofollow noopener\">pruebas por equipos<\/a> de la <strong>segunda edici\u00f3n<\/strong> de Maestros de la costura Celebrity . En el arranque de la primer edici\u00f3n, el programa obtuvo un 10,5% de <strong>share <\/strong>y <strong>1.032.000 <\/strong>espectadores.<\/p>\n<p>Los rostros de la grabaci\u00f3n<\/p>\n<p class=\"ft-text\">La presentadora placentina, Raquel<strong> S\u00e1nchez Silva<\/strong>, y el jurado formado por Lorenzo <strong>Caprile<\/strong>, Mar\u00eda <strong>Escot\u00e9 <\/strong>y Luis <strong>de Javier <\/strong>coincidieron con Francisco <strong>Palomino<\/strong>, Secretario General de Cultura de la <a class=\"ft-link ft-link--decoration\" href=\"https:\/\/www.elperiodicoextremadura.com\/tags\/junta-de-extremadura\/\" rel=\"nofollow noopener\" target=\"_blank\">Junta de Extremadura<\/a>; Sol <strong>Giralt<\/strong>, Secretaria General de Econom\u00eda, Empresa y Comercio de la Junta de <a class=\"ft-link ft-link--decoration\" href=\"https:\/\/www.elperiodicoextremadura.com\/extremadura\/\" rel=\"nofollow noopener\" target=\"_blank\">Extremadura<\/a>; Miguel \u00c1ngel <strong>Mendiano<\/strong>, Director General de Extremadura Avante, y el Concejal de Econom\u00eda, Hacienda, Turismo y Relaciones <a class=\"ft-link ft-link--decoration\" href=\"https:\/\/www.elperiodicoextremadura.com\/universidad-extremadura\/\" rel=\"nofollow noopener\" target=\"_blank\">UEX<\/a>, \u00c1ngel <strong>Orgaz<\/strong>, en representaci\u00f3n del <a class=\"ft-link ft-link--decoration\" href=\"https:\/\/www.elperiodicoextremadura.com\/tags\/ayuntamiento-de-caceres\/\" rel=\"nofollow noopener\" target=\"_blank\">Ayuntamiento de C\u00e1ceres<\/a>.<\/p>\n<p class=\"ft-text\">El talent show \u2018 ha escogido la ciudad de <a class=\"ft-link ft-link--decoration\" href=\"https:\/\/www.elperiodicoextremadura.com\/caceres-local\/\" rel=\"nofollow noopener\" target=\"_blank\">C\u00e1ceres<\/a> como enclave para rodar una de sus pruebas por equipos. El programa se traslad\u00f3 al Museo Helga Alvear, donde los <strong>aprendices <\/strong>realizaron una prueba en la que se uni\u00f3 el mundo del arte con la moda.<\/p>\n<p>Aprendices<\/p>\n<p class=\"ft-text\">La segunda edici\u00f3n del talent se emitir\u00e1 a partir del a\u00f1o que viene. La modelo, actriz y presentadora <strong>Jaydy Michel<\/strong>, el cantante <strong>Mario Vaquerizo<\/strong>, el estilista y dise\u00f1ador de moda <strong>Josie<\/strong>, los actores <strong>Pep\u00f3n Nieto<\/strong>, <strong>Jazz Vil\u00e1<\/strong>, <strong>Mariola Fuentes<\/strong>, <strong>Silvia Marty,<\/strong> el pirag\u00fcista ol\u00edmpico<strong> Pau Ech\u00e1niz<\/strong>, la compositora y cantante<strong> Beatriz Luengo<\/strong> y los gemelos modelos <strong>Edu y Jorge Rom\u00e1n <\/strong>ser\u00e1n los aprendices que, durante las semanas de competici\u00f3n en el programa, descubrir\u00e1n las principales t\u00e9cnicas de costura y confecci\u00f3n, reproducir\u00e1n dise\u00f1os de alta costura y dar\u00e1n vida a las telas hasta convertirlas en todo tipo de prendas.<\/p>\n<p class=\"ft-text\">Con la grabaci\u00f3n de &#8216;Maestros de la Costura Celebrity&#8217; en el Museo Helga de Alvear \u00abse convierte en el epicentro del dise\u00f1o nacional\u00bb, aseguran desde el consistorio cacere\u00f1o.<\/p>\n<p class=\"ft-text\">Esta colaboraci\u00f3n, impulsada por la Junta de Extremadura, el Ayuntamiento de C\u00e1ceres y Extremadura Avante, con la colaboraci\u00f3n del Museo Helga de Alvear, fusiona la alta costura con el arte contempor\u00e1neo y el Patrimonio de la Humanidad, \u00abproyectando la imagen de la regi\u00f3n como un destino de turismo cultural y creativo de primer nivel\u00bb.<\/p>\n<p class=\"ft-text\">El evento supone un <strong>apoyo directo al sector textil<\/strong> de la comunidad y a la <strong>candidatura de C\u00e1ceres <\/strong>como Capital Europea de la Cultura en 2031, \u00abposicionando a Extremadura como referente de la moda \u00e9tica, la excelencia artesanal y la vanguardia en el panorama internacional\u00bb.<\/p>\n","protected":false},"excerpt":{"rendered":"El talent show, producido por RTVE (para el prime time de La 1 de TVE) en colaboraci\u00f3n de&hellip;\n","protected":false},"author":2,"featured_media":270935,"comment_status":"","ping_status":"","sticky":false,"template":"","format":"standard","meta":{"footnotes":""},"categories":[171],"tags":[10903,229,10109,45152,209,146,147,25,24,7234,39467,8844,2030,17909,23,214],"class_list":{"0":"post-270934","1":"post","2":"type-post","3":"status-publish","4":"format-standard","5":"has-post-thumbnail","7":"category-tv","8":"tag-10903","9":"tag-arte","10":"tag-celebrity","11":"tag-costura","12":"tag-cultura","13":"tag-entertainment","14":"tag-entretenimiento","15":"tag-es","16":"tag-espana","17":"tag-extremadura","18":"tag-fusiona","19":"tag-junta-de-extremadura","20":"tag-maestros","21":"tag-rodajes","22":"tag-spain","23":"tag-tv"},"share_on_mastodon":{"url":"https:\/\/pubeurope.com\/@es\/115661954438445317","error":""},"_links":{"self":[{"href":"https:\/\/www.europesays.com\/es\/wp-json\/wp\/v2\/posts\/270934","targetHints":{"allow":["GET"]}}],"collection":[{"href":"https:\/\/www.europesays.com\/es\/wp-json\/wp\/v2\/posts"}],"about":[{"href":"https:\/\/www.europesays.com\/es\/wp-json\/wp\/v2\/types\/post"}],"author":[{"embeddable":true,"href":"https:\/\/www.europesays.com\/es\/wp-json\/wp\/v2\/users\/2"}],"replies":[{"embeddable":true,"href":"https:\/\/www.europesays.com\/es\/wp-json\/wp\/v2\/comments?post=270934"}],"version-history":[{"count":0,"href":"https:\/\/www.europesays.com\/es\/wp-json\/wp\/v2\/posts\/270934\/revisions"}],"wp:featuredmedia":[{"embeddable":true,"href":"https:\/\/www.europesays.com\/es\/wp-json\/wp\/v2\/media\/270935"}],"wp:attachment":[{"href":"https:\/\/www.europesays.com\/es\/wp-json\/wp\/v2\/media?parent=270934"}],"wp:term":[{"taxonomy":"category","embeddable":true,"href":"https:\/\/www.europesays.com\/es\/wp-json\/wp\/v2\/categories?post=270934"},{"taxonomy":"post_tag","embeddable":true,"href":"https:\/\/www.europesays.com\/es\/wp-json\/wp\/v2\/tags?post=270934"}],"curies":[{"name":"wp","href":"https:\/\/api.w.org\/{rel}","templated":true}]}}