{"id":270936,"date":"2025-12-04T15:15:10","date_gmt":"2025-12-04T15:15:10","guid":{"rendered":"https:\/\/www.europesays.com\/es\/270936\/"},"modified":"2025-12-04T15:15:10","modified_gmt":"2025-12-04T15:15:10","slug":"jeanette-la-pionera-del-pop-que-abrio-camino-a-toda-una-generacion-esta-tarde-en-y-ahora-sonsoles","status":"publish","type":"post","link":"https:\/\/www.europesays.com\/es\/270936\/","title":{"rendered":"Jeanette, la pionera del pop que abri\u00f3 camino a toda una generaci\u00f3n, esta tarde en Y ahora Sonsoles"},"content":{"rendered":"<p><b>Jeanette<\/b> es un icono pop atemporal que tras <b>50 a\u00f1os de m\u00fasica<\/b>, sigue conquistando con su voz. Siendo apenas una adolescente de 15 a\u00f1os, el talento de Jeanette y su pasi\u00f3n por la m\u00fasica le hicieron despertar una ambici\u00f3n que la llevaron a convertirse en una <b>pionera del pop. <\/b><\/p>\n<p>En un tiempo en el que Espa\u00f1a sal\u00eda de la represi\u00f3n y comenzaba a <b>caminar hacia la modernidad<\/b>, Jeanette se convirti\u00f3 en el s\u00edmbolo de toda una generaci\u00f3n. Su <b>&#8216;Soy rebelde&#8217; <\/b>o <b>&#8216;Por qu\u00e9 te vas&#8217;<\/b> fueron la banda sonora de un momento hist\u00f3rico.<\/p>\n<p>Hoy, 50 a\u00f1os despu\u00e9s, Jeanette recuerda sus or\u00edgenes y nos cuenta c\u00f3mo ha cambiado su carrera a lo largo del tiempo. \u00a1No te pierdas su entrevista, esta tarde <b>a partir de las 17:00h<\/b> en Antena 3!<\/p>\n","protected":false},"excerpt":{"rendered":"Jeanette es un icono pop atemporal que tras 50 a\u00f1os de m\u00fasica, sigue conquistando con su voz. Siendo&hellip;\n","protected":false},"author":2,"featured_media":270937,"comment_status":"","ping_status":"","sticky":false,"template":"","format":"standard","meta":{"footnotes":""},"categories":[170],"tags":[146,147,25,24,184,185,23],"class_list":{"0":"post-270936","1":"post","2":"type-post","3":"status-publish","4":"format-standard","5":"has-post-thumbnail","7":"category-musica","8":"tag-entertainment","9":"tag-entretenimiento","10":"tag-es","11":"tag-espana","12":"tag-music","13":"tag-musica","14":"tag-spain"},"share_on_mastodon":{"url":"https:\/\/pubeurope.com\/@es\/115661958515583821","error":""},"_links":{"self":[{"href":"https:\/\/www.europesays.com\/es\/wp-json\/wp\/v2\/posts\/270936","targetHints":{"allow":["GET"]}}],"collection":[{"href":"https:\/\/www.europesays.com\/es\/wp-json\/wp\/v2\/posts"}],"about":[{"href":"https:\/\/www.europesays.com\/es\/wp-json\/wp\/v2\/types\/post"}],"author":[{"embeddable":true,"href":"https:\/\/www.europesays.com\/es\/wp-json\/wp\/v2\/users\/2"}],"replies":[{"embeddable":true,"href":"https:\/\/www.europesays.com\/es\/wp-json\/wp\/v2\/comments?post=270936"}],"version-history":[{"count":0,"href":"https:\/\/www.europesays.com\/es\/wp-json\/wp\/v2\/posts\/270936\/revisions"}],"wp:featuredmedia":[{"embeddable":true,"href":"https:\/\/www.europesays.com\/es\/wp-json\/wp\/v2\/media\/270937"}],"wp:attachment":[{"href":"https:\/\/www.europesays.com\/es\/wp-json\/wp\/v2\/media?parent=270936"}],"wp:term":[{"taxonomy":"category","embeddable":true,"href":"https:\/\/www.europesays.com\/es\/wp-json\/wp\/v2\/categories?post=270936"},{"taxonomy":"post_tag","embeddable":true,"href":"https:\/\/www.europesays.com\/es\/wp-json\/wp\/v2\/tags?post=270936"}],"curies":[{"name":"wp","href":"https:\/\/api.w.org\/{rel}","templated":true}]}}