{"id":270942,"date":"2025-12-04T15:18:11","date_gmt":"2025-12-04T15:18:11","guid":{"rendered":"https:\/\/www.europesays.com\/es\/270942\/"},"modified":"2025-12-04T15:18:11","modified_gmt":"2025-12-04T15:18:11","slug":"la-alta-prevalencia-de-pacientes-con-obesidad-en-el-mundo-hace-imposible-financiar-el-tratamiento-de-inicio-a-todos","status":"publish","type":"post","link":"https:\/\/www.europesays.com\/es\/270942\/","title":{"rendered":"La alta prevalencia de pacientes con obesidad en el mundo hace imposible financiar el tratamiento de inicio a todos"},"content":{"rendered":"<p>            <a href=\"https:\/\/gacetamedica.com\/wp-content\/uploads\/2024\/08\/GettyImages-1209764545.jpg\" data-caption=\"\" rel=\"nofollow noopener\" target=\"_blank\"><img loading=\"lazy\" decoding=\"async\" width=\"696\" height=\"464\" class=\"entry-thumb td-modal-image\" src=\"https:\/\/www.europesays.com\/es\/wp-content\/uploads\/2025\/12\/GettyImages-1209764545-696x464.jpg\"   alt=\"\" title=\"\"\/><\/a><\/p>\n<p>Para abordar el creciente desaf\u00edo de salud mundial que supone la <a href=\"https:\/\/gacetamedica.com\/mas\/bic\/premios-best-in-class-2025-obesidad\/\" data-type=\"link\" data-id=\"https:\/\/gacetamedica.com\/mas\/bic\/premios-best-in-class-2025-obesidad\/\" rel=\"nofollow noopener\" target=\"_blank\">obesidad<\/a>, que afecta a m\u00e1s de 1.000 millones de personas, <strong>la <a href=\"https:\/\/gacetamedica.com\/?s=oms\" data-type=\"link\" data-id=\"https:\/\/gacetamedica.com\/?s=oms\" rel=\"nofollow noopener\" target=\"_blank\">Organizaci\u00f3n Mundial de la Salud (OMS)<\/a> ha publicado su primera directriz sobre el uso de terapias con p\u00e9ptido similar al glucag\u00f3n-1 (GLP-1)<\/strong> <strong>para tratar la obesidad como una enfermedad cr\u00f3nica y recurrente<\/strong>. La organizaci\u00f3n advierte que la obesidad est\u00e1 presente en todos los pa\u00edses y se relacion\u00f3 con 3,7 millones de muertes en 2024. Si no se act\u00faa con rapidez, las proyecciones apuntan a que el n\u00famero de personas con obesidad se duplicar\u00e1 para 2030.<\/p>\n<p><strong>La OMS ya hab\u00eda incorporado estas terapias a su <a href=\"https:\/\/gacetamedica.com\/investigacion\/la-oms-incorpora-nuevos-medicamentos-esenciales-fh944421\/\" data-type=\"link\" data-id=\"https:\/\/gacetamedica.com\/investigacion\/la-oms-incorpora-nuevos-medicamentos-esenciales-fh944421\/\" rel=\"nofollow noopener\" target=\"_blank\">Lista de Medicamentos Esenciales<\/a> en 2025 para el manejo de la diabetes tipo 2 en grupos de alto riesgo<\/strong>. Con la nueva gu\u00eda, el organismo introduce recomendaciones condicionales para su uso en obesidad como parte de un enfoque integral que combine alimentaci\u00f3n saludable, actividad f\u00edsica regular y apoyo profesional. <strong>El organismo destaca que las terapias GLP-1 deben acompa\u00f1arse de intervenciones conductuales y de un seguimiento prolongado en el tiempo para lograr resultados sostenibles<\/strong>.<\/p>\n<p><img fetchpriority=\"high\" decoding=\"async\" width=\"683\" height=\"1024\" src=\"https:\/\/www.europesays.com\/es\/wp-content\/uploads\/2025\/12\/EASD-2025_16597944_tmpFile_qc20zpx3tma-683x1024.jpg\" alt=\"\" class=\"wp-image-223629\" style=\"width:186px;height:auto\"  \/>Albert Lecube, vicepresidente de la Sociedad Espa\u00f1ola de Obesidad (SEEDO)<\/p>\n<p>En este contexto, el vicepresidente de la Sociedad Espa\u00f1ola de Obesidad (SEEDO), Albert Lecube, valora que el documento supone un paso relevante hacia la normalizaci\u00f3n del tratamiento farmacol\u00f3gico. Seg\u00fan su opini\u00f3n, \u00abeste documento que ha emitido la Organizaci\u00f3n Mundial de la Salud lo que hace es normalizar el uso de tratamiento farmacol\u00f3gico en el manejo de la obesidad y lo normaliza\u00bb. Considera que la gu\u00eda \u00abfavorece que se ponga al mismo nivel que la terapia intensiva de cambio de h\u00e1bitos en cuanto a un abordaje nutricional, actividad f\u00edsica y apoyo psicol\u00f3gico\u00bb.<\/p>\n<p>Lecube destaca que el informe tambi\u00e9n incide en la duraci\u00f3n necesaria de estos tratamientos, indicando que <strong>\u00abpromueve que el uso de tratamiento farmacol\u00f3gico para tratar la obesidad debe ser un tratamiento prolongado a lo largo del tiempo y sugiere un m\u00ednimo de seis meses\u00bb<\/strong>. A\u00f1ade que la OMS subraya una limitaci\u00f3n clave en cualquier sistema sanitario: \u00abPone en contexto que la alta prevalencia de pacientes con obesidad en todo el mundo hace imposible financiar el tratamiento de inicio a todos, pero s\u00ed sugiere que deber\u00edan buscarse aquellos d\u00edas en los que hubiera evidencia del beneficio\u00bb.<\/p>\n<p><strong>El especialista subraya que la directriz avala incorporar f\u00e1rmacos como complemento al abordaje cl\u00e1sico<\/strong>. En sus palabras, \u00abaconseja el uso a\u00f1adido tanto en forma psicol\u00f3gica a lo que ya hacemos cl\u00e1sicamente con los pacientes, es decir, dieta, ejercicio y apoyo psicol\u00f3gico\u00bb, reforzando la idea de que \u00abla obesidad es una enfermedad cr\u00f3nica y recidivante a lo largo del tiempo y por tanto el tratamiento debe mantenerse varios meses como m\u00ednimo\u00bb.<\/p>\n<p>Pese a su valoraci\u00f3n positiva, Lecube insiste en que la gu\u00eda no debe alterar la pr\u00e1ctica cl\u00ednica habitual: <strong>\u00abCreo que es un documento muy interesante, pero no ha de modificar la actividad cl\u00ednica habitual de los profesionales que trabajamos en obesidad\u00bb<\/strong>, aunque s\u00ed reconoce su utilidad para orientar decisiones institucionales. Afirma que se trata de un texto <strong>\u00abcon mucho peso para ayudar a modificar las pol\u00edticas sanitarias de muchos pa\u00edses, incluido Espa\u00f1a\u00bb<\/strong>, por lo que concluye que \u00abbienvenido sea\u00bb. Se\u00f1ala adem\u00e1s que la OMS es \u00abuna entidad con mucho peso en el mundo de la salud y, por tanto, sus consejos deber\u00edan ser seguidos por todos los pa\u00edses\u00bb.<\/p>\n<p><strong>\u00abLa obesidad es una enfermedad cr\u00f3nica que puede tratarse de por vida\u00bb<\/strong><\/p>\n<p>El Director General de la OMS, Tedros Adhanom Ghebreyesus, enmarc\u00f3 la publicaci\u00f3n de la gu\u00eda en un compromiso global. Afirm\u00f3 que <strong>\u00abla obesidad es un importante problema de salud mundial que la OMS se ha comprometido a abordar<\/strong>, apoyando a pa\u00edses y personas de todo el mundo para controlarla de forma eficaz y equitativa\u00bb. A\u00f1adi\u00f3 que \u00abnuestras nuevas directrices reconocen que la obesidad es una enfermedad cr\u00f3nica que puede tratarse con atenci\u00f3n integral y de por vida\u00bb, insistiendo en que los f\u00e1rmacos GLP-1 pueden ser \u00fatiles, pero sin caer en soluciones simplistas. Seg\u00fan explic\u00f3, <strong>\u00absi bien los medicamentos por s\u00ed solos no resolver\u00e1n esta crisis sanitaria mundial, las terapias con GLP-1 pueden ayudar a millones de personas a superar la obesidad y reducir sus efectos adversos\u00bb<\/strong>.<\/p>\n<p><strong>La OMS recuerda que la obesidad es un factor de riesgo central para enfermedades cardiovasculares, diabetes tipo 2 y determinados tipos de c\u00e1ncer, adem\u00e1s de empeorar la evoluci\u00f3n de infecciones<\/strong>. Desde el punto de vista econ\u00f3mico, el organismo advierte que el coste global asociado podr\u00eda alcanzar los 3 billones de d\u00f3lares anuales en 2030, una cifra que hace urgente adoptar estrategias sostenibles. <strong>La directriz pretende justamente reducir el impacto de estos costes mediante intervenciones tempranas, estructuradas y basadas en evidencia<\/strong>.<\/p>\n<p>El documento tambi\u00e9n presenta dos recomendaciones condicionales: <strong>el uso de GLP-1 en adultos (excepto embarazadas) para el tratamiento prolongado de la obesidad, y la incorporaci\u00f3n de intervenciones conductuales intensivas en quienes reciben estos f\u00e1rmacos<\/strong>. La OMS recalca que abordar la obesidad requiere un enfoque multisectorial fundamentado en tres pilares: crear entornos saludables, proteger a poblaci\u00f3n de alto riesgo mediante cribados espec\u00edficos y asegurar una atenci\u00f3n centrada en la persona a lo largo de toda la vida.<\/p>\n<p><strong>La gu\u00eda subraya adem\u00e1s la necesidad de pol\u00edticas de acceso equitativo<\/strong>. Sin medidas coordinadas, la expansi\u00f3n de las terapias GLP-1 podr\u00eda agravar desigualdades. Incluso con un incremento r\u00e1pido de la producci\u00f3n, <strong>se estima que llegar\u00e1n a menos del 10% de quienes las necesitan para 2030<\/strong>, lo que obliga a considerar herramientas como compras conjuntas o licencias voluntarias.<\/p>\n<p><strong>La OMS elabor\u00f3 este documento tras un proceso exhaustivo de revisi\u00f3n cient\u00edfica y consultas con m\u00faltiples actores, incluidos pacientes<\/strong>. La gu\u00eda forma parte del plan de aceleraci\u00f3n para frenar la obesidad y ser\u00e1 actualizada peri\u00f3dicamente. En 2026, el organismo trabajar\u00e1 con gobiernos y entidades sanitarias para establecer un marco de priorizaci\u00f3n que garantice que las intervenciones lleguen primero a quienes m\u00e1s lo necesitan.<\/p>\n<p><strong>Tambi\u00e9n te puede interesar\u2026<\/strong><\/p>\n","protected":false},"excerpt":{"rendered":"Para abordar el creciente desaf\u00edo de salud mundial que supone la obesidad, que afecta a m\u00e1s de 1.000&hellip;\n","protected":false},"author":2,"featured_media":270943,"comment_status":"","ping_status":"","sticky":false,"template":"","format":"standard","meta":{"footnotes":""},"categories":[92],"tags":[25,24,165,166,23],"class_list":{"0":"post-270942","1":"post","2":"type-post","3":"status-publish","4":"format-standard","5":"has-post-thumbnail","7":"category-salud","8":"tag-es","9":"tag-espana","10":"tag-health","11":"tag-salud","12":"tag-spain"},"share_on_mastodon":{"url":"https:\/\/pubeurope.com\/@es\/115661970967229758","error":""},"_links":{"self":[{"href":"https:\/\/www.europesays.com\/es\/wp-json\/wp\/v2\/posts\/270942","targetHints":{"allow":["GET"]}}],"collection":[{"href":"https:\/\/www.europesays.com\/es\/wp-json\/wp\/v2\/posts"}],"about":[{"href":"https:\/\/www.europesays.com\/es\/wp-json\/wp\/v2\/types\/post"}],"author":[{"embeddable":true,"href":"https:\/\/www.europesays.com\/es\/wp-json\/wp\/v2\/users\/2"}],"replies":[{"embeddable":true,"href":"https:\/\/www.europesays.com\/es\/wp-json\/wp\/v2\/comments?post=270942"}],"version-history":[{"count":0,"href":"https:\/\/www.europesays.com\/es\/wp-json\/wp\/v2\/posts\/270942\/revisions"}],"wp:featuredmedia":[{"embeddable":true,"href":"https:\/\/www.europesays.com\/es\/wp-json\/wp\/v2\/media\/270943"}],"wp:attachment":[{"href":"https:\/\/www.europesays.com\/es\/wp-json\/wp\/v2\/media?parent=270942"}],"wp:term":[{"taxonomy":"category","embeddable":true,"href":"https:\/\/www.europesays.com\/es\/wp-json\/wp\/v2\/categories?post=270942"},{"taxonomy":"post_tag","embeddable":true,"href":"https:\/\/www.europesays.com\/es\/wp-json\/wp\/v2\/tags?post=270942"}],"curies":[{"name":"wp","href":"https:\/\/api.w.org\/{rel}","templated":true}]}}