{"id":270968,"date":"2025-12-04T15:38:10","date_gmt":"2025-12-04T15:38:10","guid":{"rendered":"https:\/\/www.europesays.com\/es\/270968\/"},"modified":"2025-12-04T15:38:10","modified_gmt":"2025-12-04T15:38:10","slug":"nunca-se-deberia-haber-llegado-a-este-punto","status":"publish","type":"post","link":"https:\/\/www.europesays.com\/es\/270968\/","title":{"rendered":"\u00abNunca se deber\u00eda haber llegado a este punto\u00bb"},"content":{"rendered":"<p>04\/12\/2025<br \/>\n<br \/><strong><br \/>\nActualizado a las 16:12h.<br \/>\n<\/strong><\/p>\n<p class=\"voc-p\" style=\"\">Los pa\u00edses que forman parte de la Uni\u00f3n Europea de Radiodifusi\u00f3n (UER) disponen de apenas dos d\u00edas, este jueves y viernes (4 y 5 de diciembre) para decidir el futuro del festival y, entre otros asuntos,<strong> la participaci\u00f3n o no de Israel.<\/strong> Ese  &#8230; es el reto al que deber\u00e1 enfrentarse la UER, la organizaci\u00f3n del festival, en el encuentro que est\u00e1n celebrando en Ginebra ahora mismo, y que en un principio votar\u00e1n esta tarde la presencia o no de Israel. <a href=\"https:\/\/www.abc.es\/play\/television\/noticias\/rtve-mantiene-posicion-participar-eurovision-israel-incumplido-20251127171929-nt.html\" target=\"_self\" data-voc-vtm-id=\"in-text-traffic\" title=\"La postura de Espa\u00f1a, al menos hasta ahora, ha sido firme:\" data-mrf-link=\"www.abc.es\" rel=\"nofollow noopener\">La postura de Espa\u00f1a, al menos hasta ahora, ha sido firme:<\/a> si Israel sigue adelante con su participaci\u00f3n, Espa\u00f1a no acudir\u00e1 al concurso, aunque todav\u00eda podr\u00eda producirse un giro de \u00faltima hora. \u00ab<strong>Mantenemos la misma posici\u00f3n por dos motivos: por el genocidio perpetrado en Gaza y que el festival es un concurso pero los derechos humanos no<\/strong>\u00bb, explic\u00f3 el presidente de RTVE, Jos\u00e9 Pablo L\u00f3pez, durante la Comisi\u00f3n de control sobre RTVE realizada la pasada semana, donde asegur\u00f3 que esa es la posici\u00f3n que llevar\u00edan a la reuni\u00f3n. En caso de que Israel participara, Espa\u00f1a no solo no acudir\u00eda, sino que tampoco retransmitir\u00eda ni las semifinales ni la final.<\/p>\n<p class=\"voc-p\" style=\"\">Durante la ma\u00f1ana de este jueves, el presidente de la Corporaci\u00f3n, tambi\u00e9n ha lanzado unas palabras a trav\u00e9s de las redes sociales sobre esta reuni\u00f3n. \u00ab<strong>La direcci\u00f3n de UER y Eurovisi\u00f3n van a someter hoy a la organizaci\u00f3n a la mayor tensi\u00f3n interna de su historia. Nunca se deber\u00eda haber llegado a este punto.<\/strong> Hoy la UER ser\u00e1 una Uni\u00f3n m\u00e1s condicionada por los intereses pol\u00edticos y comerciales de un festival que no se han sabido o querido gestionar\u00bb, asegur\u00f3 a trav\u00e9s de su perfil de X. <\/p>\n<blockquote class=\"twitter-tweet\" data-width=\"550\">\n<p lang=\"es\" dir=\"ltr\">La direcci\u00f3n de UER y Eurovisi\u00f3n van a someter hoy a la organizaci\u00f3n a la mayor tensi\u00f3n interna de su historia. Nunca se deber\u00eda haber llegado a este punto. <\/p>\n<p>Las sanciones a Israel por sus incumplimientos reiterados en Eurovision se deber\u00edan haber adoptado en el \u00e1mbito ejecutivo\u2026<\/p>\n<p>\u2014 Jos\u00e9 Pablo L\u00f3pez (@Josepablo_ls) <a href=\"https:\/\/twitter.com\/Josepablo_ls\/status\/1996521519191658831?ref_src=twsrc%5Etfw\" rel=\"nofollow noopener\" target=\"_blank\">December 4, 2025<\/a><\/p><\/blockquote>\n<p class=\"voc-p\" style=\"\">Esta tensi\u00f3n interna en la UER en torno a Eurovisi\u00f3n no son nuevas; llevan acumul\u00e1ndose durante meses. Y el punto clave es la participaci\u00f3n de Israel. En caso de que participe, ya son varios los pa\u00edses que han anunciado su retirada, entre ellos Espa\u00f1a, Irlanda, Eslovenia o Pa\u00edses Bajos. <strong>Hay que recordar que este festival, que agrupa a 68 emisoras p\u00fablicas de 56 pa\u00edses, afronta esta reuni\u00f3n en un clima de tensi\u00f3n que ha ido creciendo con los meses<\/strong>. La organizaci\u00f3n UER reconoci\u00f3 recientemente una \u00abfuerte fractura interna\u00bb y lleg\u00f3 a convocar una asamblea extraordinaria en noviembre para votar la presencia de Israel, aunque finalmente fue cancelada tras el anuncio del alto el fuego en Gaza.<\/p>\n<p>\nLos cambios en las normas de la UER\n<\/p>\n<p class=\"voc-p\" style=\"\">Las nuevas normas que la UER present\u00f3 recientemente, en las que reform\u00f3 e<a href=\"https:\/\/www.abc.es\/play\/television\/eurovision\/uer-reforma-sistema-votacion-eurovision-combatir-sospechas-20251121120018-nt.html\" target=\"_self\" data-voc-vtm-id=\"in-text-traffic\" title=\"l sistema de votaci\u00f3n de Eurovisi\u00f3n para combatir las sospechas de manipulaci\u00f3n e\" data-mrf-link=\"www.abc.es\" rel=\"nofollow noopener\">l sistema de votaci\u00f3n de Eurovisi\u00f3n para combatir las sospechas de manipulaci\u00f3n e<\/a> influencia de Israel son medidas que agradeci\u00f3 el presidente de RTVE, aunque reconoci\u00f3 que no eran suficientes. \u00abQuiero poner encima de la mesa el incumplimiento de Israel de las normas del concurso. Ha tratado de influir en el resultado al menos en los dos \u00faltimos a\u00f1os y no se ha penalizado. Cualquier otros pa\u00eds que hubiera hecho eso hubiera estado suspendido y sancionado [&#8230;] Las medidas son necesarias pero insuficientes\u00bb, asegur\u00f3\ufeff. Entre esas medidas, la UER anunci\u00f3 que el n\u00famero de televotos permitidos por espectador bajar\u00e1 de 20 a 10, adem\u00e1s de que se restablecer\u00e1 el voto del jurado en semifinales y se reforzar\u00e1n los mecanismos t\u00e9cnicos para detectar y frenar votaciones fraudulentas o coordinadas.<strong> Ser\u00e1 la asamblea la que decida si avala estas propuestas, si las rechaza o si plantea endurecerlas a\u00fan m\u00e1s. <\/strong><\/p>\n<p>\nArt\u00edculo solo para suscriptores\n<\/p>\n<p>Reportar un error<\/p>\n<p><script async src=\"https:\/\/platform.twitter.com\/widgets.js\" charset=\"utf-8\"><\/script><\/p>\n","protected":false},"excerpt":{"rendered":"04\/12\/2025 Actualizado a las 16:12h. Los pa\u00edses que forman parte de la Uni\u00f3n Europea de Radiodifusi\u00f3n (UER) disponen&hellip;\n","protected":false},"author":2,"featured_media":270969,"comment_status":"","ping_status":"","sticky":false,"template":"","format":"standard","meta":{"footnotes":""},"categories":[171],"tags":[10371,146,147,25,24,24121,3193,6633,315,74,5136,1050,2397,2320,23,214,40526],"class_list":{"0":"post-270968","1":"post","2":"type-post","3":"status-publish","4":"format-standard","5":"has-post-thumbnail","7":"category-tv","8":"tag-deberia","9":"tag-entertainment","10":"tag-entretenimiento","11":"tag-es","12":"tag-espana","13":"tag-eurovision","14":"tag-expulsion","15":"tag-haber","16":"tag-hoy","17":"tag-israel","18":"tag-llegado","19":"tag-nunca","20":"tag-posible","21":"tag-punto","22":"tag-spain","23":"tag-tv","24":"tag-vota"},"share_on_mastodon":{"url":"https:\/\/pubeurope.com\/@es\/115662049476048085","error":""},"_links":{"self":[{"href":"https:\/\/www.europesays.com\/es\/wp-json\/wp\/v2\/posts\/270968","targetHints":{"allow":["GET"]}}],"collection":[{"href":"https:\/\/www.europesays.com\/es\/wp-json\/wp\/v2\/posts"}],"about":[{"href":"https:\/\/www.europesays.com\/es\/wp-json\/wp\/v2\/types\/post"}],"author":[{"embeddable":true,"href":"https:\/\/www.europesays.com\/es\/wp-json\/wp\/v2\/users\/2"}],"replies":[{"embeddable":true,"href":"https:\/\/www.europesays.com\/es\/wp-json\/wp\/v2\/comments?post=270968"}],"version-history":[{"count":0,"href":"https:\/\/www.europesays.com\/es\/wp-json\/wp\/v2\/posts\/270968\/revisions"}],"wp:featuredmedia":[{"embeddable":true,"href":"https:\/\/www.europesays.com\/es\/wp-json\/wp\/v2\/media\/270969"}],"wp:attachment":[{"href":"https:\/\/www.europesays.com\/es\/wp-json\/wp\/v2\/media?parent=270968"}],"wp:term":[{"taxonomy":"category","embeddable":true,"href":"https:\/\/www.europesays.com\/es\/wp-json\/wp\/v2\/categories?post=270968"},{"taxonomy":"post_tag","embeddable":true,"href":"https:\/\/www.europesays.com\/es\/wp-json\/wp\/v2\/tags?post=270968"}],"curies":[{"name":"wp","href":"https:\/\/api.w.org\/{rel}","templated":true}]}}