{"id":270984,"date":"2025-12-04T15:46:10","date_gmt":"2025-12-04T15:46:10","guid":{"rendered":"https:\/\/www.europesays.com\/es\/270984\/"},"modified":"2025-12-04T15:46:10","modified_gmt":"2025-12-04T15:46:10","slug":"china-pide-tregua-eficaz-en-gaza-tras-ataques-israelies-dw-04-12-2025","status":"publish","type":"post","link":"https:\/\/www.europesays.com\/es\/270984\/","title":{"rendered":"China pide tregua \u00abeficaz\u00bb en Gaza tras ataques israel\u00edes \u2013 DW \u2013 04\/12\/2025"},"content":{"rendered":"<p>El <a class=\"internal-link\" href=\"https:\/\/www.dw.com\/es\/china\/t-17411734\" rel=\"nofollow noopener\" target=\"_blank\">Gobierno chino<\/a> pidi\u00f3 que \u00abse implemente eficazmente\u00bb el alto el fuego en <a class=\"internal-link\" href=\"https:\/\/www.dw.com\/es\/franja-de-gaza\/t-67111647\" rel=\"nofollow noopener\" target=\"_blank\">Gaza<\/a>, despu\u00e9s de que cinco personas murieran, entre ellas dos ni\u00f1os y dos mujeres, en el ataque israel\u00ed ocurrido la pasada noche, que afect\u00f3 a un campamento de personas desplazadas en Jan Yunis, en el sur del territorio.<\/p>\n<p>Las ambulancias palestinas recuperaron cinco cad\u00e1veres, entre ellos los de dos ni\u00f1os de 8 y 10 a\u00f1os, \u00aby varios heridos, tras un bombardeo israel\u00ed\u00bb, indic\u00f3 en un comunicado el hospital de campa\u00f1a kuwait\u00ed situado en la zona de Al Mawassi, en Jan Yunis. Las dem\u00e1s v\u00edctimas tienen 30, 36 y 46 a\u00f1os, seg\u00fan la misma fuente.\u00a0El portavoz de la Defensa Civil, Mahmud Basal, confirm\u00f3 a AFP el balance de cinco muertos.<\/p>\n<p>Israel habla de represalia; Ham\u00e1s, de\u00a0\u00abcrimen de guerra\u00bb<\/p>\n<p>El bombardeo de las fuerzas israel\u00edes fue anunciado por el <a class=\"internal-link\" href=\"https:\/\/www.dw.com\/es\/israel\/t-17412656\" rel=\"nofollow noopener\" target=\"_blank\">Ej\u00e9rcito israel\u00ed<\/a> como represalia por el ataque a sus tropas en la zona de Rafah, extremo sur de la Franja palestina, en el que resultaron heridos cinco soldados de Israel.<\/p>\n<p>Seg\u00fan la Defensa Civil de Gaza, un organismo de socorro que opera bajo la autoridad de <a class=\"internal-link\" href=\"https:\/\/www.dw.com\/es\/ham\u00e1s\/t-17412524\" rel=\"nofollow noopener\" target=\"_blank\">Ham\u00e1s<\/a>, Israel \u00abatac\u00f3 con varios misiles las tiendas de campa\u00f1a de personas desplazadas\u00bb en el territorio palestino, donde desde hace casi dos meses rige una fr\u00e1gil tregua con el movimiento islamista palestino Ham\u00e1s.<\/p>\n<p><img data-format=\"MASTER_LANDSCAPE\" data-id=\"75008949\" data-url=\"https:\/\/static.dw.com\/image\/75008949_${formatId}.jpg\" data-aspect-ratio=\"16\/9\" alt=\"Palestinos y equipos de defensa civil buscan v\u00edctimas entre los escombros de las tiendas de campa\u00f1a bombardeadas por Israel.\" style=\"padding-bottom: 56.25%; height: 0; max-height: 0;\"\/>Defensa Civil de Gaza: Israel \u00abatac\u00f3 con varios misiles las tiendas de campa\u00f1a de personas desplazadas\u00bb.Imagen: Palestinian Civil Defense\/UPI Photo\/newscom\/picture alliance<\/p>\n<p>La tregua entr\u00f3 en vigor el 10 de octubre, m\u00e1s de dos a\u00f1os despu\u00e9s del inicio de la guerra desencadenada por el ataque de Ham\u00e1s en territorio israel\u00ed el 7 de octubre de 2023. Las dos partes beligerantes se acusan mutuamente de violarla.<\/p>\n<p>Para Ham\u00e1s, considerada una organizaci\u00f3n terrorista por Israel, EE. UU., la UE y otros pa\u00edses, este ataque israel\u00ed \u00abconstituye un claro crimen de guerra\u00bb y una \u00abnegligencia hacia el acuerdo de alto al fuego\u00bb.<\/p>\n<p>100\u00a0millones chinos para la reconstrucci\u00f3n de Gaza<\/p>\n<p>El portavoz de la Canciller\u00eda china Lin Jian lament\u00f3 en rueda de prensa que \u00abla situaci\u00f3n en Gaza siga siendo fr\u00e1gil\u00bb. Y enfatiz\u00f3 la importancia de la implementaci\u00f3n del alto el fuego \u00abpara aliviar la crisis humanitaria y restablecer la paz y la estabilidad regionales lo antes posible\u00bb.<\/p>\n<p>Desde el recrudecimiento del conflicto palestino-istael\u00ed en 2023, China ha expresado su \u00abconsternaci\u00f3n\u00bb por los ataques israel\u00edes contra la poblaci\u00f3n civil gazat\u00ed y ha reiterado su apoyo a la soluci\u00f3n de &#8216;dos Estados&#8217;.<\/p>\n<p>En este contexto, el presidente chino, Xi Jinping, afirm\u00f3 este jueves, tras reunirse en Pek\u00edn con el presidente franc\u00e9s, Emmanuel Macron, que ambos pa\u00edses trabajar\u00e1n conjuntamente para avanzar hacia \u00abuna soluci\u00f3n completa, justa y duradera\u00bb en Oriente Medio, y anunci\u00f3 una ayuda de 100 millones de d\u00f3lares destinada a la reconstrucci\u00f3n de Gaza.<\/p>\n<p>rml (efe, afp)<\/p>\n","protected":false},"excerpt":{"rendered":"El Gobierno chino pidi\u00f3 que \u00abse implemente eficazmente\u00bb el alto el fuego en Gaza, despu\u00e9s de que cinco&hellip;\n","protected":false},"author":2,"featured_media":270985,"comment_status":"","ping_status":"","sticky":false,"template":"","format":"standard","meta":{"footnotes":""},"categories":[42],"tags":[17,18,13,14,11,61,62,63,64,19,20,9,10,15,16,12,21,22,65,66,67],"class_list":{"0":"post-270984","1":"post","2":"type-post","3":"status-publish","4":"format-standard","5":"has-post-thumbnail","7":"category-internacional","8":"tag-breaking-news","9":"tag-breakingnews","10":"tag-featured-news","11":"tag-featurednews","12":"tag-headlines","13":"tag-internacional","14":"tag-international","15":"tag-international-news","16":"tag-internationalnews","17":"tag-latest-news","18":"tag-latestnews","19":"tag-news","20":"tag-noticias","21":"tag-noticias-destacadas","22":"tag-noticiasdestacadas","23":"tag-titulares","24":"tag-ultimas-noticias","25":"tag-ultimasnoticias","26":"tag-world","27":"tag-world-news","28":"tag-worldnews"},"share_on_mastodon":{"url":"https:\/\/pubeurope.com\/@es\/115662080301216764","error":""},"_links":{"self":[{"href":"https:\/\/www.europesays.com\/es\/wp-json\/wp\/v2\/posts\/270984","targetHints":{"allow":["GET"]}}],"collection":[{"href":"https:\/\/www.europesays.com\/es\/wp-json\/wp\/v2\/posts"}],"about":[{"href":"https:\/\/www.europesays.com\/es\/wp-json\/wp\/v2\/types\/post"}],"author":[{"embeddable":true,"href":"https:\/\/www.europesays.com\/es\/wp-json\/wp\/v2\/users\/2"}],"replies":[{"embeddable":true,"href":"https:\/\/www.europesays.com\/es\/wp-json\/wp\/v2\/comments?post=270984"}],"version-history":[{"count":0,"href":"https:\/\/www.europesays.com\/es\/wp-json\/wp\/v2\/posts\/270984\/revisions"}],"wp:featuredmedia":[{"embeddable":true,"href":"https:\/\/www.europesays.com\/es\/wp-json\/wp\/v2\/media\/270985"}],"wp:attachment":[{"href":"https:\/\/www.europesays.com\/es\/wp-json\/wp\/v2\/media?parent=270984"}],"wp:term":[{"taxonomy":"category","embeddable":true,"href":"https:\/\/www.europesays.com\/es\/wp-json\/wp\/v2\/categories?post=270984"},{"taxonomy":"post_tag","embeddable":true,"href":"https:\/\/www.europesays.com\/es\/wp-json\/wp\/v2\/tags?post=270984"}],"curies":[{"name":"wp","href":"https:\/\/api.w.org\/{rel}","templated":true}]}}