{"id":270996,"date":"2025-12-04T15:57:19","date_gmt":"2025-12-04T15:57:19","guid":{"rendered":"https:\/\/www.europesays.com\/es\/270996\/"},"modified":"2025-12-04T15:57:19","modified_gmt":"2025-12-04T15:57:19","slug":"amrabat-se-entrena-y-mira-al-betis","status":"publish","type":"post","link":"https:\/\/www.europesays.com\/es\/270996\/","title":{"rendered":"Amrabat se entrena y mira al Betis"},"content":{"rendered":"<p>04\/12\/2025<br \/>\n<br \/><strong><br \/>\nActualizado a las 12:51h.<br \/>\n<\/strong><\/p>\n<p class=\"voc-p\" style=\"\">Sofyan <strong>Amrabat<\/strong> se ejercit\u00f3 este jueves con sus compa\u00f1eros del <strong>Real Betis<\/strong> en la sesi\u00f3n a puerta cerrada en la ciudad deportiva Luis del Sol y se apunta a entrar en la lista de convocados para el encuentro de este s\u00e1bado en la  &#8230; Cartuja ante el <strong>FC Barcelona<\/strong>. El marroqu\u00ed se perdi\u00f3 el choque contra el Barcelona tras su desafortunada jugada con Isco en la que cayeron ambos lesionados y tampoco estuvo ante el Torrent, pero s\u00ed estar\u00e1 en el duelo ante los azulgranas.<\/p>\n<p class=\"voc-p\" style=\"\">Mientras, Antony est\u00e1 a la espera de una prueba para conocer el estado de su tobillo. El brasile\u00f1o evoluciona positivamente pero en estos momentos es duda para el choque ante el Barcelona, aunque l<strong>as ganas del extremo de jugar este encuentro<\/strong> ante en casa contra este rival pueden hacer que participe.<\/p>\n<p class=\"voc-p\" style=\"\">Antony tiene un leve esguince que con fisioterapia y una protecci\u00f3n espec\u00edfica puede darle opci\u00f3n de jugar ante el Barcelona el s\u00e1bado en la Cartuja.<\/p>\n<p class=\"voc-p\" style=\"\">El que es baja segura es Isco, que sigue recuper\u00e1ndose del golpe que sufri\u00f3 ante el Utrecht con Amrabat, y que no estar\u00e1 ante el Barcelona.<\/p>\n<p>\nArt\u00edculo solo para suscriptores\n<\/p>\n<p>Reportar un error<\/p>\n","protected":false},"excerpt":{"rendered":"04\/12\/2025 Actualizado a las 12:51h. Sofyan Amrabat se ejercit\u00f3 este jueves con sus compa\u00f1eros del Real Betis en&hellip;\n","protected":false},"author":2,"featured_media":270997,"comment_status":"","ping_status":"","sticky":false,"template":"","format":"standard","meta":{"footnotes":""},"categories":[268],"tags":[32527,23655,210,291,168,2681,16534,25,24,280,282,32488,281,23,167],"class_list":{"0":"post-270996","1":"post","2":"type-post","3":"status-publish","4":"format-standard","5":"has-post-thumbnail","7":"category-futbol","8":"tag-amrabat","9":"tag-antony","10":"tag-barcelona","11":"tag-betis","12":"tag-deportes","13":"tag-duda","14":"tag-entrena","15":"tag-es","16":"tag-espana","17":"tag-football","18":"tag-futbol","19":"tag-mira","20":"tag-soccer","21":"tag-spain","22":"tag-sports"},"share_on_mastodon":{"url":"https:\/\/pubeurope.com\/@es\/115662123525013349","error":""},"_links":{"self":[{"href":"https:\/\/www.europesays.com\/es\/wp-json\/wp\/v2\/posts\/270996","targetHints":{"allow":["GET"]}}],"collection":[{"href":"https:\/\/www.europesays.com\/es\/wp-json\/wp\/v2\/posts"}],"about":[{"href":"https:\/\/www.europesays.com\/es\/wp-json\/wp\/v2\/types\/post"}],"author":[{"embeddable":true,"href":"https:\/\/www.europesays.com\/es\/wp-json\/wp\/v2\/users\/2"}],"replies":[{"embeddable":true,"href":"https:\/\/www.europesays.com\/es\/wp-json\/wp\/v2\/comments?post=270996"}],"version-history":[{"count":0,"href":"https:\/\/www.europesays.com\/es\/wp-json\/wp\/v2\/posts\/270996\/revisions"}],"wp:featuredmedia":[{"embeddable":true,"href":"https:\/\/www.europesays.com\/es\/wp-json\/wp\/v2\/media\/270997"}],"wp:attachment":[{"href":"https:\/\/www.europesays.com\/es\/wp-json\/wp\/v2\/media?parent=270996"}],"wp:term":[{"taxonomy":"category","embeddable":true,"href":"https:\/\/www.europesays.com\/es\/wp-json\/wp\/v2\/categories?post=270996"},{"taxonomy":"post_tag","embeddable":true,"href":"https:\/\/www.europesays.com\/es\/wp-json\/wp\/v2\/tags?post=270996"}],"curies":[{"name":"wp","href":"https:\/\/api.w.org\/{rel}","templated":true}]}}