{"id":270998,"date":"2025-12-04T15:58:11","date_gmt":"2025-12-04T15:58:11","guid":{"rendered":"https:\/\/www.europesays.com\/es\/270998\/"},"modified":"2025-12-04T15:58:11","modified_gmt":"2025-12-04T15:58:11","slug":"me-ha-salvado-la-sanidad-publica","status":"publish","type":"post","link":"https:\/\/www.europesays.com\/es\/270998\/","title":{"rendered":"Me ha salvado la sanidad p\u00fablica"},"content":{"rendered":"<p data-journey-content=\"true\" data-node-id=\"3\" class=\"css-6wxqfj emevuu60\"><strong data-node-id=\"3.0\">Carme Chaparro reaparece tras su problema de salud con un reivindicativo mensaje:<\/strong> \u00abMe ha salvado la sanidad p\u00fablica\u00bb, afirma. La presentadora hizo saltar todas las alarmas hace dos meses cuando, a trav\u00e9s de su perfil de Instagram,<strong data-node-id=\"3.2\"> inform\u00f3 de su ingreso en el hospital por un problema de salud.<\/strong> Fue el 30 de octubre cuando comparti\u00f3 su primera imagen desde la cama de un centro hospitalario, y dos semanas despu\u00e9s, el 13 de noviembre, revel\u00f3 que <a href=\"https:\/\/www.diezminutos.es\/famosos-corazon\/famosos-espanoles\/a69423961\/carme-chaparro-ultima-hora-problema-salud\/\" target=\"_blank\" data-vars-ga-outbound-link=\"https:\/\/www.diezminutos.es\/famosos-corazon\/famosos-espanoles\/a69423961\/carme-chaparro-ultima-hora-problema-salud\/\" data-vars-ga-ux-element=\"Hyperlink\" data-vars-ga-call-to-action=\"hab\u00eda tenido que pasar dos veces por quir\u00f3fano\" data-node-id=\"3.4\" class=\"body-link css-177bzfx emevuu60\" rel=\"nofollow noopener\">hab\u00eda tenido que pasar dos veces por quir\u00f3fano<\/a>. \u00abDos pasos duros por quir\u00f3fano en pocos d\u00edas. Dos estancias largas y complicadas en la rea\u2026 pero siempre la sonrisa, las caricias, los desvelos y los cuidados de los sanitarios que se dejan el alma, la piel y su bienestar para conseguir que sanemos incluso cuando se nos quiere ir el alma. Ya en planta\u00bb, escribi\u00f3. <\/p>\n<p data-journey-content=\"true\" data-node-id=\"6\" class=\"css-6wxqfj emevuu60\"><strong data-node-id=\"6.0\">El pasado 19 de noviembre, Carme Chaparro<\/strong>, que triunfa con su \u00faltima novela &#8216;Venganza&#8217;, <strong data-node-id=\"6.2\">comparti\u00f3 la buena noticia: ya estaba en casa.<\/strong> \u00abYa en casa. Alta hospitalaria, reposo y seguimiento m\u00e9dico constante. Sin pantallas (ya os contar\u00e9). As\u00ed que poco de redes. Inmensamente feliz por la acogida de VENGANZA (me van leyendo vuestros mensajes). Os NECESITO a todos y todas para hacerla grande. Me ayud\u00e1is?\u00bb escribi\u00f3 en su perfil de Twitter tras abandonar el hospital.<\/p>\n<p><img draggable=\"true\" alt=\"carme chaparro\" title=\"Carme Chaparro\" loading=\"lazy\" width=\"4800\" height=\"7200\" decoding=\"async\" data-nimg=\"1\" style=\"color:transparent;width:100%;height:auto;\"   src=\"https:\/\/www.europesays.com\/es\/wp-content\/uploads\/2025\/12\/carme-chaparro-mascota-bitter-6900ea7a8ba3f.jpg\" class=\"css-0 e1g79fud0\"\/><\/p>\n<p>Alberto Bern\u00e1rdez<\/p>\n<p data-journey-content=\"true\" data-node-id=\"9\" class=\"body-text css-6wxqfj emevuu60\">Desde entonces, como ya adelant\u00f3, Carme Chaparro, que tambi\u00e9n <a href=\"https:\/\/www.diezminutos.es\/famosos-corazon\/famosos-espanoles\/a69056654\/carme-chaparro-opinion-juan-del-val-ganador-premio-planeta\/\" target=\"_blank\" data-vars-ga-outbound-link=\"https:\/\/www.diezminutos.es\/famosos-corazon\/famosos-espanoles\/a69056654\/carme-chaparro-opinion-juan-del-val-ganador-premio-planeta\/\" data-vars-ga-ux-element=\"Hyperlink\" data-vars-ga-call-to-action=\"opin\u00f3 del premio Planeta a Juan del Val\" data-node-id=\"9.1\" class=\"body-link css-177bzfx emevuu60\" rel=\"nofollow noopener\">opin\u00f3 del premio Planeta a Juan del Val<\/a>, a penas ha aparecido en redes sociales porque le han recomendado estar alejada de las pantallas pero, <strong data-node-id=\"9.3\">este 3 de diciembre, una noticia ha provocado que volviera para compartir su opini\u00f3n.<\/strong> Y es que tras hacerse p\u00fablico que la empresa gestora del hospital p\u00fablico de Torrej\u00f3n habr\u00eda ordenado rechazar pacientes para ganar m\u00e1s dinero, la periodista ha estallado a trav\u00e9s de su perfil de X.<\/p>\n<p>Carme Chaparro defiende a la sanidad p\u00fablica<\/p>\n<p data-journey-content=\"true\" data-node-id=\"14\" class=\"css-6wxqfj emevuu60\">Carme Chaparro se ha hecho eco de esta informaci\u00f3n e, indignada, ha compartido su opini\u00f3n en X dando alg\u00fan detalle sobre el complicado trance de salud que acaba de atravesar. \u00abY t\u00fa \u00bferes rentable? \u00bfTu enfermedad es rentable?  Ya no eres un enfermo. Ni un paciente. Eres un CLIENTE.  <strong data-node-id=\"14.1\">#sanidadp\u00fablica  Con u\u00f1as y dientes\u00bb<\/strong>, empieza el escrito que ha compartido en sus redes. \u00abYa contar\u00e9, cuando me recupere, lo que me ha pasado con la superaseguradora y la superp\u00f3liza.   <strong data-node-id=\"14.3\">Me ha salvado la sanidad p\u00fablica\u00bb,<\/strong> finaliza sus palabras dando algunos detalles sobre lo que le ha ocurrido y revelando que pronto dar\u00e1 m\u00e1s detalles sobre ello.<\/p>\n<p><img src=\"https:\/\/www.europesays.com\/es\/wp-content\/uploads\/2025\/12\/956e4c3c-2efd-4963-a949-05017c07afa9_1734435946.jpg\" alt=\"Headshot of Silvia Criado\" title=\"Headshot of Silvia Criado\" width=\"100%\" height=\"100%\" decoding=\"async\" loading=\"lazy\" class=\"css-o0wq4v ev8dhu53\"\/><\/p>\n<p>Silvia Criado es Jefa de Secci\u00f3n Digital de Diez Minutos experta en coraz\u00f3n y sociedad especializada en famosos y casas reales, de los que lleva escribiendo m\u00e1s de 20 a\u00f1os. En su larga trayectoria profesional, ha cubierto eventos de lo m\u00e1s variado desde el nacimiento de la princesa Leonor, futura reina de Espa\u00f1a, a los premios Goya. No se le escapa un detalle de las alfombras rojas como los Goya o el Oscar y conoce como nadie los secretos de las biograf\u00edas de las celebridades.<br \/>\nAunque est\u00e1 especializada en famosos y realidad, es una periodista todoterreno que tambi\u00e9n ha escrito mucho sobre maternidad, decoraci\u00f3n, moda, belleza, televisi\u00f3n y ocio. En sus art\u00edculos tanto te cuenta cu\u00e1l es el restaurante m\u00e1s de moda de Madrid, copia el look de Nuria Roca en versi\u00f3n &#8216;low cost&#8217;, te da los &#8216;consejos&#8217; necesarios para decorar la habitaci\u00f3n de tu hijo o te cuenta todo lo que ha pasado en &#8216;Supervivientes&#8217;.<br \/>\nSilvia Criado es licenciada en Periodismo por la Universidad Complutense de Madrid y a empez\u00f3 a colaborar en diferentes medios de comunicaci\u00f3n cuando todav\u00eda no hab\u00eda terminado la carrera. Ha trabajado en la cadena Ser, el diario Menorca y las revistas Crecer Feliz, Casa Diez, Micasa o Elle Decoration aunque, la mayor parte de su trayectoria, ha transcurrido en Diez Minutos donde lleg\u00f3 a su edici\u00f3n de papel en el a\u00f1o 2001. Desde 2018, puedes leer sus art\u00edculos en la web.<\/p>\n","protected":false},"excerpt":{"rendered":"Carme Chaparro reaparece tras su problema de salud con un reivindicativo mensaje: \u00abMe ha salvado la sanidad p\u00fablica\u00bb,&hellip;\n","protected":false},"author":2,"featured_media":270999,"comment_status":"","ping_status":"","sticky":false,"template":"","format":"standard","meta":{"footnotes":""},"categories":[174],"tags":[255,253,146,147,25,24,256,23],"class_list":{"0":"post-270998","1":"post","2":"type-post","3":"status-publish","4":"format-standard","5":"has-post-thumbnail","7":"category-famosos","8":"tag-celebrities","9":"tag-discover","10":"tag-entertainment","11":"tag-entretenimiento","12":"tag-es","13":"tag-espana","14":"tag-famosos","15":"tag-spain"},"share_on_mastodon":{"url":"https:\/\/pubeurope.com\/@es\/115662128016232920","error":""},"_links":{"self":[{"href":"https:\/\/www.europesays.com\/es\/wp-json\/wp\/v2\/posts\/270998","targetHints":{"allow":["GET"]}}],"collection":[{"href":"https:\/\/www.europesays.com\/es\/wp-json\/wp\/v2\/posts"}],"about":[{"href":"https:\/\/www.europesays.com\/es\/wp-json\/wp\/v2\/types\/post"}],"author":[{"embeddable":true,"href":"https:\/\/www.europesays.com\/es\/wp-json\/wp\/v2\/users\/2"}],"replies":[{"embeddable":true,"href":"https:\/\/www.europesays.com\/es\/wp-json\/wp\/v2\/comments?post=270998"}],"version-history":[{"count":0,"href":"https:\/\/www.europesays.com\/es\/wp-json\/wp\/v2\/posts\/270998\/revisions"}],"wp:featuredmedia":[{"embeddable":true,"href":"https:\/\/www.europesays.com\/es\/wp-json\/wp\/v2\/media\/270999"}],"wp:attachment":[{"href":"https:\/\/www.europesays.com\/es\/wp-json\/wp\/v2\/media?parent=270998"}],"wp:term":[{"taxonomy":"category","embeddable":true,"href":"https:\/\/www.europesays.com\/es\/wp-json\/wp\/v2\/categories?post=270998"},{"taxonomy":"post_tag","embeddable":true,"href":"https:\/\/www.europesays.com\/es\/wp-json\/wp\/v2\/tags?post=270998"}],"curies":[{"name":"wp","href":"https:\/\/api.w.org\/{rel}","templated":true}]}}