{"id":271020,"date":"2025-12-04T16:10:07","date_gmt":"2025-12-04T16:10:07","guid":{"rendered":"https:\/\/www.europesays.com\/es\/271020\/"},"modified":"2025-12-04T16:10:07","modified_gmt":"2025-12-04T16:10:07","slug":"antonio-navarro-la-fiscalia-abre-diligencias-contra-el-lider-del-psoe-en-torremolinos-por-un-presunto-caso-de-acoso-sexual-espana","status":"publish","type":"post","link":"https:\/\/www.europesays.com\/es\/271020\/","title":{"rendered":"Antonio Navarro: La Fiscal\u00eda abre diligencias contra el l\u00edder del PSOE en Torremolinos por un presunto caso de acoso sexual | Espa\u00f1a"},"content":{"rendered":"<p class=\"\">La Fiscal\u00eda de Violencia sobre la Mujer de M\u00e1laga ha abierto diligencias de investigaci\u00f3n despu\u00e9s de que una militante del PSOE local <a href=\"https:\/\/elpais.com\/espana\/2025-12-03\/denunciado-por-presunto-acoso-sexual-el-secretario-general-del-psoe-en-torremolinos.html\" rel=\"nofollow noopener\" target=\"_blank\">denunciara por presunto acoso sexual al secretario general del partido en Torremolinos<\/a> (M\u00e1laga, 70.933 habitantes), Antonio Navarro. Fuentes del ministerio fiscal han explicado que se trata de estudiar lo ocurrido y reunir informaci\u00f3n para decidir si formulan denuncia o archivan el caso. El escrito presentado por la v\u00edctima, militante socialista en el municipio malague\u00f1o, recoge que desde septiembre de 2021 ha recibido cientos de mensajes \u201cde contenido sexual, insinuaciones y proposiciones no deseadas ni consentidas\u201d por parte de Navarro, quien tambi\u00e9n es concejal del ayuntamiento y diputado provincial. El PSOE ha pedido a su comisi\u00f3n ejecutiva federal la suspensi\u00f3n cautelar de la militancia del l\u00edder torremolinense y, adem\u00e1s, le ha pedido que ponga \u201cinmediatamente\u201d a disposici\u00f3n del partido sus cargos institucionales.<\/p>\n<p class=\"\">En un comunicado, el PSOE de M\u00e1laga recalca que ha pedido a la Comisi\u00f3n Ejecutiva Federal del partido la suspensi\u00f3n cautelar de militancia de Navarro y al pol\u00edtico lo insta a que dimita de sus cargos. \u201cNo vamos a tolerar ning\u00fan comportamiento que suponga acoso alguno a una mujer. El PSOE es un espacio libre de acoso y un espacio de seguridad para todas las mujeres\u201d, insisten los socialistas malague\u00f1os.<\/p>\n<p class=\"\">La denuncia lleg\u00f3 hasta la fiscal\u00eda de la ciudad andaluza el pasado 10 de noviembre. Lo hizo seis meses despu\u00e9s de que la mujer pusiera en conocimiento del partido, a trav\u00e9s de sus cauces internos, lo que estaba ocurriendo. La formaci\u00f3n pol\u00edtica le respondi\u00f3 y lo elev\u00f3 a la ejecutiva regional y, despu\u00e9s, a la comisi\u00f3n ejecutiva federal, que cre\u00f3 una comisi\u00f3n espec\u00edfica para este caso. Fuentes del partido explican que se dio audiencia a ambas partes y se solicit\u00f3 m\u00e1s documentaci\u00f3n. El PSOE confirm\u00f3 este mi\u00e9rcoles que los hechos denunciados estaban siendo objetivo de examen por parte del \u201c\u00f3rgano contra el acoso\u201d que \u201ctrabaja con plena autonom\u00eda y con la obligada privacidad\u201d, subrayaron fuentes de la formaci\u00f3n pol\u00edtica en un comunicado. La mujer volvi\u00f3 a insistir, seg\u00fan recoge la Cadena SER, el pasado mes de octubre. Y, finalmente, acab\u00f3 tambi\u00e9n presentando un escrito ante el ministerio fiscal <a href=\"https:\/\/elpais.com\/sociedad\/2023-09-12\/la-policia-detiene-a-un-hombre-por-tocarle-el-culo-a-una-reportera-en-madrid.html\" rel=\"nofollow noopener\" target=\"_blank\">donde subrayaba la naturaleza \u201cmis\u00f3gina, intimidatoria y agresiva\u201d del denunciado<\/a>.<\/p>\n<p class=\"\">El documento presentado por la militante socialista en <a href=\"https:\/\/elpais.com\/noticias\/torremolinos\/\" rel=\"nofollow noopener\" target=\"_blank\">Torremolinos<\/a> recoge decenas de frases escritas supuestamente por el secretario general del PSOE en la ciudad que reflejan tonos que <a href=\"https:\/\/elpais.com\/noticias\/acoso-sexual\/\" rel=\"nofollow noopener\" target=\"_blank\">nada tienen que ver con asuntos municipales o profesionales<\/a> y, en ocasiones, \u201ctambi\u00e9n en horario nocturno y fuera del \u00e1mbito laboral\u201d. Las conversaciones, todas a trav\u00e9s de la aplicaci\u00f3n de WhatsApp, se remontan a septiembre de 2021. \u201cNo me esquives, que te quiero meter ficha\u201d, le dec\u00eda durante una conversaci\u00f3n de trabajo. \u201cLo a gusto que estar\u00edamos ahora con una copa de vino y un sof\u00e1\u201d, le insiste mientras la mujer trata de obviar el comentario y reconducir la conversaci\u00f3n. \u201cEs que est\u00e1s muy buena\u201d, le dice para preguntarle posteriormente: \u201c\u00bfEse escote lo has tenido siempre?\u201d. <\/p>\n<p class=\"\"><a href=\"https:\/\/elpais.com\/sociedad\/2023-09-12\/la-policia-detiene-a-un-hombre-por-tocarle-el-culo-a-una-reportera-en-madrid.html\" rel=\"nofollow noopener\" target=\"_blank\">La v\u00edctima tambi\u00e9n asegura que Navarro le toc\u00f3 el culo<\/a> sin su consentimiento y que ella rechaz\u00f3 ese gesto, avisando de que informar\u00eda a la direcci\u00f3n del partido si insist\u00eda. M\u00e1s tarde, \u00e9l intent\u00f3 pedirle disculpas y lleg\u00f3 a enviarle alrededor de medio centenar de mensajes durante casi cinco horas. Y que durante los d\u00edas posteriores, entre asuntos profesionales, insist\u00eda con mensajes como estos: \u201cCuando te enfadas te pones muy guapa\u201d, \u201cIr\u00e9 depilado por si tienes un desliz\u201d o \u201cTe pon\u00eda ahora de vuelta y media\u201d. Para la denunciante, todos estos hechos podr\u00edan constituir un delito de acoso sexual y delitos de coacciones y acoso reiterado; adem\u00e1s de que en su caso podr\u00edan enmarcarse dentro de la violencia de g\u00e9nero<\/p>\n<p>\u201cEspacio libre de acoso\u201d<\/p>\n<p class=\"\">Tras conocerse la denuncia, el <a href=\"https:\/\/elpais.com\/noticias\/psoe-partido-socialista-obrero-espanol\/\" rel=\"nofollow noopener\" target=\"_blank\">PSOE<\/a> de M\u00e1laga emiti\u00f3 este mi\u00e9rcoles un comunicado en el que dec\u00eda que el caso estaba bajo investigaci\u00f3n del partido y mostraban \u201csu compromiso inquebrantable con la igualdad y su rechazo absoluto a cualquier acoso contra las mujeres\u201d. El texto inclu\u00eda un aviso: \u201cSi la fiscal\u00eda abriese diligencias, esta direcci\u00f3n provincial formular\u00eda a la Comisi\u00f3n Ejecutiva Federal la solicitud de suspensi\u00f3n cautelar de militancia\u201d de Navarro. Este jueves, cuando se ha conocido la investigaci\u00f3n de la fiscal\u00eda, la direcci\u00f3n provincial ha solicitado a la Comisi\u00f3n Ejecutiva Federal esa suspensi\u00f3n y tambi\u00e9n ha pedido al denunciado que sus cargos institucionales a disposici\u00f3n del partido \u201cinmediatamente\u201d. \u201cNo vamos a tolerar ning\u00fan comportamiento que suponga acoso alguno a una mujer. El PSOE es un espacio libre de acoso y un espacio de seguridad para todas las mujeres. Ese es un compromiso inquebrantable de la direcci\u00f3n provincial del PSOE de M\u00e1laga\u201d, ha se\u00f1alado Jos\u00e9 Aguilar, secretario general del PSOE de M\u00e1laga.<\/p>\n<p class=\"\">Antonio Navarro es secretario general del PSOE en Torremolinos desde abril de este a\u00f1o, cuando gan\u00f3 una ajustada votaci\u00f3n en la asamblea local, que le serv\u00eda para recuperar un cargo que hab\u00eda perdido un a\u00f1o antes en una moci\u00f3n de censura y despu\u00e9s de llegar al cargo a principios de 2022. Antes, hab\u00eda pasado cinco a\u00f1os como secretario de organizaci\u00f3n. Tambi\u00e9n es concejal en el Ayuntamiento de Torremolinos desde 2019 y desde julio de 2023 es diputado en la Diputaci\u00f3n Provincial de M\u00e1laga. El perfil en el organismo supramunicipal recoge que est\u00e1 cursando un Grado en Econom\u00eda online en la Universitat Oberta de Catalunya y que antes estudi\u00f3 un ciclo formativo de grado medio en gesti\u00f3n administrativa en Colmenar Viejo. Milit\u00f3 en las Juventudes Socialistas de Tres Cantos entre 1999 y 2003, y desde 2010 es militante del PSOE de Torremolinos. Su carrera profesional, iniciado en el a\u00f1o 2000, ha estado siempre ligada a puestos como agente de ventas de distintas compa\u00f1\u00edas.<\/p>\n","protected":false},"excerpt":{"rendered":"La Fiscal\u00eda de Violencia sobre la Mujer de M\u00e1laga ha abierto diligencias de investigaci\u00f3n despu\u00e9s de que una&hellip;\n","protected":false},"author":2,"featured_media":271021,"comment_status":"","ping_status":"","sticky":false,"template":"","format":"standard","meta":{"footnotes":""},"categories":[8],"tags":[10239,66562,17,18,3808,25,24,13,14,4767,11,19,20,9,10,15,16,1699,23,12,42886,21,22,6580],"class_list":{"0":"post-271020","1":"post","2":"type-post","3":"status-publish","4":"format-standard","5":"has-post-thumbnail","7":"category-espana","8":"tag-acoso-sexual","9":"tag-antonio-navarro","10":"tag-breaking-news","11":"tag-breakingnews","12":"tag-denuncias","13":"tag-es","14":"tag-espana","15":"tag-featured-news","16":"tag-featurednews","17":"tag-fiscalia","18":"tag-headlines","19":"tag-latest-news","20":"tag-latestnews","21":"tag-news","22":"tag-noticias","23":"tag-noticias-destacadas","24":"tag-noticiasdestacadas","25":"tag-psoe","26":"tag-spain","27":"tag-titulares","28":"tag-torremolinos","29":"tag-ultimas-noticias","30":"tag-ultimasnoticias","31":"tag-violencia-machista"},"share_on_mastodon":{"url":"","error":""},"_links":{"self":[{"href":"https:\/\/www.europesays.com\/es\/wp-json\/wp\/v2\/posts\/271020","targetHints":{"allow":["GET"]}}],"collection":[{"href":"https:\/\/www.europesays.com\/es\/wp-json\/wp\/v2\/posts"}],"about":[{"href":"https:\/\/www.europesays.com\/es\/wp-json\/wp\/v2\/types\/post"}],"author":[{"embeddable":true,"href":"https:\/\/www.europesays.com\/es\/wp-json\/wp\/v2\/users\/2"}],"replies":[{"embeddable":true,"href":"https:\/\/www.europesays.com\/es\/wp-json\/wp\/v2\/comments?post=271020"}],"version-history":[{"count":0,"href":"https:\/\/www.europesays.com\/es\/wp-json\/wp\/v2\/posts\/271020\/revisions"}],"wp:featuredmedia":[{"embeddable":true,"href":"https:\/\/www.europesays.com\/es\/wp-json\/wp\/v2\/media\/271021"}],"wp:attachment":[{"href":"https:\/\/www.europesays.com\/es\/wp-json\/wp\/v2\/media?parent=271020"}],"wp:term":[{"taxonomy":"category","embeddable":true,"href":"https:\/\/www.europesays.com\/es\/wp-json\/wp\/v2\/categories?post=271020"},{"taxonomy":"post_tag","embeddable":true,"href":"https:\/\/www.europesays.com\/es\/wp-json\/wp\/v2\/tags?post=271020"}],"curies":[{"name":"wp","href":"https:\/\/api.w.org\/{rel}","templated":true}]}}