{"id":271022,"date":"2025-12-04T16:11:11","date_gmt":"2025-12-04T16:11:11","guid":{"rendered":"https:\/\/www.europesays.com\/es\/271022\/"},"modified":"2025-12-04T16:11:11","modified_gmt":"2025-12-04T16:11:11","slug":"espana-y-marruecos-acuerdan-una-estrategia-conjunta-contra-los-discursos-de-odio","status":"publish","type":"post","link":"https:\/\/www.europesays.com\/es\/271022\/","title":{"rendered":"Espa\u00f1a y Marruecos acuerdan una estrategia conjunta contra los discursos de odio"},"content":{"rendered":"<p class=\"main-image\">&#13; <img decoding=\"async\" alt=\"\u200b\u200bLa ministra de Inclusi\u00f3n, Seguridad Social y Migraciones, Elma Saiz, saluda al jefe de Gobierno de Marruecos, Aziz Ajanouch.\" title=\"\u200b\u200bLa ministra de Inclusi\u00f3n, Seguridad Social y Migraciones, Elma Saiz, saluda al jefe de Gobierno de Marruecos, Aziz Ajanouch.\" src=\"https:\/\/www.europesays.com\/es\/wp-content\/uploads\/2025\/12\/041225-elma-saiz-marruecos.jpg\"\/>&#13;\u200b\u200bLa ministra de Inclusi\u00f3n, Seguridad Social y Migraciones, Elma Saiz, saluda al jefe de Gobierno de Marruecos, Aziz Ajanouch.&#13;&#13;<\/p>\n<p>El encuentro, celebrado en el Complejo de La Moncloa, ha sido presidido por el presidente del Gobierno, Pedro S\u00e1nchez, y el primer ministro de Marruecos, Aziz Akhannouch. Ambas delegaciones han firmado varios acuerdos de colaboraci\u00f3n en materia de lucha contra los discursos de odio, la transici\u00f3n digital o la prevenci\u00f3n de desastres naturales -entre otros- que consolidan la estrecha cooperaci\u00f3n bilateral.<\/p>\n<p>Una colaboraci\u00f3n con Marruecos que es esencial para Espa\u00f1a y para la Uni\u00f3n Europea. La vinculaci\u00f3n entre ambos pa\u00edses, con casi un mill\u00f3n de residentes marroqu\u00edes en Espa\u00f1a y un volumen creciente de trabajadores temporales. Adem\u00e1s, cerca de 14.000 espa\u00f1oles que residen en el pa\u00eds magreb\u00ed, datos que subrayan la importancia de esta relaci\u00f3n estrat\u00e9gica.<\/p>\n<p>\u00abEs un placer volver a encontrarnos, esta vez en Espa\u00f1a, y seguir colaborando, en aspectos fundamentales como la lucha contra los discursos de odio o el impulso a nuevos proyectos laborales. Marruecos es, y siempre ha sido, uno de nuestros socios prioritarios\u00bb, ha asegurado la ministra.<\/p>\n<p>Marruecos es el pa\u00eds de donde procede el colectivo m\u00e1s numeroso de trabajadores extranjeros en Espa\u00f1a, con m\u00e1s de 365.000 afiliados a la Seguridad Social. Un dato que puso en valor Saiz: \u00abSu aportaci\u00f3n diaria es fundamental para el crecimiento econ\u00f3mico que est\u00e1 experimentando nuestro pa\u00eds. Una contribuci\u00f3n que nos permite combatir adem\u00e1s el reto demogr\u00e1fico, sumando una fuerza laboral joven, que contribuye adem\u00e1s con sus impuestos a sostener nuestro estado del bienestar\u00bb.<\/p>\n<p>Pr\u00f3rroga del Memorando de Entendimiento<\/p>\n<p>La ministra Saiz y el ministro Tahraoui han suscrito en el marco de este encuentro la pr\u00f3rroga del Memorando de Entendimiento en protecci\u00f3n social y Seguridad Social. Se trata de un documento que gu\u00eda el intercambio de capacidades t\u00e9cnicas, la modernizaci\u00f3n administrativa y la actualizaci\u00f3n sistem\u00e1tica de los mecanismos de cooperaci\u00f3n entre ambos pa\u00edses en esta materia.<\/p>\n<p>Cabe recordar que, en el marco del Convenio de Seguridad Social con Marruecos, el m\u00e1s antiguo de los actualmente vigentes en Espa\u00f1a, el pasado mes de abril se reuni\u00f3 una Comisi\u00f3n Mixta en nuestro pa\u00eds para avanzar en la modernizaci\u00f3n y agilizaci\u00f3n de los procesos de gesti\u00f3n.<\/p>\n<p>Uno de los aspectos concretos en los que ambas partes trabajan es para impulsar la digitalizaci\u00f3n de los expedientes que gestionan en aplicaci\u00f3n del Convenio Bilateral.<\/p>\n<p>Lucha contra el discurso de odio<\/p>\n<p>Por otra parte, ambas delegaciones han firmado una declaraci\u00f3n de Intenciones para reforzar la cooperaci\u00f3n bilateral en la prevenci\u00f3n y respuesta frente a los discursos de odio mediante la cooperaci\u00f3n institucional, la sensibilizaci\u00f3n p\u00fablica y el trabajo conjunto para atajar la desinformaci\u00f3n. Una actuaci\u00f3n que responde a la proliferaci\u00f3n de mensajes xen\u00f3fobos en redes sociales y al objetivo compartido de promover la convivencia.<\/p>\n<p>El documento sit\u00faa la desinformaci\u00f3n y los contenidos de odio como amenazas que requieren cooperaci\u00f3n directa entre ambos pa\u00edses, intercambio de informaci\u00f3n y estrategias conjuntas de prevenci\u00f3n. Un marco que permitir\u00e1 profundizar en pol\u00edticas de sensibilizaci\u00f3n social, reforzar la protecci\u00f3n de las v\u00edctimas y actuar sobre los mensajes de odio en redes sociales, \u00e1mbito donde Espa\u00f1a y Marruecos han coincidido en la necesidad de mejorar los mecanismos de intervenci\u00f3n temprana.<\/p>\n<p>El discurso de odio extiende su radio de acci\u00f3n desde las redes sociales a la vida de las personas de los colectivos a los que se dirige, suponi\u00e9ndoles una amenaza y gener\u00e1ndoles un riesgo, al vulnerar sus derechos humanos fundamentales. Tambi\u00e9n atenta contra la cohesi\u00f3n social y la seguridad de la ciudadan\u00eda, ya que contribuye a la polarizaci\u00f3n y fragmentaci\u00f3n de la sociedad mediante el refuerzo de prejuicios y estereotipos negativos que generan vulnerabilidad en las v\u00edctimas, as\u00ed como un entorno social de desconfianza y hostilidad.<\/p>\n<p>Hay que recordar que el Ministerio cuenta con una herramienta fundamental en este aspecto, el <a href=\"https:\/\/www.inclusion.gob.es\/web\/oberaxe?\" target=\"_blank\" onclick=\"javascript:GoogleTrackEvent(&#039;True&#039;,&#039;Contenido&#039;,&#039;Click&#039;,&#039;[https:\/\/www.lamoncloa.gob.es\/serviciosdeprensa\/notasprensa\/inclusion\/paginas\/2025\/041225-espana-marruecos-discursos-odio.aspx] Observatorio Espa\u00f1ol del Racismo y la Xenofobia. [https:\/\/www.inclusion.gob.es\/web\/oberaxe?]&#039;);\" rel=\"nofollow noopener\">Observatorio Espa\u00f1ol del Racismo y la Xenofobia<\/a> (OBERAXE). En su \u00faltimo informe, relativo al mes de octubre, el OBERAXE registr\u00f3 un total de 52.958 mensajes de car\u00e1cter racista y xen\u00f3fobo, cifra que eleva a 740.144 los contenidos con estas caracter\u00edsticas detectados en los primeros diez meses de 2025. El 42% de los contenidos de odio detectados en octubre fueron retirados por las plataformas.<\/p>\n<p>Proyecto Wafira<\/p>\n<p>En paralelo, Espa\u00f1a y Marruecos est\u00e1n trabajando en una segunda edici\u00f3n del proyecto Wafira, liderada por la Secretar\u00eda de Estado de Migraciones y con el apoyo de la UE, el International Centre for Migration Policy Development (ICMPD) y la OIT. Una nueva edici\u00f3n que pretende extender el \u00e9xito de este proyecto de migraci\u00f3n circular a nuevos socios europeos y africanos.<\/p>\n<p>Este programa, en el que participa el Ministerio de Inclusi\u00f3n, Seguridad Social y Migraciones, el Gobierno de Marruecos -coordinado por la Secretar\u00eda de Estado de Migraciones de Espa\u00f1a y la Organizaci\u00f3n Internacional del Trabajo (OIT)- busca optimizar los beneficios de la migraci\u00f3n temporal en la campa\u00f1a de frutos rojos de Huelva.<\/p>\n<p>En su primera edici\u00f3n, gracias a la capacitaci\u00f3n en emprendimiento recibida en Espa\u00f1a y el apoyo posterior en Marruecos, 209 mujeres -el 84%- han formalizado su negocio, obteniendo independencia econ\u00f3mica, estabilidad para sus familias y m\u00e1s riqueza para sus lugares de origen.<\/p>\n","protected":false},"excerpt":{"rendered":"&#13; &#13;\u200b\u200bLa ministra de Inclusi\u00f3n, Seguridad Social y Migraciones, Elma Saiz, saluda al jefe de Gobierno de Marruecos,&hellip;\n","protected":false},"author":2,"featured_media":271023,"comment_status":"","ping_status":"","sticky":false,"template":"","format":"standard","meta":{"footnotes":""},"categories":[5],"tags":[517,17,18,25,24,13,14,11,17322,19,20,9,10,15,16,2330,29767,23,12,21,22],"class_list":{"0":"post-271022","1":"post","2":"type-post","3":"status-publish","4":"format-standard","5":"has-post-thumbnail","7":"category-titulares","8":"tag-actualidad","9":"tag-breaking-news","10":"tag-breakingnews","11":"tag-es","12":"tag-espana","13":"tag-featured-news","14":"tag-featurednews","15":"tag-headlines","16":"tag-inclusion","17":"tag-latest-news","18":"tag-latestnews","19":"tag-news","20":"tag-noticias","21":"tag-noticias-destacadas","22":"tag-noticiasdestacadas","23":"tag-prensa","24":"tag-seguridad-social-y-migraciones","25":"tag-spain","26":"tag-titulares","27":"tag-ultimas-noticias","28":"tag-ultimasnoticias"},"share_on_mastodon":{"url":"https:\/\/pubeurope.com\/@es\/115662178791347936","error":""},"_links":{"self":[{"href":"https:\/\/www.europesays.com\/es\/wp-json\/wp\/v2\/posts\/271022","targetHints":{"allow":["GET"]}}],"collection":[{"href":"https:\/\/www.europesays.com\/es\/wp-json\/wp\/v2\/posts"}],"about":[{"href":"https:\/\/www.europesays.com\/es\/wp-json\/wp\/v2\/types\/post"}],"author":[{"embeddable":true,"href":"https:\/\/www.europesays.com\/es\/wp-json\/wp\/v2\/users\/2"}],"replies":[{"embeddable":true,"href":"https:\/\/www.europesays.com\/es\/wp-json\/wp\/v2\/comments?post=271022"}],"version-history":[{"count":0,"href":"https:\/\/www.europesays.com\/es\/wp-json\/wp\/v2\/posts\/271022\/revisions"}],"wp:featuredmedia":[{"embeddable":true,"href":"https:\/\/www.europesays.com\/es\/wp-json\/wp\/v2\/media\/271023"}],"wp:attachment":[{"href":"https:\/\/www.europesays.com\/es\/wp-json\/wp\/v2\/media?parent=271022"}],"wp:term":[{"taxonomy":"category","embeddable":true,"href":"https:\/\/www.europesays.com\/es\/wp-json\/wp\/v2\/categories?post=271022"},{"taxonomy":"post_tag","embeddable":true,"href":"https:\/\/www.europesays.com\/es\/wp-json\/wp\/v2\/tags?post=271022"}],"curies":[{"name":"wp","href":"https:\/\/api.w.org\/{rel}","templated":true}]}}