{"id":271028,"date":"2025-12-04T16:19:09","date_gmt":"2025-12-04T16:19:09","guid":{"rendered":"https:\/\/www.europesays.com\/es\/271028\/"},"modified":"2025-12-04T16:19:09","modified_gmt":"2025-12-04T16:19:09","slug":"william-howard-nuevo-jugador-del-coviran-granada","status":"publish","type":"post","link":"https:\/\/www.europesays.com\/es\/271028\/","title":{"rendered":"William Howard, nuevo jugador del Coviran Granada"},"content":{"rendered":"<p class=\"v-mdl-ath__p v-mdl-ath__p--6\">\nJueves, 4 de diciembre 2025, 13:01<\/p>\n<p class=\"v-p\">William Howard se ha convertido en nuevo jugador del Coviran Granada hasta final de temporada. El alero, de 203 cent\u00edmetros y 32 a\u00f1os, tiene experiencia  &#8230; en la Liga Endesa en las filas del Joventut Badalona y en el B\u00e0squet Girona, conjunto que abandon\u00f3 para concluir la campa\u00f1a 2024\/25 en las filas del Nanterre 92 de la Liga 1 de Francia.<\/p>\n<p class=\"v-p\">En el cuadro catal\u00e1n promedi\u00f3 8&#8217;8 puntos en los 5 partidos que disput\u00f3, siendo su mejor actuaci\u00f3n en el choque contra el Dreamland Gran Canaria, al que le endos\u00f3 16 puntos con 3 triples y sum\u00f3 19 de valoraci\u00f3n. Por su parte, en el conjunto franc\u00e9s disput\u00f3 12 partidos para aportar 9&#8217;4 puntos y 5&#8217;3 rebotes de media.<\/p>\n<p class=\"v-p\">William Howard, que aterriza hoy mismo en Granada y pasar\u00e1 el reconocimiento esta misma tarde, podr\u00e1 realizar su primer entrenamiento junto a sus nuevos compa\u00f1eros ma\u00f1ana mismo en el Palacio de Deportes.<\/p>\n<p class=\"v-crt__t\"> L\u00edmite de sesiones alcanzadas<\/p>\n<p class=\"v-crt__p\">El acceso al contenido Premium est\u00e1 abierto por cortes\u00eda del establecimiento donde te encuentras, pero ahora mismo hay demasiados usuarios conectados a las vez.<\/p>\n<p class=\"v-crt__p\">Por favor, int\u00e9ntalo pasados unos minutos.<\/p>\n<p>\nVolver a intentar\n<\/p>\n<p class=\"v-crt__t\">Sesi\u00f3n cerrada<\/p>\n<p class=\"v-crt__p\">Al iniciar sesi\u00f3n desde un dispositivo distinto, por seguridad, se cerr\u00f3 la \u00faltima sesi\u00f3n en este.<\/p>\n<p class=\"v-crt__p\">Para continuar disfrutando de su suscripci\u00f3n digital, inicie sesi\u00f3n en este dispositivo.<\/p>\n<p>\nEste contenido es exclusivo para suscriptores\n<\/p>\n<p>Reporta un error<\/p>\n","protected":false},"excerpt":{"rendered":"Jueves, 4 de diciembre 2025, 13:01 William Howard se ha convertido en nuevo jugador del Coviran Granada hasta&hellip;\n","protected":false},"author":2,"featured_media":271029,"comment_status":"","ping_status":"","sticky":false,"template":"","format":"standard","meta":{"footnotes":""},"categories":[269],"tags":[299,298,3446,168,25,24,494,23519,378,524,23,167,3820],"class_list":{"0":"post-271028","1":"post","2":"type-post","3":"status-publish","4":"format-standard","5":"has-post-thumbnail","7":"category-baloncesto","8":"tag-baloncesto","9":"tag-basketball","10":"tag-coviran","11":"tag-deportes","12":"tag-es","13":"tag-espana","14":"tag-granada","15":"tag-howard","16":"tag-jugador","17":"tag-nuevo","18":"tag-spain","19":"tag-sports","20":"tag-william"},"share_on_mastodon":{"url":"https:\/\/pubeurope.com\/@es\/115662209989581492","error":""},"_links":{"self":[{"href":"https:\/\/www.europesays.com\/es\/wp-json\/wp\/v2\/posts\/271028","targetHints":{"allow":["GET"]}}],"collection":[{"href":"https:\/\/www.europesays.com\/es\/wp-json\/wp\/v2\/posts"}],"about":[{"href":"https:\/\/www.europesays.com\/es\/wp-json\/wp\/v2\/types\/post"}],"author":[{"embeddable":true,"href":"https:\/\/www.europesays.com\/es\/wp-json\/wp\/v2\/users\/2"}],"replies":[{"embeddable":true,"href":"https:\/\/www.europesays.com\/es\/wp-json\/wp\/v2\/comments?post=271028"}],"version-history":[{"count":0,"href":"https:\/\/www.europesays.com\/es\/wp-json\/wp\/v2\/posts\/271028\/revisions"}],"wp:featuredmedia":[{"embeddable":true,"href":"https:\/\/www.europesays.com\/es\/wp-json\/wp\/v2\/media\/271029"}],"wp:attachment":[{"href":"https:\/\/www.europesays.com\/es\/wp-json\/wp\/v2\/media?parent=271028"}],"wp:term":[{"taxonomy":"category","embeddable":true,"href":"https:\/\/www.europesays.com\/es\/wp-json\/wp\/v2\/categories?post=271028"},{"taxonomy":"post_tag","embeddable":true,"href":"https:\/\/www.europesays.com\/es\/wp-json\/wp\/v2\/tags?post=271028"}],"curies":[{"name":"wp","href":"https:\/\/api.w.org\/{rel}","templated":true}]}}