{"id":271030,"date":"2025-12-04T16:20:13","date_gmt":"2025-12-04T16:20:13","guid":{"rendered":"https:\/\/www.europesays.com\/es\/271030\/"},"modified":"2025-12-04T16:20:13","modified_gmt":"2025-12-04T16:20:13","slug":"parte-medico-que-tiene-y-cuantos-partidos-se-perdera","status":"publish","type":"post","link":"https:\/\/www.europesays.com\/es\/271030\/","title":{"rendered":"parte m\u00e9dico, qu\u00e9 tiene y cu\u00e1ntos partidos se perder\u00e1"},"content":{"rendered":"<p class=\"ft-text\"><strong>Las lesiones se vuelven a cruzar en el camino de<\/strong> <strong>Trent Alexander-Arnold.<\/strong> El Real Madrid ha anunciado que el lateral ingl\u00e9s padece <strong>\u00abuna lesi\u00f3n muscular en el recto anterior del cu\u00e1driceps de la pierna izquierda. Pendiente de evoluci\u00f3n\u00bb.<\/strong><\/p>\n<p class=\"ft-text\">Aunque el parte m\u00e9dico no especifica el tiempo de baja, las primeras estimaciones descartan al brit\u00e1nico para los pr\u00f3ximos <strong>dos meses<\/strong>, por lo que <strong>no volver\u00e1 a los terrenos de juego hasta 2026<\/strong>. Se perder\u00e1, por tanto, diez partidos entre todas las competiciones, entre ellos los de Champions contra Manchester City, M\u00f3naco y Benfica, adem\u00e1s de las semifinales de la Supercopa de Espa\u00f1a contra el Atl\u00e9tico de Madrid y una hipot\u00e9tica final.<\/p>\n<p class=\"ft-text\">El ingl\u00e9s se lesion\u00f3 <a class=\"ft-link ft-link--decoration\" href=\"https:\/\/www.sport.es\/es\/noticias\/real-madrid\/victoria-cara-madrid-san-mames-124421121\" target=\"_blank\" rel=\"nofollow noopener\">en el encuentro contra el Athletic Club<\/a> en el minuto 54 con 0-2 en el luminoso. Trent, poco despu\u00e9s del paso por vestuarios, <strong>not\u00f3 un pinchazo en el aductor izquierdo tras despejar el bal\u00f3n<\/strong>. Nada m\u00e1s golpear el esf\u00e9rico, se fue al suelo y pidi\u00f3 el cambio. El ex del Liverpool, que estaba cuajando su mejor partido con la el\u00e1stica blanca, redondeado con una asistencia a Mbapp\u00e9 en el primer tanto del duelo, sumaba su cuarta titularidad consecutiva.<\/p>\n<p class=\"ft-text\">El lateral de 27 a\u00f1os, que <strong>no ha podido tener continuidad<\/strong> en los planes de Xabi Alonso por culpa de una lesi\u00f3n en el muslo en septiembre, padece un nuevo contratiempo f\u00edsico que obligar\u00e1 al tolosarra a improvisar de nuevo en el sector derecho, pues Carvajal tambi\u00e9n estar\u00e1 fuera hasta 2026. <strong>Asencio o Valverde son las dos \u00fanicas alternativas<\/strong>, pese a que ninguno se siente c\u00f3modo en esa demarcaci\u00f3n.<\/p>\n<p>Camavinga apunta al Manchester City<\/p>\n<p class=\"ft-text\">Camavinga, que se lesion\u00f3 unos instantes m\u00e1s tarde que su compa\u00f1ero Trent, sufre un esguince leve en el tobillo izquierdo que le oblig\u00f3 a<strong> abandonar el terreno de juego con molestias tras una entrada de \u00c1lex Berenguer<\/strong>. Antes de este contratiempo, el galo tambi\u00e9n hab\u00eda realizado un gran partido partiendo como titular solo por sexta vez este curso, en el que incluso se estren\u00f3 como goleador en LaLiga esta temporada.<\/p>\n<p class=\"ft-text\"><strong>Esta lesi\u00f3n es la tercera que padece el centrocampista esta campa\u00f1a<\/strong>. En agosto <a href=\"https:\/\/cms.prensaiberica.es\/api\/zeta\/front\/url\/article\/120854751\/es\" class=\"ft-link ft-link--decoration\" rel=\"nofollow noopener\" target=\"_blank\">sufri\u00f3 otro esguince en el tobillo, esa vez en el derecho<\/a>, que le impidi\u00f3 empezar el curso al mismo ritmo que sus compa\u00f1eros, mientras que en el pasado mes de noviembre, Camavinga no pudo viajar con su selecci\u00f3n por una lesi\u00f3n en el tend\u00f3n de la corva.<\/p>\n<p class=\"ft-text\">El centrocampista es <strong>seria duda para el choque liguero de este domingo contra el Celta de Vigo<\/strong>, pero <strong>apunta al duelo de Champions contra el Manchester City <\/strong>del pr\u00f3ximo mi\u00e9rcoles, donde el Real Madrid se juega gran parte de sus opciones de entrar al top 8.<\/p>\n","protected":false},"excerpt":{"rendered":"Las lesiones se vuelven a cruzar en el camino de Trent Alexander-Arnold. El Real Madrid ha anunciado que&hellip;\n","protected":false},"author":2,"featured_media":271031,"comment_status":"","ping_status":"","sticky":false,"template":"","format":"standard","meta":{"footnotes":""},"categories":[268],"tags":[20594,19067,168,25,24,280,282,8252,12753,863,3048,281,23,167,52160],"class_list":{"0":"post-271030","1":"post","2":"type-post","3":"status-publish","4":"format-standard","5":"has-post-thumbnail","7":"category-futbol","8":"tag-alexander-arnold","9":"tag-camavinga","10":"tag-deportes","11":"tag-es","12":"tag-espana","13":"tag-football","14":"tag-futbol","15":"tag-lesion","16":"tag-medico","17":"tag-parte","18":"tag-real-madrid","19":"tag-soccer","20":"tag-spain","21":"tag-sports","22":"tag-trent"},"share_on_mastodon":{"url":"https:\/\/pubeurope.com\/@es\/115662213980305812","error":""},"_links":{"self":[{"href":"https:\/\/www.europesays.com\/es\/wp-json\/wp\/v2\/posts\/271030","targetHints":{"allow":["GET"]}}],"collection":[{"href":"https:\/\/www.europesays.com\/es\/wp-json\/wp\/v2\/posts"}],"about":[{"href":"https:\/\/www.europesays.com\/es\/wp-json\/wp\/v2\/types\/post"}],"author":[{"embeddable":true,"href":"https:\/\/www.europesays.com\/es\/wp-json\/wp\/v2\/users\/2"}],"replies":[{"embeddable":true,"href":"https:\/\/www.europesays.com\/es\/wp-json\/wp\/v2\/comments?post=271030"}],"version-history":[{"count":0,"href":"https:\/\/www.europesays.com\/es\/wp-json\/wp\/v2\/posts\/271030\/revisions"}],"wp:featuredmedia":[{"embeddable":true,"href":"https:\/\/www.europesays.com\/es\/wp-json\/wp\/v2\/media\/271031"}],"wp:attachment":[{"href":"https:\/\/www.europesays.com\/es\/wp-json\/wp\/v2\/media?parent=271030"}],"wp:term":[{"taxonomy":"category","embeddable":true,"href":"https:\/\/www.europesays.com\/es\/wp-json\/wp\/v2\/categories?post=271030"},{"taxonomy":"post_tag","embeddable":true,"href":"https:\/\/www.europesays.com\/es\/wp-json\/wp\/v2\/tags?post=271030"}],"curies":[{"name":"wp","href":"https:\/\/api.w.org\/{rel}","templated":true}]}}