{"id":271032,"date":"2025-12-04T16:21:09","date_gmt":"2025-12-04T16:21:09","guid":{"rendered":"https:\/\/www.europesays.com\/es\/271032\/"},"modified":"2025-12-04T16:21:09","modified_gmt":"2025-12-04T16:21:09","slug":"no-se-si-esto-es-legal-pero-a-mi-me-gustaba-el-monitor-de-21-anos-y-yo-tenia-16","status":"publish","type":"post","link":"https:\/\/www.europesays.com\/es\/271032\/","title":{"rendered":"No s\u00e9 si esto es legal, pero a m\u00ed me gustaba el monitor de 21 a\u00f1os y yo ten\u00eda 16"},"content":{"rendered":"<p class=\"c-paragraph\">El primer amor se queda grabado en la memoria para siempre. Y parece que tambi\u00e9n es algo que le pas\u00f3 a <a href=\"https:\/\/www.20minutos.es\/tags\/personas\/aitana-ot.html\" title=\"Aitana OT\" rel=\"nofollow noopener\" target=\"_blank\">Aitana<\/a>, quien <b>record\u00f3 c\u00f3mo fue su primer beso<\/b>, aunque tuvo dudas de hacerlo p\u00fablico, ya que no sab\u00eda si \u00abera legal\u00bb o no por la diferencia de edad.<\/p>\n<p class=\"c-paragraph\">La artista catalana, aprovechando que el pr\u00f3ximo mes de marzo arranca su gira por Latinoam\u00e9rica, visit\u00f3 recientemente el p\u00f3dcast mexicano Envinadas, en el cual se sincer\u00f3 acerca de su primera experiencia sentimental.<\/p>\n<p class=\"c-paragraph\">\u00abUff, esto es una historia\u00bb, exclam\u00f3 cuando le preguntaron por el primer beso. \u00ab<b>Yo no quer\u00eda besarme con alguien que volviera a ver<\/b>, porque dec\u00eda &#8216;lo voy a hacer mal y no quiero que se lo cuente a nadie'\u00bb.<\/p>\n<p class=\"c-paragraph\">La int\u00e9rprete de Las Babys\u00a0defendi\u00f3 que quer\u00eda que su primer beso se quedase ah\u00ed, y as\u00ed fue, pues sucedi\u00f3 <b>durante una excursi\u00f3n del instituto a los Pirineos para esquiar<\/b>, donde se encontr\u00f3 con otro colegio de Madrid.<\/p>\n<p class=\"c-paragraph\">Entonces, se abri\u00f3 en cuerpo y alma y comenz\u00f3 a hablar del chico en cuesti\u00f3n: \u00abA m\u00ed me gustaba&#8230; Es que <b>yo no s\u00e9 si esto es legal, pero a m\u00ed me gustaba el monitor que ten\u00eda 21 a\u00f1os. Yo ten\u00eda 16<\/b>\u00ab.<\/p>\n<p class=\"c-paragraph\">Tras matizar que no era su monitor, sino que ven\u00eda con los estudiantes de Madrid, explic\u00f3 que una noche, bajo las estrellas, se juntaron ambos colegios y comenzaron a <b>jugar a \u00abverdad, beso o atrevimiento\u00bb.<\/b><\/p>\n<p class=\"c-paragraph\">\u00abA m\u00ed toc\u00f3 darme un beso con alguien y yo dije que no, que no quer\u00eda\u00bb, explic\u00f3. Y sus compa\u00f1eros empezaron a insistirle en que lo hiciera, momento en el que <b>este monitor<\/b>, que estaba apartado supervisando con otras monitoras,<b> intervino para defenderla<\/b>: \u00ab\u00a1Que no quiere darse un beso!\u00bb.<\/p>\n<p class=\"c-paragraph\">\u00abNos fuimos todos y me dijo &#8216;\u00bfquieres que te acompa\u00f1e a tu caba\u00f1a?&#8217;. Entonces, <b>en la puerta de mi caba\u00f1a, me bes\u00f3<\/b>\u00ab, confes\u00f3, dejando a las presentadoras emocionadas con la an\u00e9cdota.<\/p>\n","protected":false},"excerpt":{"rendered":"El primer amor se queda grabado en la memoria para siempre. Y parece que tambi\u00e9n es algo que&hellip;\n","protected":false},"author":2,"featured_media":271033,"comment_status":"","ping_status":"","sticky":false,"template":"","format":"standard","meta":{"footnotes":""},"categories":[174],"tags":[3519,255,2170,146,147,25,24,256,11128,1789,23,3271],"class_list":{"0":"post-271032","1":"post","2":"type-post","3":"status-publish","4":"format-standard","5":"has-post-thumbnail","7":"category-famosos","8":"tag-aitana","9":"tag-celebrities","10":"tag-como","11":"tag-entertainment","12":"tag-entretenimiento","13":"tag-es","14":"tag-espana","15":"tag-famosos","16":"tag-fue","17":"tag-revela","18":"tag-spain","19":"tag-su"},"share_on_mastodon":{"url":"https:\/\/pubeurope.com\/@es\/115662217911280027","error":""},"_links":{"self":[{"href":"https:\/\/www.europesays.com\/es\/wp-json\/wp\/v2\/posts\/271032","targetHints":{"allow":["GET"]}}],"collection":[{"href":"https:\/\/www.europesays.com\/es\/wp-json\/wp\/v2\/posts"}],"about":[{"href":"https:\/\/www.europesays.com\/es\/wp-json\/wp\/v2\/types\/post"}],"author":[{"embeddable":true,"href":"https:\/\/www.europesays.com\/es\/wp-json\/wp\/v2\/users\/2"}],"replies":[{"embeddable":true,"href":"https:\/\/www.europesays.com\/es\/wp-json\/wp\/v2\/comments?post=271032"}],"version-history":[{"count":0,"href":"https:\/\/www.europesays.com\/es\/wp-json\/wp\/v2\/posts\/271032\/revisions"}],"wp:featuredmedia":[{"embeddable":true,"href":"https:\/\/www.europesays.com\/es\/wp-json\/wp\/v2\/media\/271033"}],"wp:attachment":[{"href":"https:\/\/www.europesays.com\/es\/wp-json\/wp\/v2\/media?parent=271032"}],"wp:term":[{"taxonomy":"category","embeddable":true,"href":"https:\/\/www.europesays.com\/es\/wp-json\/wp\/v2\/categories?post=271032"},{"taxonomy":"post_tag","embeddable":true,"href":"https:\/\/www.europesays.com\/es\/wp-json\/wp\/v2\/tags?post=271032"}],"curies":[{"name":"wp","href":"https:\/\/api.w.org\/{rel}","templated":true}]}}