{"id":271034,"date":"2025-12-04T16:22:16","date_gmt":"2025-12-04T16:22:16","guid":{"rendered":"https:\/\/www.europesays.com\/es\/271034\/"},"modified":"2025-12-04T16:22:16","modified_gmt":"2025-12-04T16:22:16","slug":"un-leon-rampante-corona-la-nueva-rotonda-del-puente-de-los-leones","status":"publish","type":"post","link":"https:\/\/www.europesays.com\/es\/271034\/","title":{"rendered":"Un le\u00f3n rampante corona la nueva rotonda del Puente de los Leones"},"content":{"rendered":"<p><img fetchpriority=\"high\" class=\"v-a-img\" src=\"https:\/\/www.europesays.com\/es\/wp-content\/uploads\/2025\/12\/Leon rampante-kWED-U240451464055XED-1200x840@Leonoticias.jpg\" loading=\"eager\" decoding=\"async\" alt=\"El le\u00f3n rampante preside la nueva rotonda frente al puente de los Leones.\"  width=\"1200\" height=\"840\"\/><\/p>\n<p>El le\u00f3n rampante preside la nueva rotonda frente al puente de los Leones.          Ayto. de Le\u00f3n        <\/p>\n<p>La escultura realizada por Fernando Ortiz mide m\u00e1s de tres metros de alto y casi dos y medio de ancho, con un peso cercano a los 200 kilogramos<\/p>\n<p><a class=\"v-mdl-ath__fig-a\" href=\"https:\/\/www.leonoticias.com\/autor\/leonoticias-2282.html\" title=\"Leonoticias\" rel=\"nofollow noopener\" target=\"_blank\"><br \/>\n<img decoding=\"async\" class=\"v-mdl-ath__img\" src=\"https:\/\/www.europesays.com\/es\/wp-content\/uploads\/2025\/11\/1764073091_330_autor-2282-foto-1.jpeg\" alt=\"Leonoticias\"\/><br \/>\n<\/a><\/p>\n<p class=\"v-mdl-ath__p v-mdl-ath__p--6\">\nJueves, 4 de diciembre 2025, 13:34<\/p>\n<p>| Actualizado 13:53h.<\/p>\n<p class=\"v-p\">Un le\u00f3n rampante corona desde hoy la nueva rotonda del Puente de los Leones. La nueva escultura tiene unas dimensiones de 3,2 metros de alto y 2,4 de ancho y un peso de 197 kilos. La estructura est\u00e1 elaborada con hierro formado por varillas lisas de 8 mm y 6 mm y tiene un acabado de chapa negra. Este le\u00f3n que dar\u00e1 la bienvenida a aquellos que accedan a la ciudad por este puente es obra del escultor Fernando Ortiz, natural de Puente Almuhey, pero que tiene su taller en Almanza y que ha nombrado a la escultura como &#8216;Le\u00f3n rampante&#8217;. <\/p>\n<p class=\"v-p\">Ortiz es soldador de profesi\u00f3n y es el autor de las esculturas y otras estructuras luminosas que decoran cada Navidad la localidad de Almanza. Es tambi\u00e9n creador de obras de arte como esculturas en material en forja de hierro y varillas de acero soldadas. <\/p>\n<p><a class=\"v-a-link\" href=\"https:\/\/www.leonoticias.com\/leon\/trafico-nueva-rotonda-puente-leones-20251121102740-ga.html\" data-voc-vtm-id=\"in-text-traffic\" title=\"\" aria-label=\"Imagen\" rel=\"nofollow noopener\" target=\"_blank\"><br \/>\n<img decoding=\"async\" loading=\"lazy\" src=\"https:\/\/www.europesays.com\/es\/wp-content\/uploads\/2025\/12\/rotonda (1)-kmBF--366x256@Leonoticias.jpeg\" class=\"v-a-img\" width=\"258\" height=\"180\" alt=\"\" data-voc-vtm-id=\"in-text-traffic\"\/><\/p>\n<p><\/a><\/p>\n<p class=\"v-p\">El alcalde de Le\u00f3n, Jos\u00e9 Antonio Diez, acompa\u00f1ado Fernando Ortiz, ha supervisado esta ma\u00f1ana la instalaci\u00f3n de esta escultura en la nueva glorieta que se abri\u00f3 al tr\u00e1fico el pasado 20 de noviembre para dar soluci\u00f3n a la gran afluencia de tr\u00e1fico de la avenida Palencia y, en concreto, su intersecci\u00f3n con la avenida Ingeniero S\u00e1enz de Miera. Una soluci\u00f3n proyectada por el Ayuntamiento que, adem\u00e1s de dar fluidez a la circulaci\u00f3n, tambi\u00e9n ha evitado los giros peligrosos y atascos que se produc\u00edan en momentos puntuales.<\/p>\n<p>Reporta un error<\/p>\n","protected":false},"excerpt":{"rendered":"El le\u00f3n rampante preside la nueva rotonda frente al puente de los Leones. Ayto. de Le\u00f3n La escultura&hellip;\n","protected":false},"author":2,"featured_media":271035,"comment_status":"","ping_status":"","sticky":false,"template":"","format":"standard","meta":{"footnotes":""},"categories":[173],"tags":[229,233,231,230,4182,232,234,146,147,25,24,4108,8474,795,2497,66563,11487,23],"class_list":{"0":"post-271034","1":"post","2":"type-post","3":"status-publish","4":"format-standard","5":"has-post-thumbnail","7":"category-arte-y-diseno","8":"tag-arte","9":"tag-arte-y-diseno","10":"tag-arts","11":"tag-arts-and-design","12":"tag-corona","13":"tag-design","14":"tag-diseno","15":"tag-entertainment","16":"tag-entretenimiento","17":"tag-es","18":"tag-espana","19":"tag-leon","20":"tag-leones","21":"tag-nueva","22":"tag-puente","23":"tag-rampante","24":"tag-rotonda","25":"tag-spain"},"share_on_mastodon":{"url":"https:\/\/pubeurope.com\/@es\/115662222123106829","error":""},"_links":{"self":[{"href":"https:\/\/www.europesays.com\/es\/wp-json\/wp\/v2\/posts\/271034","targetHints":{"allow":["GET"]}}],"collection":[{"href":"https:\/\/www.europesays.com\/es\/wp-json\/wp\/v2\/posts"}],"about":[{"href":"https:\/\/www.europesays.com\/es\/wp-json\/wp\/v2\/types\/post"}],"author":[{"embeddable":true,"href":"https:\/\/www.europesays.com\/es\/wp-json\/wp\/v2\/users\/2"}],"replies":[{"embeddable":true,"href":"https:\/\/www.europesays.com\/es\/wp-json\/wp\/v2\/comments?post=271034"}],"version-history":[{"count":0,"href":"https:\/\/www.europesays.com\/es\/wp-json\/wp\/v2\/posts\/271034\/revisions"}],"wp:featuredmedia":[{"embeddable":true,"href":"https:\/\/www.europesays.com\/es\/wp-json\/wp\/v2\/media\/271035"}],"wp:attachment":[{"href":"https:\/\/www.europesays.com\/es\/wp-json\/wp\/v2\/media?parent=271034"}],"wp:term":[{"taxonomy":"category","embeddable":true,"href":"https:\/\/www.europesays.com\/es\/wp-json\/wp\/v2\/categories?post=271034"},{"taxonomy":"post_tag","embeddable":true,"href":"https:\/\/www.europesays.com\/es\/wp-json\/wp\/v2\/tags?post=271034"}],"curies":[{"name":"wp","href":"https:\/\/api.w.org\/{rel}","templated":true}]}}