{"id":271036,"date":"2025-12-04T16:24:12","date_gmt":"2025-12-04T16:24:12","guid":{"rendered":"https:\/\/www.europesays.com\/es\/271036\/"},"modified":"2025-12-04T16:24:12","modified_gmt":"2025-12-04T16:24:12","slug":"intxaurrondo-reclama-a-rtve-mas-de-250-000-euros-anuales-y-una-indemnizacion-por-danos-y-perjuicios","status":"publish","type":"post","link":"https:\/\/www.europesays.com\/es\/271036\/","title":{"rendered":"Intxaurrondo reclama a RTVE m\u00e1s de 250.000 euros anuales y una indemnizaci\u00f3n por \u00abda\u00f1os y perjuicios\u00bb"},"content":{"rendered":"<p><strong>Silvia Intxaurrondo <\/strong>present\u00f3 hace unas semanas una demanda en los Juzgados de lo Social de Madrid en la que <strong>reclama a la cadena p\u00fablica RTVE <\/strong>m\u00e1s de 253.000 euros. <a href=\"https:\/\/www.elmundo.es\/television\/2025\/12\/03\/69303913fc6c83aa148b4575.html\" rel=\"nofollow noreferrer noopener\" target=\"_blank\">El Mundo <\/a>ha tenido acceso a la demanda completa y en ella se especifica que la cantidad requerida por la presentadora asciende a <strong>253.356,96 euros anuales<\/strong>. Dicho importe, seg\u00fan hab\u00eda sostenido con anterioridad Intxaurrondo, era un tope y no una obligaci\u00f3n salarial.<\/p>\n<p>Sin embargo, ahora asegura que el <strong>contrato entre su empresa Sukun Comunicaci\u00f3n y RTVE<\/strong> escond\u00eda una relaci\u00f3n laboral que se debe regir por las mismas condiciones laborales y salariales de su \u00faltimo contrato, cuya finalizaci\u00f3n data del 11 de septiembre de 2025. Dicho contrato tiene la consideraci\u00f3n de fraudulento despu\u00e9s de que una inspecci\u00f3n de Trabajo concluyera que <strong>Silvia Intxaurrondo estaba contratada en fraude a la Seguridad Social<\/strong>.<\/p>\n<p>Adem\u00e1s, reclama indemnizaciones<\/p>\n<p>Esto se debe a que se hab\u00eda hecho a trav\u00e9s de Sukun Comunicaci\u00f3n, sociedad mercantil que cre\u00f3 el 27 de julio de 2023, de la que es socia mayoritaria y administradora, junto con su marido. Igualmente, la presentadora exige \u00abuna indemnizaci\u00f3n, tanto por <strong>vulneraci\u00f3n de los derechos fundamentales alegados<\/strong>, como por los <strong>da\u00f1os y perjuicios de \u00edndole econ\u00f3mica causados<\/strong> y que se causen durante el tiempo en que mantenga la medida empresarial\u00bb.<\/p>\n<p>La cadena p\u00fablica se podr\u00eda enfrentar a multas que oscilan entre los 30.001 y 120.005 euros. Una cantidad que se conocer\u00e1 en los pr\u00f3ximos meses, ya que el mes de <strong>mayo es la<\/strong> <strong>fecha en la que se celebrar\u00e1 el juicio<\/strong>.<\/p>\n<p>Aunque en reiteradas ocasiones <strong>ella <\/strong>desminti\u00f3 la informaci\u00f3n publicada en marzo de 2024 por El Mundo sobre su verdadero contrato con RTVE, a la hora de presentar la demanda, se remite a las mismas <strong>condiciones relatadas por el medio<\/strong>.<\/p>\n<p>Variedad de contratos<\/p>\n<p>Desde 2021, <strong>Silvia Intxaurrondo<\/strong> ha trabajado en la cadena p\u00fablica a trav\u00e9s de productoras externas o de Sukun Comunicaci\u00f3n. En su <strong>primer contrato con Mediatso<\/strong>, la retribuci\u00f3n acordada fue de 6.000 euros mensuales fijos por la codirecci\u00f3n. A esto se a\u00f1ad\u00edan 500 euros por cada programa en el que interviniera como presentadora. Seg\u00fan recoge la demanda, fue un \u00abcontrato mercantil de colaboraci\u00f3n\u00bb <strong>seguido de otro bajo la misma <\/strong>\u00ab<strong>modalidad art\u00edstica<\/strong>\u00bb <strong>con Tesse Producciones<\/strong>. Esta fue la productora externa que se hizo cargo de La Hora de La 1, antes en manos de Mediatso.<\/p>\n<p>Considera Intxaurrondo, como lo refleja en la demanda, que \u00abal ser una relaci\u00f3n ordinaria, o com\u00fan, debe considerarse suscrita tambi\u00e9n desde su inicio con car\u00e1cter indefinido\u00bb, pese a no ser un contrato laboral. Incluso, <strong>ella considera que su<\/strong> <strong>\u00abaut\u00e9ntica empleadora\u00bb era RTVE<\/strong>. Despu\u00e9s de las protestas por permitir a productoras externas programas correspondientes a los Servicios Informativos de RTVE, Silvia Intxaurrondo, junto a su marido, constituyeron Sukun Comunicaci\u00f3n.<\/p>\n<p>    Relacionado<\/p>\n<p>El nuevo contrato firmado entre <strong>RTVE y Sukun Comunicaci\u00f3n<\/strong> para seguir con el programa La Hora de La 1 cont\u00f3 con el mutuo acuerdo, aunque la presentadora afirma ahora que \u00abexigi\u00f3 que constituyera una empresa mercantil de su propiedad que sirviera de pantalla para la contrataci\u00f3n\u00bb, encubri\u00e9ndose de esta manera la relaci\u00f3n laboral.<\/p>\n<p>La cronolog\u00eda<\/p>\n<p>El 17 de julio de 2023, coincidiendo con la entrevista de Intxaurrondo a Feij\u00f3o, RTVE abri\u00f3 el expediente para contratarla. Diez d\u00edas m\u00e1s tarde, ella crea la sociedad Sukun junto a su marido y el 16 de agosto se firma su <strong>contrato para unos 520 programas de La Hora de La 1<\/strong>. La duraci\u00f3n del contrato es del <strong>11 de septiembre de 2023 hasta el 10 de septiembre de 2025<\/strong>.<\/p>\n<p>Las <strong>condiciones del contrato <\/strong>inclu\u00edan para la codirecci\u00f3n 7.887 euros mensuales + IVA \u2013 hasta un m\u00e1ximo de 86.757 euros al a\u00f1o \u2013. En el caso de la remuneraci\u00f3n por ser presentadora, el salario era de 700 euros + IVA por programa \u2013 el m\u00e1ximo era de 182.000 euros al a\u00f1o por los 260 programas contratados -. Adem\u00e1s, el <strong>transporte pagado por RTVE<\/strong>, un beneficio con el que no contaba Marc Sala, trabajador de con la misma labor que Intxaurrondo.<\/p>\n<p>A finales de 2023, el 20 de diciembre, el contrato se volvi\u00f3 a modificar para a\u00f1adir un cobro de 1.000 euros por cada festivo trabajado. Por ello, <strong>entre abril de 2024 y marzo de 2025<\/strong>, ella cobr\u00f3 <strong>246.065,99 euros<\/strong> \u2013 excluidos IVA, gastos y dietas \u2013 por los trabajos realizados a trav\u00e9s de la empresa Sukun Comunicaci\u00f3n.<\/p>\n<p>Cambio en las condiciones<\/p>\n<p>Despu\u00e9s de la denuncia y una inspecci\u00f3n, la <strong>Tesorer\u00eda General de la Seguridad Social<\/strong> <strong>dio el paso para darla de alta de oficio como trabajadora por cuenta ajena <\/strong>\u00abcon efectos de 11 de septiembre de 2023\u00bb. En esos momentos, RTVE le ofreci\u00f3 un <strong>contrato de artistas<\/strong> (RD 1435\/1985) con 7.591,24 euros al mes por direcci\u00f3n y 3.364,04 euros semanales por presentaci\u00f3n. Adem\u00e1s, 300 euros por festivos durante dos a\u00f1os. Intxaurrondo lo rechaz\u00f3 al considerar que no se ajustaba a \u00abla calificaci\u00f3n de la relaci\u00f3n como ordinaria o com\u00fan\u00bb.<\/p>\n<p>Como no hubo acuerdo, el 10 de septiembre, la cadena p\u00fablica le envi\u00f3 un burofax aplic\u00e1ndole las condiciones del <strong>III Convenio Colectivo<\/strong>, convirti\u00e9ndose en <strong>personal no fijo<\/strong>. Intxaurrondo contest\u00f3 \u00abno conforme\u00bb. Ese mismo d\u00eda recibi\u00f3 otra comunicaci\u00f3n asign\u00e1ndole un <strong>plus de programas de 10.000 euros mensuales<\/strong>, repartidos entre 5.000 por direcci\u00f3n y 5.000 por presentaci\u00f3n, con efectos desde el 1 de septiembre, que acept\u00f3 \u00aba cuenta\u00bb de lo que RTVE le deb\u00eda, <strong>reserv\u00e1ndose el derecho a reclamar diferencias<\/strong>.<\/p>\n<p>Disminuci\u00f3n de la cantidad percibida<\/p>\n<p>La presentadora reclama que, bajo esta nueva relaci\u00f3n laboral, ya no ten\u00eda el transporte del que dispon\u00eda anteriormente. Finalmente, se le asegura un salario base de 2.201,84 euros y el complemento de \u00abplus de programas\u00bb, por un total de 10.000 euros. Por ello, <strong>Intxaurrondo ha reducido su salario<\/strong>, tal y como refleja en la demanda, de 253.356,96 euros hasta el 31 de agosto de 2025 <strong>a 140.814 euros<\/strong>, desde el 1 de septiembre.<\/p>\n<p>\u00abEntiende la demandante que dichas modificaciones deben considerarse nulas\u00bb, se\u00f1ala la demanda, por \u00ab<strong>vulneraci\u00f3n del derecho fundamental consagrado en el art. 24.1 CE<\/strong>\u00ab. As\u00ed, Intxaurrondo no rechaza incluirse en la aplicaci\u00f3n del convenio colectivo, pero siempre y cuando su <strong>salario sea el que cobraba con Sukun<\/strong>.<\/p>\n","protected":false},"excerpt":{"rendered":"Silvia Intxaurrondo present\u00f3 hace unas semanas una demanda en los Juzgados de lo Social de Madrid en la&hellip;\n","protected":false},"author":2,"featured_media":271037,"comment_status":"","ping_status":"","sticky":false,"template":"","format":"standard","meta":{"footnotes":""},"categories":[171],"tags":[66564,106,52076,66565,360,146,147,25,24,47737,29985,66566,66567,518,11755,14219,23,66568,66569,214],"class_list":{"0":"post-271036","1":"post","2":"type-post","3":"status-publish","4":"format-standard","5":"has-post-thumbnail","7":"category-tv","8":"tag-253-356-euros-anuales","9":"tag-contrato","10":"tag-convenio-colectivo","11":"tag-danos-y-perjuicios","12":"tag-el-mundo","13":"tag-entertainment","14":"tag-entretenimiento","15":"tag-es","16":"tag-espana","17":"tag-indemnizacion","18":"tag-la-hora-de-la-1","19":"tag-mediatso","20":"tag-relacion-laboral","21":"tag-rtve","22":"tag-seguridad-social","23":"tag-silvia-intxaurrondo","24":"tag-spain","25":"tag-sukun-comunicacion","26":"tag-tesse-producciones","27":"tag-tv"},"share_on_mastodon":{"url":"https:\/\/pubeurope.com\/@es\/115662229697773255","error":""},"_links":{"self":[{"href":"https:\/\/www.europesays.com\/es\/wp-json\/wp\/v2\/posts\/271036","targetHints":{"allow":["GET"]}}],"collection":[{"href":"https:\/\/www.europesays.com\/es\/wp-json\/wp\/v2\/posts"}],"about":[{"href":"https:\/\/www.europesays.com\/es\/wp-json\/wp\/v2\/types\/post"}],"author":[{"embeddable":true,"href":"https:\/\/www.europesays.com\/es\/wp-json\/wp\/v2\/users\/2"}],"replies":[{"embeddable":true,"href":"https:\/\/www.europesays.com\/es\/wp-json\/wp\/v2\/comments?post=271036"}],"version-history":[{"count":0,"href":"https:\/\/www.europesays.com\/es\/wp-json\/wp\/v2\/posts\/271036\/revisions"}],"wp:featuredmedia":[{"embeddable":true,"href":"https:\/\/www.europesays.com\/es\/wp-json\/wp\/v2\/media\/271037"}],"wp:attachment":[{"href":"https:\/\/www.europesays.com\/es\/wp-json\/wp\/v2\/media?parent=271036"}],"wp:term":[{"taxonomy":"category","embeddable":true,"href":"https:\/\/www.europesays.com\/es\/wp-json\/wp\/v2\/categories?post=271036"},{"taxonomy":"post_tag","embeddable":true,"href":"https:\/\/www.europesays.com\/es\/wp-json\/wp\/v2\/tags?post=271036"}],"curies":[{"name":"wp","href":"https:\/\/api.w.org\/{rel}","templated":true}]}}