{"id":271038,"date":"2025-12-04T16:25:14","date_gmt":"2025-12-04T16:25:14","guid":{"rendered":"https:\/\/www.europesays.com\/es\/271038\/"},"modified":"2025-12-04T16:25:14","modified_gmt":"2025-12-04T16:25:14","slug":"dua-lipa-luce-sus-clases-de-espanol-en-mexico-cantando-con-fher-olvera-de-mana","status":"publish","type":"post","link":"https:\/\/www.europesays.com\/es\/271038\/","title":{"rendered":"Dua Lipa luce sus clases de espa\u00f1ol en M\u00e9xico cantando con Fher Olvera de Man\u00e1"},"content":{"rendered":"<p class=\"mb-4 text-lg md:leading-8 break-words\">CIUDAD DE M\u00c9XICO (AP) \u2014 Dua Lipa presumi\u00f3 los resultados de sus clases de espa\u00f1ol cantando en vivo con Fher Olvera de Man\u00e1 el martes por la noche en el Estadio GNP Seguros de la Ciudad de M\u00e9xico.<\/p>\n<p class=\"mb-4 text-lg md:leading-8 break-words\">Antes de que su gira Radical Optimism llegara a Latinoam\u00e9rica, la estrella pop brit\u00e1nica hab\u00eda compartido con sus seguidores que hab\u00eda aprobado su curso de espa\u00f1ol y su esmero se pudo sentir cuando interpret\u00f3 \u201cOye mi amor\u201d de Man\u00e1 en la secci\u00f3n de covers que ha caracterizado a su gira.<\/p>\n<p class=\"mb-4 text-lg md:leading-8 break-words\">\u201cEste momento con mi banda es uno de mis favoritos, le da mucha espontaneidad a un show que conocemos tan bien, nunca sabemos qu\u00e9 va a pasar, pero seguimos adelante y para m\u00ed eso es Radical Optimisim\u201d, dijo Lipa en espa\u00f1ol.<\/p>\n<p class=\"mb-4 text-lg md:leading-8 break-words\">\u201cCiudad de M\u00e9xico, por favor, ay\u00fadame a recibir con un fuerte aplauso a \u00a1Fher de Man\u00e1!\u201d, agreg\u00f3 provocando una ovaci\u00f3n de los 65.000 asistentes al concierto.<\/p>\n<p class=\"mb-4 text-lg md:leading-8 break-words\">\u201cOye mi amor\u201d es el primer sencillo del \u00e1lbum de Man\u00e1 \u201c\u00bfD\u00f3nde jugar\u00e1n los ni\u00f1os?\u201d de 1992. Lipa naci\u00f3 en 1995.<\/p>\n<p class=\"mb-4 text-lg md:leading-8 break-words\">Antes de cantar con Olvera, Lipa se acerc\u00f3 a los fans en la primera fila y a algunos les pregunt\u00f3 \u201c\u00bfc\u00f3mo te llamas?\u201d y \u201c\u00bfte quieres tomar una foto?\u201d, para luego pedirles su celular y hacer una selfie.<\/p>\n<p class=\"mb-4 text-lg md:leading-8 break-words\">\u201cDua, gracias por lo que est\u00e1s haciendo por aprender nuestro idioma, es muy importante y \u00bfsaben qu\u00e9? \u00a1Dua, amiga, ya eres mexicana!\u201d, dijo en ingl\u00e9s y espa\u00f1ol un joven llamado Mauricio cuando se acerc\u00f3 la cantante.<\/p>\n<p class=\"mb-4 text-lg md:leading-8 break-words\">Lipa felicit\u00f3 a otro chico llamado Antonio por su estilo y tambi\u00e9n por su cumplea\u00f1os, le firm\u00f3 un aut\u00f3grafo.<\/p>\n<p class=\"mb-4 text-lg md:leading-8 break-words\">\u201cQu\u00e9 sue\u00f1o y qu\u00e9 alegr\u00eda estar otra vez aqu\u00ed esta noche en tu hermosa ciudad con toda esta gente tan linda\u00bb, dijo Lipa en espa\u00f1ol al p\u00fablico. \u201cEstoy disfrutando de cada momento y no quiero que esto termine\u201d.<\/p>\n<p class=\"mb-4 text-lg md:leading-8 break-words\">El lunes Lipa abri\u00f3 una taquer\u00eda temporal para sus fans en la Ciudad de M\u00e9xico y tambi\u00e9n present\u00f3 el primer concierto de su serie de tres que terminar\u00e1 el viernes por la noche.<\/p>\n<p><img alt=\"Fans y clientes formados durante la apertura la taquer\u00eda La Dua de la estrella de la m\u00fasica, un restaurante emergente en la Ciudad de M\u00e9xico, el lunes 1 de diciembre de 2025. (Foto AP\/Eduardo Verdugo)\" loading=\"lazy\" width=\"960\" height=\"640\" decoding=\"async\" data-nimg=\"1\" class=\"rounded-lg\" style=\"color:transparent\" src=\"https:\/\/www.europesays.com\/es\/wp-content\/uploads\/2025\/12\/52cbf3d61c4d556132bd8a8e67475d63.jpeg\"\/><\/p>\n<p>Fans y clientes formados durante la apertura la taquer\u00eda La Dua de la estrella de la m\u00fasica, un restaurante emergente en la Ciudad de M\u00e9xico, el lunes 1 de diciembre de 2025. (Foto AP\/Eduardo Verdugo)<\/p>\n<p class=\"mb-4 text-lg md:leading-8 break-words\">Recientemente, Man\u00e1 celebr\u00f3 su presentaci\u00f3n 43 en arenas de Los \u00c1ngeles, superando el r\u00e9cord de Bruce Springsteen por la mayor cantidad de conciertos en arenas de la ciudad presentados por un artista o banda. Su gira Vivir Sin Aire comenz\u00f3 en septiembre y continuar\u00e1 durante 2026.<\/p>\n<p><a data-ylk=\"ct:story;elm:img;itc:0;\" class=\"stretched-box\" href=\"https:\/\/trib.al\/yG4LVEm\" rel=\"noopener noreferrer nofollow\" target=\"_blank\"><img alt=\"S\u00edguenos en nuestro canal de WhatsApp\" loading=\"lazy\" width=\"728\" height=\"90\" decoding=\"async\" data-nimg=\"1\" class=\"rounded-lg\" style=\"color:transparent\" src=\"https:\/\/www.europesays.com\/es\/wp-content\/uploads\/2025\/08\/1756428142_323_3d6447f0-3275-11f0-8ffa-1f5d930b0349.jpeg\"\/><\/a><\/p>\n<p>S\u00edguenos en nuestro canal de WhatsApp<\/p>\n","protected":false},"excerpt":{"rendered":"CIUDAD DE M\u00c9XICO (AP) \u2014 Dua Lipa presumi\u00f3 los resultados de sus clases de espa\u00f1ol cantando en vivo&hellip;\n","protected":false},"author":2,"featured_media":271039,"comment_status":"","ping_status":"","sticky":false,"template":"","format":"standard","meta":{"footnotes":""},"categories":[170],"tags":[27959,66572,66571,14008,146,147,25,24,66570,66573,184,185,23],"class_list":{"0":"post-271038","1":"post","2":"type-post","3":"status-publish","4":"format-standard","5":"has-post-thumbnail","7":"category-musica","8":"tag-ciudad-de-mexico","9":"tag-clases-de-espanol","10":"tag-curso-de-espanol","11":"tag-dua-lipa","12":"tag-entertainment","13":"tag-entretenimiento","14":"tag-es","15":"tag-espana","16":"tag-fher-olvera","17":"tag-mana","18":"tag-music","19":"tag-musica","20":"tag-spain"},"share_on_mastodon":{"url":"https:\/\/pubeurope.com\/@es\/115662234354298078","error":""},"_links":{"self":[{"href":"https:\/\/www.europesays.com\/es\/wp-json\/wp\/v2\/posts\/271038","targetHints":{"allow":["GET"]}}],"collection":[{"href":"https:\/\/www.europesays.com\/es\/wp-json\/wp\/v2\/posts"}],"about":[{"href":"https:\/\/www.europesays.com\/es\/wp-json\/wp\/v2\/types\/post"}],"author":[{"embeddable":true,"href":"https:\/\/www.europesays.com\/es\/wp-json\/wp\/v2\/users\/2"}],"replies":[{"embeddable":true,"href":"https:\/\/www.europesays.com\/es\/wp-json\/wp\/v2\/comments?post=271038"}],"version-history":[{"count":0,"href":"https:\/\/www.europesays.com\/es\/wp-json\/wp\/v2\/posts\/271038\/revisions"}],"wp:featuredmedia":[{"embeddable":true,"href":"https:\/\/www.europesays.com\/es\/wp-json\/wp\/v2\/media\/271039"}],"wp:attachment":[{"href":"https:\/\/www.europesays.com\/es\/wp-json\/wp\/v2\/media?parent=271038"}],"wp:term":[{"taxonomy":"category","embeddable":true,"href":"https:\/\/www.europesays.com\/es\/wp-json\/wp\/v2\/categories?post=271038"},{"taxonomy":"post_tag","embeddable":true,"href":"https:\/\/www.europesays.com\/es\/wp-json\/wp\/v2\/tags?post=271038"}],"curies":[{"name":"wp","href":"https:\/\/api.w.org\/{rel}","templated":true}]}}