{"id":271046,"date":"2025-12-04T16:29:18","date_gmt":"2025-12-04T16:29:18","guid":{"rendered":"https:\/\/www.europesays.com\/es\/271046\/"},"modified":"2025-12-04T16:29:18","modified_gmt":"2025-12-04T16:29:18","slug":"las-lineas-rojas-de-la-entrevista-en-television-de-inaki-urdangarin-las-han-marcado-sus-hijos","status":"publish","type":"post","link":"https:\/\/www.europesays.com\/es\/271046\/","title":{"rendered":"Las l\u00edneas rojas de la entrevista en televisi\u00f3n de I\u00f1aki Urdangarin las han marcado sus hijos"},"content":{"rendered":"<p id=\"eK1Z-0Pmdx\" data-wc=\"74\">Por primera vez desde que estall\u00f3 el caso Noos, I\u00f1aki Urdangarin <a class=\"hm-link ho-link\" href=\"https:\/\/www.hola.com\/actualidad\/20251124869235\/inaki-urdangarin-primera-entrevista-television\/\" data-mrf-recirculation=\"article-body-link\" rel=\"nofollow noopener\" target=\"_blank\">ha concedido una entrevista televisiva<\/a> en la que, durante 55 minutos, se abrir\u00e1 con Jordi Bast\u00e9, presentador de Pla Seq\u00fc\u00e8ncia, en la 2 Cat. El pr\u00f3ximo 11 de diciembre se emitir\u00e1 en el reci\u00e9n lanzado canal de La 2 en catal\u00e1n el programa en el que, seg\u00fan ha contado, se muestra \u00abel I\u00f1aki persona\u00bb, una faceta m\u00e1s personal que nunca antes hab\u00eda mostrado.\u00a0<\/p>\n<p> <img src=\"https:\/\/www.europesays.com\/es\/wp-content\/uploads\/2025\/12\/4a060e9a0762-captura-de-pantalla-2025-11-24-191044.png\"   width=\"1024\" height=\"444\" loading=\"lazy\" decoding=\"async\" alt=\"Jordi Bast\u00e9 e I\u00f1aki Urdangarin\" fetchpriority=\"auto\" class=\"image ho-image\"\/>\u00a9 RTVE CatalunyaI\u00f1aki Urdangarin, durante la entrevista con Jordi Bast\u00e9<\/p>\n<p data-wc=\"156\" id=\"exKZe9EzaI\">La entrevista se ha rodado en plano secuencia, como indica el nombre del espacio, si cortes, y aunque se abordan todo tipo de temas, s\u00ed ha habido l\u00edneas rojas y las han marcado sus hijos. Conscientes de que en una conversaci\u00f3n de car\u00e1cter personal es inevitable la menci\u00f3n a los cuatro como parte fundamental de su vida, solo le han pedido que no hable de ellos, m\u00e1s all\u00e1 de lo inevitable. <strong>Juan, Pablo, Miguel e Irene llevan vidas discretas y as\u00ed quieren que siga siendo.\u00a0<\/strong>No quieren ser noticia ni estar en el foco medi\u00e1tico por ninguna pol\u00e9mica ni por asuntos privados. Los cuatro tienen sus carreras profesionales, o bien se est\u00e1n formando a\u00fan, y viven con discreci\u00f3n, aunque siempre est\u00e1n ah\u00ed para apoyar tanto a su padre, como a su madre la infanta Cristina, as\u00ed como para participar en los encuentros familiares que sean precisos, pero m\u00e1s all\u00e1 de eso, no desean una mayor exposici\u00f3n.<\/p>\n<p> <img src=\"https:\/\/www.europesays.com\/es\/wp-content\/uploads\/2025\/10\/7476b50f5df4-dlu592805039.jpg\"   width=\"1024\" height=\"682\" loading=\"lazy\" decoding=\"async\" alt=\"I\u00f1akir Urdangarin, en el \u00faltimo acto p\u00fablico en el que ha participado\" fetchpriority=\"auto\" class=\"image ho-image\"\/>\u00a9 GTRESI\u00f1akir Urdangarin, en el \u00faltimo acto p\u00fablico en el que ha participado<\/p>\n<p id=\"eOlYBfiHpa\" data-wc=\"72\">Juan vive en Londres donde trabaja en E1 Series, el campeonato internacional de lanchas electr\u00f3nicas fundado y presidido por Alejandro Agag, donde empez\u00f3 como city partnerships executive. <a class=\"hm-link ho-link\" href=\"https:\/\/www.hola.com\/realeza\/casa_espanola\/20251103865215\/juan-urdangarin-tiene-novia-descubrimos-las-fotos-sophia-khan\/\" data-mrf-recirculation=\"article-body-link\" rel=\"nofollow noopener\" target=\"_blank\">All\u00ed conoci\u00f3 a su pareja Sophia Khan<\/a>, que trabaja como Teams Executive. \u00a0Nacida y criada en Canad\u00e1, estudi\u00f3 en la universidad de ST Andrews, la misma prestigiosa instituci\u00f3n donde se conocieron y vieron los primeros a\u00f1os de su historia de amor, los pr\u00edncipes de Gales.<\/p>\n<p> <img src=\"https:\/\/www.europesays.com\/es\/wp-content\/uploads\/2025\/11\/d0980b966844-dlu595452061-1.jpg\"   width=\"1024\" height=\"682\" loading=\"lazy\" decoding=\"async\" alt=\"Theodora de Grecia junto a su marido, Matthew Kumar; Philippos de Grecia; Juan Urdangarin; Victoria Federica; Irene Urdangarin; y Pablo Urdangarin y Miguel Urdangarin junto a sus parejas, Johanna y Olympia \" fetchpriority=\"auto\" class=\"image ho-image\"\/>\u00a9 GTRESLo hijos de I\u00f1aki Urdangarin, con la infanta Cristina, en el \u00faltimo encuentro familiar<\/p>\n<p id=\"eOVDLaR1RP\" data-wc=\"58\">Pablo ha seguido los pasos de su padre en el balonmano. Es el que m\u00e1s titulares ocupa de sus hermanos, pero es gracias a sus \u00e9xitos deportivos. Fuera de la pista, mantiene una excelente relaci\u00f3n con la prensa, pero prefiere continuar fuera del foco junto a su novia, Johanna Zott, que ya est\u00e1 plenamente integrada en su familia.\u00a0<\/p>\n<p> <img src=\"https:\/\/www.europesays.com\/es\/wp-content\/uploads\/2025\/12\/99aed5898642-dlu593909048.jpg\"   width=\"1024\" height=\"682\" loading=\"lazy\" decoding=\"async\" alt=\"Pablo Urdangarin en su debut con la selecci\u00f3n nacional espa\u00f1ola de balonmano \" fetchpriority=\"auto\" class=\"image ho-image\"\/>\u00a9 GTRESLa felicidad de Pablo tras ganar frente a Suecia<\/p>\n<p id=\"ewT23Dmo5E\" data-wc=\"75\">\u00a0El m\u00e1s desconocido siempre ha sido Miguel. Bi\u00f3logo marino, vive en Madrid tras haberse formado en Londres en la Universidad de Southampton, en el Centro Nacional de Oceanograf\u00eda (NOCS), l\u00edder en investigaci\u00f3n del oc\u00e9ano y las Ciencias de la Tierra, donde estudi\u00f3 Ciencias del Mar. Tras una etapa entre Espa\u00f1a y Suiza, ahora trabaja en la capital donde <a class=\"hm-link ho-link\" href=\"https:\/\/www.hola.com\/actualidad\/20250430829249\/miguel-urdangarin-cumple-23-anos-nuevo-trabajo-novia-madrid\/\" data-mrf-recirculation=\"article-body-link\" rel=\"nofollow noopener\" target=\"_blank\">comparte su vida con Olympia Beracasa<\/a>, a la que conoci\u00f3 en el Colegio Internacional Ecolin de Ginebra.<\/p>\n<p> <img src=\"https:\/\/www.europesays.com\/es\/wp-content\/uploads\/2025\/12\/2320758260f7-europapress6952559ireneurdangarinpuertodeportivo14septiembre2025sanxenx.jpg\"   width=\"682\" height=\"1024\" loading=\"lazy\" decoding=\"async\" alt=\"&#10;\" fetchpriority=\"auto\" class=\"image ho-image\"\/>\u00a9 Europa PressIrene Urdangarin, en el puerto de Sanxenxo<\/p>\n<p id=\"esPTcMsm4o\" data-wc=\"71\">Unos vuelven y otros se va,<a class=\"hm-link ho-link\" href=\"https:\/\/www.hola.com\/realeza\/casa_espanola\/20250904853344\/irene-urdangarin-primeras-reveladoras-fotos-tras-ruptura-juan-urquijo\/\" data-mrf-recirculation=\"article-body-link\" rel=\"nofollow noopener\" target=\"_blank\">\u00a0Irene Urdangarin estudia en Oxford\u00a0<\/a>desde el a\u00f1o pasado, donde se forma en Gesti\u00f3n de Hosteler\u00eda, Turismo y Eventos. A\u00fan as\u00ed, est\u00e1 muy unida a su familia y viaja constantemente tanto a Madrid, como a Barcelona, donde vive su hermano Pablo. Actualmente, no se le conoce pareja despu\u00e9s de romper con Juan Urquijo, hermano de Teresa, la mujer del alcalde de Madrid, Jos\u00e9 Luis Mart\u00ednez-Almeida.\u00a0<\/p>\n","protected":false},"excerpt":{"rendered":"Por primera vez desde que estall\u00f3 el caso Noos, I\u00f1aki Urdangarin ha concedido una entrevista televisiva en la&hellip;\n","protected":false},"author":2,"featured_media":271047,"comment_status":"","ping_status":"","sticky":false,"template":"","format":"standard","meta":{"footnotes":""},"categories":[91],"tags":[517,146,147,25,24,10215,23],"class_list":{"0":"post-271046","1":"post","2":"type-post","3":"status-publish","4":"format-standard","5":"has-post-thumbnail","7":"category-entretenimiento","8":"tag-actualidad","9":"tag-entertainment","10":"tag-entretenimiento","11":"tag-es","12":"tag-espana","13":"tag-inaki-urdangarin","14":"tag-spain"},"share_on_mastodon":{"url":"https:\/\/pubeurope.com\/@es\/115662250476585729","error":""},"_links":{"self":[{"href":"https:\/\/www.europesays.com\/es\/wp-json\/wp\/v2\/posts\/271046","targetHints":{"allow":["GET"]}}],"collection":[{"href":"https:\/\/www.europesays.com\/es\/wp-json\/wp\/v2\/posts"}],"about":[{"href":"https:\/\/www.europesays.com\/es\/wp-json\/wp\/v2\/types\/post"}],"author":[{"embeddable":true,"href":"https:\/\/www.europesays.com\/es\/wp-json\/wp\/v2\/users\/2"}],"replies":[{"embeddable":true,"href":"https:\/\/www.europesays.com\/es\/wp-json\/wp\/v2\/comments?post=271046"}],"version-history":[{"count":0,"href":"https:\/\/www.europesays.com\/es\/wp-json\/wp\/v2\/posts\/271046\/revisions"}],"wp:featuredmedia":[{"embeddable":true,"href":"https:\/\/www.europesays.com\/es\/wp-json\/wp\/v2\/media\/271047"}],"wp:attachment":[{"href":"https:\/\/www.europesays.com\/es\/wp-json\/wp\/v2\/media?parent=271046"}],"wp:term":[{"taxonomy":"category","embeddable":true,"href":"https:\/\/www.europesays.com\/es\/wp-json\/wp\/v2\/categories?post=271046"},{"taxonomy":"post_tag","embeddable":true,"href":"https:\/\/www.europesays.com\/es\/wp-json\/wp\/v2\/tags?post=271046"}],"curies":[{"name":"wp","href":"https:\/\/api.w.org\/{rel}","templated":true}]}}