{"id":271050,"date":"2025-12-04T16:31:11","date_gmt":"2025-12-04T16:31:11","guid":{"rendered":"https:\/\/www.europesays.com\/es\/271050\/"},"modified":"2025-12-04T16:31:11","modified_gmt":"2025-12-04T16:31:11","slug":"bbk-kutxabank-y-gobierno-vasco-cerraran-la-compra-de-ayesa-it-antes-de-fin-de-ano","status":"publish","type":"post","link":"https:\/\/www.europesays.com\/es\/271050\/","title":{"rendered":"BBK, Kutxabank y Gobierno vasco cerrar\u00e1n la compra de Ayesa IT antes de fin de a\u00f1o"},"content":{"rendered":"<p>La oferta realizada por la Fundaci\u00f3n BBK para adquirir la divisi\u00f3n tecnol\u00f3gica de Ayesa ha sido la elegida por el grupo para liderar la nueva etapa sin el fondo PAI Partners. As\u00ed, la apuesta realizada por la Fundaci\u00f3n BBK, que cuenta con el respaldo de Kutxabank y del Gobierno vasco, ha logrado imponerse frente a las realizadas por sus competidores.<\/p>\n<p>La operaci\u00f3n de compraventa espera cerrarse antes del 31 de diciembre, fecha en la que culminar\u00e1 el plazo para cerrar la negociaci\u00f3n, seg\u00fan ha confirmado el consejero vasco de Industria, Mikel Jauregi.<\/p>\n<p>Tal y como explicaba a este peri\u00f3dico el presidente de la Fundaci\u00f3n BBK, Xabier Sagredo, la oferta realizada por el consorcio vasco resultaba \u00abmuy atractiva, no solamente competitiva a nivel econ\u00f3mico\u00bb, sino porque adem\u00e1s \u00abilusiona al propio grupo\u00bb.<\/p>\n<p>\u00abMuchos trabajadores del grupo Ayesa me han hecho llegar que est\u00e1n muy ilusionados con que nosotros podamos ser los ganadores. Creo que transmitimos seriedad en los proyectos empresariales en los que entramos y damos la seguridad de que no se quiere romper nada ni va a sobrar nadie\u00bb, advert\u00eda.<\/p>\n<p>WhatsApp<a href=\"https:\/\/api.whatsapp.com\/send?text=https:\/\/www.eleconomista.es\/tecnologia\/noticias\/13677144\/12\/25\/bbk-kutxabank-y-gobierno-vasco-cerraran-la-compra-de-ayesa-it-antes-de-fin-de-ano.html?utm_source%3Dwhatsapp%26utm_medium%3Dshare_button&amp;id=1648118629957_whatsapp\" target=\"_blank\" data-action=\"share\/whatsapp\/share\" aria-label=\"Compartir en Whatsapp\" rel=\"nofollow noopener\"><\/a>Facebook<a id=\"fb-share\" href=\"#\" target=\"_blank\" rel=\"noopener noreferrer\" aria-label=\"Compartir en Facebook\"><\/a>Twitter<a href=\"https:\/\/twitter.com\/share?text=BBK%2C+Kutxabank+y+Gobierno+vasco+cerrar%C3%A1n+la+compra+de+Ayesa+IT+antes+de+fin+de+a%C3%B1o&amp;url=https:\/\/www.eleconomista.es\/tecnologia\/noticias\/13677144\/12\/25\/bbk-kutxabank-y-gobierno-vasco-cerraran-la-compra-de-ayesa-it-antes-de-fin-de-ano.html&amp;via=elEconomistaes&amp;id=1648118839245_twitter\" target=\"_blank\" aria-label=\"Compartir en Twitter\" rel=\"nofollow noopener\"><\/a>Linkedin<a href=\"https:\/\/linkedin.com\/share?text=https:\/\/www.eleconomista.es\/tecnologia\/noticias\/13677144\/12\/25\/bbk-kutxabank-y-gobierno-vasco-cerraran-la-compra-de-ayesa-it-antes-de-fin-de-ano.html&amp;via=elEconomistaes\" target=\"_blank\" aria-label=\"Compartir en linkedin\" rel=\"nofollow noopener\"><\/a>Beloud<a href=\"https:\/\/beloud.com\/share?text=BBK%2C+Kutxabank+y+Gobierno+vasco+cerrar%C3%A1n+la+compra+de+Ayesa+IT+antes+de+fin+de+a%C3%B1o&amp;url=https:\/\/www.eleconomista.es\/tecnologia\/noticias\/13677144\/12\/25\/bbk-kutxabank-y-gobierno-vasco-cerraran-la-compra-de-ayesa-it-antes-de-fin-de-ano.html&amp;via=elEconomistaes&amp;id=1648118839245_beloud\" target=\"_blank\" aria-label=\"Compartir en beloud\" rel=\"nofollow noopener\"><\/a>Bluesky<a href=\"https:\/\/bsky.app\/intent\/compose?text=https:\/\/bsky.app\/intent\/compose?text=https:\/\/www.eleconomista.es\/tecnologia\/noticias\/13677144\/12\/25\/bbk-kutxabank-y-gobierno-vasco-cerraran-la-compra-de-ayesa-it-antes-de-fin-de-ano.html&amp;url=https:\/\/www.eleconomista.es\/tecnologia\/noticias\/13677144\/12\/25\/bbk-kutxabank-y-gobierno-vasco-cerraran-la-compra-de-ayesa-it-antes-de-fin-de-ano.html&amp;via=elEconomistaes&amp;id=1648118839245_bluesky\" target=\"_blank\" aria-label=\"Compartir en bluesky\" rel=\"nofollow noopener\"><\/a><\/p>\n<p><script async src=\"https:\/\/platform.twitter.com\/widgets.js\" charset=\"utf-8\"><\/script><\/p>\n","protected":false},"excerpt":{"rendered":"La oferta realizada por la Fundaci\u00f3n BBK para adquirir la divisi\u00f3n tecnol\u00f3gica de Ayesa ha sido la elegida&hellip;\n","protected":false},"author":2,"featured_media":271051,"comment_status":"","ping_status":"","sticky":false,"template":"","format":"standard","meta":{"footnotes":""},"categories":[80],"tags":[82,95,94,25,24,23,120],"class_list":{"0":"post-271050","1":"post","2":"type-post","3":"status-publish","4":"format-standard","5":"has-post-thumbnail","7":"category-economia","8":"tag-business","9":"tag-economia","10":"tag-economy","11":"tag-es","12":"tag-espana","13":"tag-spain","14":"tag-tecnologia"},"share_on_mastodon":{"url":"https:\/\/pubeurope.com\/@es\/115662257280603614","error":""},"_links":{"self":[{"href":"https:\/\/www.europesays.com\/es\/wp-json\/wp\/v2\/posts\/271050","targetHints":{"allow":["GET"]}}],"collection":[{"href":"https:\/\/www.europesays.com\/es\/wp-json\/wp\/v2\/posts"}],"about":[{"href":"https:\/\/www.europesays.com\/es\/wp-json\/wp\/v2\/types\/post"}],"author":[{"embeddable":true,"href":"https:\/\/www.europesays.com\/es\/wp-json\/wp\/v2\/users\/2"}],"replies":[{"embeddable":true,"href":"https:\/\/www.europesays.com\/es\/wp-json\/wp\/v2\/comments?post=271050"}],"version-history":[{"count":0,"href":"https:\/\/www.europesays.com\/es\/wp-json\/wp\/v2\/posts\/271050\/revisions"}],"wp:featuredmedia":[{"embeddable":true,"href":"https:\/\/www.europesays.com\/es\/wp-json\/wp\/v2\/media\/271051"}],"wp:attachment":[{"href":"https:\/\/www.europesays.com\/es\/wp-json\/wp\/v2\/media?parent=271050"}],"wp:term":[{"taxonomy":"category","embeddable":true,"href":"https:\/\/www.europesays.com\/es\/wp-json\/wp\/v2\/categories?post=271050"},{"taxonomy":"post_tag","embeddable":true,"href":"https:\/\/www.europesays.com\/es\/wp-json\/wp\/v2\/tags?post=271050"}],"curies":[{"name":"wp","href":"https:\/\/api.w.org\/{rel}","templated":true}]}}