{"id":271054,"date":"2025-12-04T16:33:14","date_gmt":"2025-12-04T16:33:14","guid":{"rendered":"https:\/\/www.europesays.com\/es\/271054\/"},"modified":"2025-12-04T16:33:14","modified_gmt":"2025-12-04T16:33:14","slug":"feijoo-define-al-psoe-como-un-partido-peligroso-para-las-mujeres-y-senala-a-los-socios-de-sanchez-sobre-el-caso-salazar-del-que-dice-avergonzarse","status":"publish","type":"post","link":"https:\/\/www.europesays.com\/es\/271054\/","title":{"rendered":"Feij\u00f3o define al PSOE como un \u201cpartido peligroso\u201d para las mujeres y se\u00f1ala a los socios de S\u00e1nchez sobre el \u201ccaso Salazar\u201d, del que dice \u00abavergonzarse\u00bb"},"content":{"rendered":"<p><strong>En declaraciones en Don Benito (Badajoz)<\/strong><\/p>\n<ul class=\"wp-block-list\">\n<li>El presidente del PP critica que \u201c<strong>la doble moral y la hipocres\u00eda<\/strong>\u201d en defensa de las mujeres del feminismo socialista porque no solamente no ha frenado, sino que \u201cse sigue manifestando en todo su esplendor\u201d. \u201cEl PSOE es un partido peligroso para las mujeres\u201d, sentencia<\/li>\n<\/ul>\n<ul class=\"wp-block-list\">\n<li>Sostiene que \u201c<strong>toda la pol\u00edtica feminista del PSOE se ha desmoronado<\/strong>\u201d y se averg\u00fcenza de que el PSOE haya intentado \u201cdar carpetazo y mirar para otro lado\u201d a las denuncias de militantes socialistas sobre Salazar. \u201cDecir que uno es feminista porque es socialista es un sarcasmo\u201d, a\u00f1ade<\/li>\n<\/ul>\n<ul class=\"wp-block-list\">\n<li>Cuestiona <strong>la actitud de los socios del Gobierno y se pregunta si est\u00e1n mirando para otro lado o aceptando ese tipo de agresores sexuales. <\/strong>\u201cDe verdad que me averg\u00fcenzo de esta situaci\u00f3n\u201d, lamenta<\/li>\n<\/ul>\n<ul class=\"wp-block-list\">\n<li>Asegura que \u201c<strong>Extremadura puede ser el inicio del fin del sanchismo y la decadencia en Espa\u00f1a<\/strong>\u201d en las pr\u00f3ximas elecciones y alaba la decisi\u00f3n de la presidenta Mar\u00eda Guardiola de convocar elecciones ante esa \u201c<strong>pinza absurda<\/strong>\u201d que motiv\u00f3 el bloqueo de los presupuestos<\/li>\n<\/ul>\n<ul class=\"wp-block-list\">\n<li>Explica que Extremadura \u201ctiene dos posibilidades, avanzar o retroceder\u201d y asegura que estas elecciones \u201cno solamente son importantes para esa comunidad sino para toda Espa\u00f1a porque puede ser el inicio del fin de la decadencia pol\u00edtica que est\u00e1 viviendo Espa\u00f1a\u201d<\/li>\n<\/ul>\n<ul class=\"wp-block-list\">\n<li>\u201c<strong>Extremadura puede ser una tierra que mande un mensaje de cambio, de esperanza al conjunto de los espa\u00f1oles<\/strong>\u201d, concluye<\/li>\n<\/ul>\n<ul class=\"wp-block-list\">\n<li>Recuerda que ayer se reuni\u00f3 con las asociaciones agrarias, distribuidores, e industria para analizar la crisis de la peste en jabal\u00edes, defiende el consumo de la carne de porcino porque \u201ces absolutamente segura desde el punto de vista sanitario\u201d, conf\u00eda en que esta crisis se \u201cresuelva a la mayor brevedad posible\u201d y pide hacer caso a la gente del campo y no mirar con \u201clegislaci\u00f3n de urbanita\u201d sus problemas<\/li>\n<\/ul>\n<ul class=\"wp-block-list\">\n<li>Asegura que existe un problema con la sobrepoblaci\u00f3n de jabal\u00edes que supone un riesgo para la sanidad animal y critica \u201cla ideolog\u00eda en contra del campo, en contra de las gentes que viven desde hace siglos y d\u00e9cadas en el campo\u201d no ha escuchado<\/li>\n<\/ul>\n<ul class=\"wp-block-list\">\n<li>Considera acertado el cese del directivo de un hospital madrile\u00f1o porque \u201c<strong>ese tipo de manifestaciones y conductas son contrarias a los principios b\u00e1sicos que debe de regir la sanidad en Espa\u00f1a<\/strong>\u201d y argumenta que \u201clo \u00fanico que queda es cesarle y hacer una auditor\u00eda rigurosa a ese hospital\u201d<\/li>\n<\/ul>\n","protected":false},"excerpt":{"rendered":"En declaraciones en Don Benito (Badajoz) El presidente del PP critica que \u201cla doble moral y la hipocres\u00eda\u201d&hellip;\n","protected":false},"author":2,"featured_media":271055,"comment_status":"","ping_status":"","sticky":false,"template":"","format":"standard","meta":{"footnotes":""},"categories":[8],"tags":[17,18,25,24,13,14,11,19,20,9,10,15,16,23,12,21,22],"class_list":{"0":"post-271054","1":"post","2":"type-post","3":"status-publish","4":"format-standard","5":"has-post-thumbnail","7":"category-espana","8":"tag-breaking-news","9":"tag-breakingnews","10":"tag-es","11":"tag-espana","12":"tag-featured-news","13":"tag-featurednews","14":"tag-headlines","15":"tag-latest-news","16":"tag-latestnews","17":"tag-news","18":"tag-noticias","19":"tag-noticias-destacadas","20":"tag-noticiasdestacadas","21":"tag-spain","22":"tag-titulares","23":"tag-ultimas-noticias","24":"tag-ultimasnoticias"},"share_on_mastodon":{"url":"https:\/\/pubeurope.com\/@es\/115662265019331294","error":""},"_links":{"self":[{"href":"https:\/\/www.europesays.com\/es\/wp-json\/wp\/v2\/posts\/271054","targetHints":{"allow":["GET"]}}],"collection":[{"href":"https:\/\/www.europesays.com\/es\/wp-json\/wp\/v2\/posts"}],"about":[{"href":"https:\/\/www.europesays.com\/es\/wp-json\/wp\/v2\/types\/post"}],"author":[{"embeddable":true,"href":"https:\/\/www.europesays.com\/es\/wp-json\/wp\/v2\/users\/2"}],"replies":[{"embeddable":true,"href":"https:\/\/www.europesays.com\/es\/wp-json\/wp\/v2\/comments?post=271054"}],"version-history":[{"count":0,"href":"https:\/\/www.europesays.com\/es\/wp-json\/wp\/v2\/posts\/271054\/revisions"}],"wp:featuredmedia":[{"embeddable":true,"href":"https:\/\/www.europesays.com\/es\/wp-json\/wp\/v2\/media\/271055"}],"wp:attachment":[{"href":"https:\/\/www.europesays.com\/es\/wp-json\/wp\/v2\/media?parent=271054"}],"wp:term":[{"taxonomy":"category","embeddable":true,"href":"https:\/\/www.europesays.com\/es\/wp-json\/wp\/v2\/categories?post=271054"},{"taxonomy":"post_tag","embeddable":true,"href":"https:\/\/www.europesays.com\/es\/wp-json\/wp\/v2\/tags?post=271054"}],"curies":[{"name":"wp","href":"https:\/\/api.w.org\/{rel}","templated":true}]}}