{"id":271056,"date":"2025-12-04T16:34:16","date_gmt":"2025-12-04T16:34:16","guid":{"rendered":"https:\/\/www.europesays.com\/es\/271056\/"},"modified":"2025-12-04T16:34:16","modified_gmt":"2025-12-04T16:34:16","slug":"las-casas-rurales-de-la-provincia-se-acercan-al-90-de-ocupacion-para-este-puente-de-diciembre","status":"publish","type":"post","link":"https:\/\/www.europesays.com\/es\/271056\/","title":{"rendered":"Las casas rurales de la provincia se acercan al 90% de ocupaci\u00f3n para este puente de diciembre"},"content":{"rendered":"<p>\u00a0Seg\u00fan un sondeo realizado por Prodetur y que se refiere de forma exclusiva a los pueblos de la provincia, sin la capital, las casas rurales, haciendas y cortijos del territorio se encuentran al 88,14 % de reservas del total de sus plazas desde este viernes, 5 de diciembre y hasta el lunes, d\u00eda 8, coincidiendo con el puente de la Constituci\u00f3n y la Inmaculada.<\/p>\n<p>\u00a0El nivel medio de reservas en el conjunto de alojamientos reglados (hoteles, apartamentos, casas rurales y complejos de acampamentos tur\u00edsticos) se sit\u00faa en un 77,49 %.<\/p>\n<p>\u00a0Por tipo de alojamiento, tras las casas rurales destacan los hoteles de tres estrellas, con un 83,11 % de ocupaci\u00f3n de las plazas disponibles, seguidos por los hoteles de cuatro estrellas, con el 78,63\u00a0%.\u00a0 Los apartamentos tienen un nivel de reservas similar a estos \u00faltimos, con el 78,05 %.<\/p>\n<p><strong>Hasta octubre, las pernoctaciones en establecimientos extrahoteleros de la provincia crecen m\u00e1s del 50 %<\/strong><\/p>\n<p><strong>\u00a0<\/strong>Seg\u00fan los datos del INE en su Encuesta de Ocupaci\u00f3n de Alojamientos Tur\u00edsticos (EOAT), el conjunto de alojamientos extrahoteleros (apartamentos tur\u00edsticos, casas rurales y campings) de la provincia de Sevilla, sin la capital, ha registrado, en\u00a0 el periodo acumulado hasta octubre de este a\u00f1o 2025, un total de 527.482 pernoctaciones, lo que, en t\u00e9rminos interanuales, supone un aumento del 50,23 %. Estas pernoctas fueron generadas por los 143.061 viajeros alojados en este tipo de establecimientos, un 6 % m\u00e1s que en el mismo periodo del pasado a\u00f1o.<\/p>\n<p>\u00a0Destaca en este periodo acumulado enero-octubre el incremento en el n\u00famero de viajeros no residentes en Espa\u00f1a, que aumentan en un 34 % en y en un\u00a0 40,30 % sus pernoctaciones.<\/p>\n<p>\u00a0<\/p>\n<p>\u00a0<\/p>\n","protected":false},"excerpt":{"rendered":"\u00a0Seg\u00fan un sondeo realizado por Prodetur y que se refiere de forma exclusiva a los pueblos de la&hellip;\n","protected":false},"author":2,"featured_media":271057,"comment_status":"","ping_status":"","sticky":false,"template":"","format":"standard","meta":{"footnotes":""},"categories":[5],"tags":[17,18,25,24,13,14,11,19,20,9,10,15,16,23,12,21,22],"class_list":{"0":"post-271056","1":"post","2":"type-post","3":"status-publish","4":"format-standard","5":"has-post-thumbnail","7":"category-titulares","8":"tag-breaking-news","9":"tag-breakingnews","10":"tag-es","11":"tag-espana","12":"tag-featured-news","13":"tag-featurednews","14":"tag-headlines","15":"tag-latest-news","16":"tag-latestnews","17":"tag-news","18":"tag-noticias","19":"tag-noticias-destacadas","20":"tag-noticiasdestacadas","21":"tag-spain","22":"tag-titulares","23":"tag-ultimas-noticias","24":"tag-ultimasnoticias"},"share_on_mastodon":{"url":"https:\/\/pubeurope.com\/@es\/115662268903158982","error":""},"_links":{"self":[{"href":"https:\/\/www.europesays.com\/es\/wp-json\/wp\/v2\/posts\/271056","targetHints":{"allow":["GET"]}}],"collection":[{"href":"https:\/\/www.europesays.com\/es\/wp-json\/wp\/v2\/posts"}],"about":[{"href":"https:\/\/www.europesays.com\/es\/wp-json\/wp\/v2\/types\/post"}],"author":[{"embeddable":true,"href":"https:\/\/www.europesays.com\/es\/wp-json\/wp\/v2\/users\/2"}],"replies":[{"embeddable":true,"href":"https:\/\/www.europesays.com\/es\/wp-json\/wp\/v2\/comments?post=271056"}],"version-history":[{"count":0,"href":"https:\/\/www.europesays.com\/es\/wp-json\/wp\/v2\/posts\/271056\/revisions"}],"wp:featuredmedia":[{"embeddable":true,"href":"https:\/\/www.europesays.com\/es\/wp-json\/wp\/v2\/media\/271057"}],"wp:attachment":[{"href":"https:\/\/www.europesays.com\/es\/wp-json\/wp\/v2\/media?parent=271056"}],"wp:term":[{"taxonomy":"category","embeddable":true,"href":"https:\/\/www.europesays.com\/es\/wp-json\/wp\/v2\/categories?post=271056"},{"taxonomy":"post_tag","embeddable":true,"href":"https:\/\/www.europesays.com\/es\/wp-json\/wp\/v2\/tags?post=271056"}],"curies":[{"name":"wp","href":"https:\/\/api.w.org\/{rel}","templated":true}]}}