{"id":271064,"date":"2025-12-04T16:47:11","date_gmt":"2025-12-04T16:47:11","guid":{"rendered":"https:\/\/www.europesays.com\/es\/271064\/"},"modified":"2025-12-04T16:47:11","modified_gmt":"2025-12-04T16:47:11","slug":"messi-se-moja-y-senala-quien-es-el-mejor-entrenador-del-mundo","status":"publish","type":"post","link":"https:\/\/www.europesays.com\/es\/271064\/","title":{"rendered":"Messi se \u2018moja\u2019 y se\u00f1ala qui\u00e9n es el mejor entrenador del mundo"},"content":{"rendered":"<p>\n        <a href=\"https:\/\/www.noticiasdenavarra.com\/tags\/leo-messi\/\" title=\"Leo Messi\" class=\"link copy\" rel=\"nofollow noopener\" target=\"_blank\"><strong>Leo Messi<\/strong><\/a> no suele prodigarse con declaraciones en los medios de comunicaci\u00f3n. Tampoco es propenso a mostrar partidismo. Es m\u00e1s bien un tipo sigiloso, prudente, y alejado de los focos fuera del terreno de juego. Pero en esta ocasi\u00f3n, en una entrevista concedida a ESPN,<strong> el jugador argentino de 38 a\u00f1os ha decidido \u2018mojarse\u2019<\/strong>. <strong>Al ser preguntado por la figura de <\/strong><a href=\"https:\/\/www.noticiasdenavarra.com\/tags\/pep-guardiola\/\" title=\"Pep Guardiola\" class=\"link copy\" rel=\"nofollow noopener\" target=\"_blank\"><strong>Pep Guardiola<\/strong><\/a><strong>, que fue su entrenador en el Barcelona, Messi ha mostrado su predilecci\u00f3n.<\/strong>\n<\/p>\n<p class=\"article-body__text \">\n        <strong>\u201cPara m\u00ed Guardiola es \u00fanico. Hay t\u00e9cnicos extraordinariamente buenos, pero \u00e9l tiene algo diferente. Para m\u00ed es el mejor de todos\u201d<\/strong>, considera Messi, que este s\u00e1bado disputar\u00e1 la final por el t\u00edtulo de la Major League Soccer con el Inter Miami.\n<\/p>\n<p class=\"article-body__text \">\n        Para la figura argentina, el t\u00e9cnico de Santpedor es \u201cmuy completo\u201d. <strong>\u201cA la hora de ver las cosas, de preparar los partidos, de transmitir a los jugadores, es muy completo.<\/strong> Es el mejor y tuvimos la suerte de tenerlo en Barcelona y que se junt\u00f3 con los jugadores que est\u00e1bamos y se juntaron las piezas justas para lo que \u00e9l pretend\u00eda para conseguir todo lo que se consigui\u00f3\u201d, ahonda.\n<\/p>\n<p class=\"article-photo__footer\">\n            Pep Guardiola y Leo Messi, durante un entrenamiento con el Barcelona.            Europa Press        <\/p>\n<p class=\"article-body__text \">\n        <strong>Messi se convirti\u00f3 en referencia a nivel mundial coincidiendo con la presencia de Guardiola en el banquillo del Bar\u00e7a.<\/strong> Jugador y entrenador<strong> coincidieron entre 2008 y 2012<\/strong>. Guardiola tom\u00f3 la decisi\u00f3n de reubicar en la posici\u00f3n de falso nueve a un futbolista que ven\u00eda ejerciendo de extremo derecho. Aquella decisi\u00f3n marc\u00f3 el devenir del destino del club.\n<\/p>\n<p class=\"article-body__text \">\n        Sobre Guardiola, Messi comenta que<strong> \u201cfue a otros lados y sigui\u00f3 ganando\u201d<\/strong>. Pero va m\u00e1s all\u00e1: <strong>\u201cNo solo por ganar sino por la forma de jugar de sus equipos.<\/strong> Lo hizo en el Bayern, si bien no pudo ganar la Champions, cambi\u00f3 la forma de jugar en Alemania, lo mismo en Inglaterra con el City, <strong>cambi\u00f3 la forma que se juega en la liga\u201d<\/strong>.\n<\/p>\n<blockquote class=\"twitter-tweet\" data-lang=\"es\" wp_automatic_readability=\"8.3720930232558\">\n<p lang=\"en\" dir=\"ltr\">\ud83d\udea8\ud83d\udde3 Lionel Messi: \u00abIf the success of Qatar can be repeated? Yes, I think it&#8217;s a group that will try again, that will give it their all and fight hard. Then, small details can knock you out; any team can cause you problems and knock you out.\u00bb Via <a href=\"https:\/\/twitter.com\/SC_ESPN?ref_src=twsrc%5Etfw\" rel=\"nofollow noopener\" target=\"_blank\">@SC_ESPN<\/a>. \ud83c\udde6\ud83c\uddf7 <a href=\"https:\/\/t.co\/cz3g7kZjRg\" rel=\"nofollow\">pic.twitter.com\/cz3g7kZjRg<\/a><\/p>\n<p>\u2014 Roy Nemer (@RoyNemer) <a href=\"https:\/\/twitter.com\/RoyNemer\/status\/1996421116630577575?ref_src=twsrc%5Etfw\" rel=\"nofollow noopener\" target=\"_blank\">4 de diciembre de 2025<\/a><\/p><\/blockquote>\n<p>  El reto del Mundial<\/p>\n<p class=\"article-body__text \">\n        El gran reto del pr\u00f3ximo 2026 para Messi ser\u00e1 la<strong> <\/strong><a href=\"https:\/\/www.noticiasdenavarra.com\/tags\/copa-del-mundo\/\" title=\"Copa del Mundo\" class=\"link copy\" rel=\"nofollow noopener\" target=\"_blank\"><strong>Copa del Mundo<\/strong><\/a><strong> que se celebra en Estados Unidos, M\u00e9xico y Canad\u00e1<\/strong>. <strong>\u201cEste grupo lo va a volver a intentar, va a dejar todo y va a pelear.<\/strong> Despu\u00e9s por peque\u00f1os detalles puede quedar afuera\u201d, comenta sobre una Argentia que defender\u00e1 el t\u00edtulo alcanzado en Catar en 2022.\n<\/p>\n<p class=\"article-body__text \">\n        No obstante, advierte de la complejidad de conquistar un torneo que persigui\u00f3 con ah\u00ednco durante toda su carrera. <strong>\u201cUn Mundial es muy dif\u00edcil,<\/strong> cualquier selecci\u00f3n te puede complicar, te puede dejar afuera. La pelota puede pegar en el palo y salir o meterse, puedes perder en los penales. <strong>En la \u00faltima tuvimos la suerte de que, si bien fuimos superiores en el partido tanto ante Pa\u00edses Bajos como con Francia, tuvimos que ir a los penales y ah\u00ed tuvimos a la bestia del Dibu (Mart\u00ednez)<\/strong>, que nos hizo ganar, pero puedes llegar a los penales y no ganar. Es muy dif\u00edcil un <a href=\"https:\/\/www.noticiasdenavarra.com\/tags\/mundial\/\" title=\"Mundial\" class=\"link copy\" rel=\"nofollow noopener\" target=\"_blank\">Mundial<\/a>\u201d, alerta Messi.\n<\/p>\n<p>            <script async src=\"https:\/\/platform.twitter.com\/widgets.js\" charset=\"utf-8\"><\/script><\/p>\n","protected":false},"excerpt":{"rendered":"Leo Messi no suele prodigarse con declaraciones en los medios de comunicaci\u00f3n. Tampoco es propenso a mostrar partidismo.&hellip;\n","protected":false},"author":2,"featured_media":271065,"comment_status":"","ping_status":"","sticky":false,"template":"","format":"standard","meta":{"footnotes":""},"categories":[268],"tags":[168,2226,25,24,280,282,1684,7688,6881,16555,281,23,167],"class_list":{"0":"post-271064","1":"post","2":"type-post","3":"status-publish","4":"format-standard","5":"has-post-thumbnail","7":"category-futbol","8":"tag-deportes","9":"tag-entrenador","10":"tag-es","11":"tag-espana","12":"tag-football","13":"tag-futbol","14":"tag-mejor","15":"tag-messi","16":"tag-moja","17":"tag-senala","18":"tag-soccer","19":"tag-spain","20":"tag-sports"},"share_on_mastodon":{"url":"https:\/\/pubeurope.com\/@es\/115662320078211239","error":""},"_links":{"self":[{"href":"https:\/\/www.europesays.com\/es\/wp-json\/wp\/v2\/posts\/271064","targetHints":{"allow":["GET"]}}],"collection":[{"href":"https:\/\/www.europesays.com\/es\/wp-json\/wp\/v2\/posts"}],"about":[{"href":"https:\/\/www.europesays.com\/es\/wp-json\/wp\/v2\/types\/post"}],"author":[{"embeddable":true,"href":"https:\/\/www.europesays.com\/es\/wp-json\/wp\/v2\/users\/2"}],"replies":[{"embeddable":true,"href":"https:\/\/www.europesays.com\/es\/wp-json\/wp\/v2\/comments?post=271064"}],"version-history":[{"count":0,"href":"https:\/\/www.europesays.com\/es\/wp-json\/wp\/v2\/posts\/271064\/revisions"}],"wp:featuredmedia":[{"embeddable":true,"href":"https:\/\/www.europesays.com\/es\/wp-json\/wp\/v2\/media\/271065"}],"wp:attachment":[{"href":"https:\/\/www.europesays.com\/es\/wp-json\/wp\/v2\/media?parent=271064"}],"wp:term":[{"taxonomy":"category","embeddable":true,"href":"https:\/\/www.europesays.com\/es\/wp-json\/wp\/v2\/categories?post=271064"},{"taxonomy":"post_tag","embeddable":true,"href":"https:\/\/www.europesays.com\/es\/wp-json\/wp\/v2\/tags?post=271064"}],"curies":[{"name":"wp","href":"https:\/\/api.w.org\/{rel}","templated":true}]}}