{"id":271068,"date":"2025-12-04T16:49:22","date_gmt":"2025-12-04T16:49:22","guid":{"rendered":"https:\/\/www.europesays.com\/es\/271068\/"},"modified":"2025-12-04T16:49:22","modified_gmt":"2025-12-04T16:49:22","slug":"el-guggenheim-florece-por-dentro-y-huele-con-las-artes-de-la-tierra","status":"publish","type":"post","link":"https:\/\/www.europesays.com\/es\/271068\/","title":{"rendered":"El Guggenheim florece por dentro \u00a1y huele! con las &#8216;Artes de la Tierra&#8217;"},"content":{"rendered":"<p>Como si uno de los huevos de &#8216;Mam\u00e1&#8217;, de Louise Bourgeois, hubiera eclosionado, una peque\u00f1\u00edsima ara\u00f1a correteaba por el suelo de una de las salas  &#8230; que acogen la exposici\u00f3n &#8216;Artes de la Tierra&#8217;, con la que el Guggenheim despide el a\u00f1o. Un hecho ins\u00f3lito sucedido ayer durante la presentaci\u00f3n de las m\u00e1s de cien obras pertenecientes a 48 artistas internacionales que ocupan todo el segundo piso del museo (hasta el 3 de mayo) y que consiguen impregnarlo todo de un potente aroma a tierra, humedad, plantas&#8230; Una muestra que se ve y se huele \u00abdedicada al arte vinculado con la naturaleza y con la tierra, y alineada con el compromiso del museo con la sostenibilidad medioambiental\u00bb, se\u00f1al\u00f3 la directora, Miren Arzalluz.<\/p>\n<p class=\"v-p\">Hay obras de Ghana, Reino Unido, Australia o Tucum\u00e1n (Argentina), pero tambi\u00e9n la decena de vasijas realizadas por la vasca Mar de Dios (Bilbao, 1992) con arcilla de la zona de Itxina en Orozko, la obra de Daniel Bestu\u00e9 (Barcelona, 1980) fabricada con limo de la r\u00eda tomado a la altura del Guggenheim, a donde ser\u00e1 devuelto, o varias piezas de Ibarrola. El caso de la ara\u00f1a, depositada r\u00e1pidamente entre la &#8216;Hierba que crece&#8217; sobre el mont\u00edculo del referente del arte conceptual Hans Haacke (Alemania, 1936) \u2013una reedici\u00f3n de su obra de 1969\u2013 es bien raro en un museo, pero sucede en una sala acondicionada con un r\u00e9gimen especial de luz, temperatura y humedad para acoger vegetales, incluyendo una instalaci\u00f3n con 26 \u00e1rboles de distintas especies locales que ser\u00e1n replantados en territorio vasco. <\/p>\n<p><a href=\"http:\/\/www.elcorreo.com\/culturas\/arte\/enrique-portocarrero-vale-20251204171833-nt.html#vtm_modulosEngag=mod-rel:culturas:noticia:1:cmp:1-not\" class=\"v-a-link\" aria-label=\"Imagen\" rel=\"nofollow noopener\" target=\"_blank\"><\/p>\n<p><img decoding=\"async\" loading=\"lazy\" src=\"https:\/\/www.europesays.com\/es\/wp-content\/uploads\/2025\/10\/autor-970-foto-1.png\" class=\"\" width=\"72\" height=\"72\" alt=\"EnriquePortocarrero\" data-voc-vtm-id=\"in-text-traffic\"\/><\/p>\n<p><\/a><\/p>\n<p class=\"v-p\">El caso de la ara\u00f1a, depositada r\u00e1pidamente entre la &#8216;Hierba que crece&#8217; sobre el mont\u00edculo del artista conceptual Hans Haacke \u2013una reedici\u00f3n de su obra de 1969\u2013 es bien raro en un museo, pero sucede en una sala acondicionada especialmente con un r\u00e9gimen de luz, temperatura y humedad para acoger vegetales, incluyendo una instalaci\u00f3n con 26 \u00e1rboles de distintas especies locales que ser\u00e1n replantadas en territorio vasco. El curator del museo y comisario de esta exposici\u00f3n, Manuel Cirauqui, agradeci\u00f3 al equipo del museo \u00abel enorme desaf\u00edo\u00bb que ha supuesto el montaje \u2013como el control de los hongos que pod\u00edan entrar en el sistema de ventilaci\u00f3n\u2013, que va a la contra de la norma en el contexto muse\u00edstico, \u00abdonde por lo general se quieren eliminar por completo los devenires org\u00e1nicos de los materiales. Aqu\u00ed han llegado obras cargadas de rastros de vida, hechas con materia org\u00e1nica y con una proyecci\u00f3n en el tiempo de crecimiento\u00ab. As\u00ed, no solo ser\u00e1 posible toparse con la (diminuta) ara\u00f1a, tambi\u00e9n anda suelto por ah\u00ed alg\u00fan caracol. <\/p>\n<p><img decoding=\"async\" loading=\"lazy\" src=\"https:\/\/www.europesays.com\/es\/wp-content\/uploads\/2025\/12\/1503728113-kwaD--650x455@El Correo.jpg\" class=\"v-a-img\" width=\"650\" height=\"455\" alt=\"La obra de Frederick Ebenezer Okai, y detr\u00e1s, el relieve de Jorge Satorre.\" data-voc-vtm-id=\"in-text-traffic\"\/><\/p>\n<p>La obra de Frederick Ebenezer Okai, y detr\u00e1s, el relieve de Jorge Satorre.<\/p>\n<p>Yvonne Iturgaiz<\/p>\n<p><img loading=\"lazy\" decoding=\"async\" src=\"https:\/\/www.europesays.com\/es\/wp-content\/uploads\/2025\/12\/1503728113.jpg\" class=\"v-mdl__img-z\" width=\"1920\" height=\"1344\" alt=\"\"\/><\/p>\n<p class=\"v-p\">Cirauqui: \u00ab&#8217;Artes de la Tierra&#8217; tiene como objeto no tanto prescribir, prometer o anticipar, sino m\u00e1s bien documentar las transformaciones que se han dado en las pr\u00e1cticas art\u00edsticas a lo largo de las \u00faltimas seis d\u00e9cadas. En cierto momento las obras de arte abandonan el concepto de posteridad, en muchos casos empiezan a utilizar materiales que van a perecer, que se van a reencontrar con sus ecosistemas de origen y esto plantea un desaf\u00edo a los museos. Esta historia es indisociable del cambio clim\u00e1tico y de la progresiva crisis medioambiental en el mundo, del progresivo estado de ansiedad y del enloquecimiento que vivimos por la alteraci\u00f3n irreversible de las condiciones de vida de todos los seres en este planeta, que es en s\u00ed mismo un ser\u00bb. <\/p>\n<p class=\"v-p\">Arzalluz destac\u00f3 que los creadores \u00abse han preguntado c\u00f3mo trabajar con la tierra cuando m\u00e1s necesita cuidados y reparaciones, c\u00f3mo podemos aprender de la tierra, c\u00f3mo devolverle todos esos dones que nos proporciona\u00bb. Agradeci\u00f3 la directora a Iberdrola un patrocinio que incluye el pr\u00e9stamo de tres obras, entre ellas una que descubrir\u00e1n r\u00e1pido los m\u00e1s eruditos, uno de los famosos c\u00edrculos del representante del &#8216;land art&#8217; Richard Long (Gran Breta\u00f1a, 1945), en este caso uno de m\u00e1rmol fragmentado de 1987.<\/p>\n<p><img decoding=\"async\" loading=\"lazy\" src=\"https:\/\/www.europesays.com\/es\/wp-content\/uploads\/2025\/12\/1503728142-kwaD--650x455@El Correo.jpg\" class=\"v-a-img\" width=\"650\" height=\"455\" alt=\"Traviesas de Ibarrola.\" data-voc-vtm-id=\"in-text-traffic\"\/><\/p>\n<p>Traviesas de Ibarrola.<\/p>\n<p>Y. Iturgaiz<\/p>\n<p><img loading=\"lazy\" decoding=\"async\" src=\"https:\/\/www.europesays.com\/es\/wp-content\/uploads\/2025\/12\/1503728142-kwaD--1920x1344@El Correo.jpg\" class=\"v-mdl__img-z\" width=\"1920\" height=\"1344\" alt=\"\"\/><\/p>\n<p class=\"v-p\">Rafael Orbegozo, asesor de Presidencia de Iberdrola y responsable de su colecci\u00f3n art\u00edstica, se\u00f1al\u00f3 que la muestra \u00abpone de manifiesto en la capacidad del arte contempor\u00e1neo para ponernos delante de los grandes problemas del hombre y del mundo, pero no solamente los de hoy, sino los de la ma\u00f1ana. Ver\u00e9is que hay ejemplos de muchos artistas visionarios que se han anticipado justamente a la reflexi\u00f3n sobre esos problemas\u00bb.<\/p>\n<p class=\"v-p\">La primera sala recibe con dos grandes esculturas de Meg Webster (EE UU, 1944): &#8216;Long Gates&#8217;, con tierra prensada, y &#8216;Soft Broch&#8217;, de heno, una artista impulsada por su af\u00e1n ambientalista y por comprender la comunidad a trav\u00e9s del ecosistema terrestre. Entre otras muchas piezas, tambi\u00e9n hay un collage del vasco Vicente Ameztoy (San Sebasti\u00e1n, 1946)) que estaba alojado en una colecci\u00f3n etnogr\u00e1fica. <\/p>\n<p><img decoding=\"async\" loading=\"lazy\" src=\"https:\/\/www.europesays.com\/es\/wp-content\/uploads\/2025\/12\/1503728013 (1).jpg\" class=\"v-a-img\" width=\"650\" height=\"455\" alt=\"Las vasijas de Mar de Dios, en el centro, y la enorme cer\u00e1mica y la pintura al fondo de Gabriel Chaile\" data-voc-vtm-id=\"in-text-traffic\"\/><\/p>\n<p>Las vasijas de Mar de Dios, en el centro, y la enorme cer\u00e1mica y la pintura al fondo de Gabriel Chaile<\/p>\n<p>Y. Iturgaiz<\/p>\n<p><img loading=\"lazy\" decoding=\"async\" src=\"https:\/\/www.europesays.com\/es\/wp-content\/uploads\/2025\/12\/1503728013 (1).jpg\" class=\"v-mdl__img-z\" width=\"1920\" height=\"1344\" alt=\"\"\/><\/p>\n<p class=\"v-p\">Unas cortinillas creadas en biopl\u00e1stico especialmente para la ocasi\u00f3n separan las salas. En la segunda el olor es muy intenso y aguarda una sola pieza; gigantesca e impactante, recuerda mucho a una ladera de Timanfaya que podr\u00eda incluso escalarse. De la tierra oscura asoman unos t\u00edmidos brotes verdes. Se trata de una obra de Delcy Morelos (Colombia, 1867) titulada &#8216;Sorgin&#8217;: \u00abLa tierra lleg\u00f3 al parecer con algunas semillas y ha germinado\u00bb, aclar\u00f3 Cirauqui. Arte vivo. <\/p>\n<p class=\"v-p\">Mirando al techo de la tercera sala, el visitante descubre unas esculturas que parecen exactamente nidos de golondrina, se trata de la pieza &#8216;Los Antiguos&#8217; de la artista conceptual Asunci\u00f3n Molinos Gordo (Burgos, 1979), presente en la inauguraci\u00f3n: \u00abCon las golondrinas no se distingue qui\u00e9n es el migrante y qui\u00e9n el nativo, no tiene importancia. Los relatos populares de distintas culturas hablan de que cuando el ser humano muere, su esp\u00edritu habita cinco d\u00edas en el cuerpo de estos p\u00e1jaros, hasta que se da cuenta de que ha muerto y puede seguir su viaje. Lo he escuchado en los relatos que contaban durante mi infancia en mi pueblo y tambi\u00e9n en un viaje reciente que hice a Egipto\u00bb. Complementa esta obra con otra llamada &#8216;Mil leches&#8217;, confeccionada con lana de todas las clases de ovejas catalogadas en Espa\u00f1a \u00abNo hay razas, solo especies\u00bb, asevera. Cerca, sobresalen unas cajas de cristal donde la artista Isa Melsheimer (Alemania, 1968) encierra semillas que recoge en sus visitas a diversos jardines bot\u00e1nicos. Hay una repleta de tierra y vegetaci\u00f3n sembrada en 2012. <\/p>\n<p><img decoding=\"async\" loading=\"lazy\" src=\"https:\/\/www.europesays.com\/es\/wp-content\/uploads\/2025\/12\/1503728151.jpg\" class=\"v-a-img\" width=\"650\" height=\"455\" alt=\"La obra de Delcy Morelos.\" data-voc-vtm-id=\"in-text-traffic\"\/><\/p>\n<p>La obra de Delcy Morelos.<\/p>\n<p>Y. Iturgaiz<\/p>\n<p><img loading=\"lazy\" decoding=\"async\" src=\"https:\/\/www.europesays.com\/es\/wp-content\/uploads\/2025\/12\/1503728151.jpg\" class=\"v-mdl__img-z\" width=\"1920\" height=\"1344\" alt=\"\"\/><\/p>\n<p class=\"v-p\">Las vasijas de la bilba\u00edna Mar de Dios que centran la cuarta sala tienen su historia: \u00abSiempre hab\u00eda trabajado con arcilla comprada, pero Cirauqui me encarg\u00f3 que para esta exposici\u00f3n usara tierra de cercan\u00eda. Hicimos varios paseos por la zona de Itxina, pero siempre encontr\u00e1bamos arcilla roja sobre la que era muy complicado aplicar pigmentos. Pero un d\u00eda nos topamos con un \u00e1rbol tirado por una tormenta la noche anterior y descubrimos que hund\u00eda sus ra\u00edces en arcilla blanca, mucho m\u00e1s f\u00e1cil para dar color\u00bb. El artista Frederick Ebenezer Okai (Ghana, 1986) presenta all\u00ed cerca su obra &#8216;Butterfly I&#8217;, realizada con vasijas de barro rotas y reconstruidas e incrustadas en unas vallas de alambre: \u00abHe utilizado esas rejillas met\u00e1licas que ve\u00eda en la construcci\u00f3n de los edificios en mi pa\u00eds como andamiaje, unidas aqu\u00ed con la cer\u00e1mica\u00bb. <\/p>\n<p class=\"v-p\">En esa misma sala cuelga la propuesta en relieve de Jorge Satorre (M\u00e9xico, 1979) con po\u00e9tico nombre, &#8216;Nunca podr\u00eda olvidar la manera en que me dijiste todo sin decirme nada&#8217;, hecha con tierra del centro de arte contempor\u00e1neo franc\u00e9s CRAC Alsace. Una enorme vasija con reminiscencias precoloniales y un dibujo plasmado directamente sobre la pared del museo por Gabriel Chaile (Tucum\u00e1n, Argentina, 1985) se unen al resto de proyectos, de artistas como Giovanni Anselmo, Joseph Beuys, Heidi Bucher, Ana Mendieta, Fina Miralles, Asier Mendizabal, Gabriel Orozco, Asad Raza, Michelle Stuart, H\u00e9ctor Zamora&#8230; Y &#8216;U\u00f1a y hojas de laurel&#8217; (1989), la famosa obra de Giuseppe Penone en la que a m\u00e1s de uno le gustar\u00eda meter la mano con la intenci\u00f3n de refrescarse.\u00a0<\/p>\n<p><img decoding=\"async\" loading=\"lazy\" src=\"https:\/\/www.europesays.com\/es\/wp-content\/uploads\/2025\/12\/Penone UNGHIE E FOGLIE 1989 -kk7B--650x455@El Correo.jpg\" class=\"v-a-img\" width=\"650\" height=\"455\" alt=\"'U\u00f1a y hojas de laurel', de Giuseppe Penone.\" data-voc-vtm-id=\"in-text-traffic\"\/><\/p>\n<p>&#8216;U\u00f1a y hojas de laurel&#8217;, de Giuseppe Penone.<\/p>\n<p><img loading=\"lazy\" decoding=\"async\" src=\"https:\/\/www.europesays.com\/es\/wp-content\/uploads\/2025\/12\/Penone UNGHIE E FOGLIE 1989 -kk7B--1920x1344@El Correo.jpg\" class=\"v-mdl__img-z\" width=\"1920\" height=\"1344\" alt=\"\"\/><\/p>\n","protected":false},"excerpt":{"rendered":"Como si uno de los huevos de &#8216;Mam\u00e1&#8217;, de Louise Bourgeois, hubiera eclosionado, una peque\u00f1\u00edsima ara\u00f1a correteaba por&hellip;\n","protected":false},"author":2,"featured_media":271069,"comment_status":"","ping_status":"","sticky":false,"template":"","format":"standard","meta":{"footnotes":""},"categories":[173],"tags":[229,233,1968,231,230,3455,232,234,146,147,25,24,66575,983,23,1934],"class_list":{"0":"post-271068","1":"post","2":"type-post","3":"status-publish","4":"format-standard","5":"has-post-thumbnail","7":"category-arte-y-diseno","8":"tag-arte","9":"tag-arte-y-diseno","10":"tag-artes","11":"tag-arts","12":"tag-arts-and-design","13":"tag-dentro","14":"tag-design","15":"tag-diseno","16":"tag-entertainment","17":"tag-entretenimiento","18":"tag-es","19":"tag-espana","20":"tag-florece","21":"tag-guggenheim","22":"tag-spain","23":"tag-tierra"},"share_on_mastodon":{"url":"https:\/\/pubeurope.com\/@es\/115662329046775753","error":""},"_links":{"self":[{"href":"https:\/\/www.europesays.com\/es\/wp-json\/wp\/v2\/posts\/271068","targetHints":{"allow":["GET"]}}],"collection":[{"href":"https:\/\/www.europesays.com\/es\/wp-json\/wp\/v2\/posts"}],"about":[{"href":"https:\/\/www.europesays.com\/es\/wp-json\/wp\/v2\/types\/post"}],"author":[{"embeddable":true,"href":"https:\/\/www.europesays.com\/es\/wp-json\/wp\/v2\/users\/2"}],"replies":[{"embeddable":true,"href":"https:\/\/www.europesays.com\/es\/wp-json\/wp\/v2\/comments?post=271068"}],"version-history":[{"count":0,"href":"https:\/\/www.europesays.com\/es\/wp-json\/wp\/v2\/posts\/271068\/revisions"}],"wp:featuredmedia":[{"embeddable":true,"href":"https:\/\/www.europesays.com\/es\/wp-json\/wp\/v2\/media\/271069"}],"wp:attachment":[{"href":"https:\/\/www.europesays.com\/es\/wp-json\/wp\/v2\/media?parent=271068"}],"wp:term":[{"taxonomy":"category","embeddable":true,"href":"https:\/\/www.europesays.com\/es\/wp-json\/wp\/v2\/categories?post=271068"},{"taxonomy":"post_tag","embeddable":true,"href":"https:\/\/www.europesays.com\/es\/wp-json\/wp\/v2\/tags?post=271068"}],"curies":[{"name":"wp","href":"https:\/\/api.w.org\/{rel}","templated":true}]}}