{"id":271070,"date":"2025-12-04T16:51:14","date_gmt":"2025-12-04T16:51:14","guid":{"rendered":"https:\/\/www.europesays.com\/es\/271070\/"},"modified":"2025-12-04T16:51:14","modified_gmt":"2025-12-04T16:51:14","slug":"el-reproche-de-mario-pergolini-a-soy-rada-luego-de-faltar-a-su-programa-esto-no-se-merece-un-compromiso","status":"publish","type":"post","link":"https:\/\/www.europesays.com\/es\/271070\/","title":{"rendered":"El reproche de Mario Pergolini a Soy Rada luego de faltar a su programa: \u201c\u00bfEsto no se merece un compromiso?\u00bb"},"content":{"rendered":"<p>El cruce entre Mario Pergolini y Soy Rada por su ausencia en el programa el d\u00eda anterior (Video: Otro d\u00eda perdido. El Trece)<\/p>\n<p class=\"paragraph\">El encuentro entre <a rel=\"noopener noreferrer nofollow\" href=\"https:\/\/www.infobae.com\/teleshow\/2025\/11\/15\/cuanto-midio-la-entrevista-de-mario-pergolini-a-la-china-suarez-y-cuando-fue-el-pico-de-rating\/\" target=\"_blank\" title=\"https:\/\/www.infobae.com\/teleshow\/2025\/11\/15\/cuanto-midio-la-entrevista-de-mario-pergolini-a-la-china-suarez-y-cuando-fue-el-pico-de-rating\/\"><b>Mario Pergolini<\/b><\/a> y <b>Soy Rada<\/b> en Otro d\u00eda perdido, ofreci\u00f3 un intercambio cargado de humor e iron\u00eda sobre el <b>compromiso laboral<\/b>, las ausencias justificadas y la validez de las credenciales profesionales en el mundo del espect\u00e1culo. Ambos protagonistas, reconocidos por su estilo irreverente, mantuvieron un di\u00e1logo que oscil\u00f3 entre la cr\u00edtica y la complicidad.<\/p>\n<p class=\"paragraph\"><a rel=\"noopener noreferrer nofollow\" href=\"https:\/\/www.infobae.com\/teleshow\/2025\/12\/03\/quien-es-dante-barbera-el-nino-reemplazo-a-soy-rada-en-el-programa-de-mario-pergolini\/\" target=\"_blank\" title=\"https:\/\/www.infobae.com\/teleshow\/2025\/12\/03\/quien-es-dante-barbera-el-nino-reemplazo-a-soy-rada-en-el-programa-de-mario-pergolini\/\"><b>La conversaci\u00f3n comenz\u00f3 con una pregunta directa sobre la ausencia de Soy Rada, al programa el d\u00eda anterior<\/b><\/a>, lo que dio pie a una discusi\u00f3n sobre el compromiso en el trabajo. Mario Pergolini lanz\u00f3 una observaci\u00f3n con tono cr\u00edtico, amparado en la importancia de su programa: <b>\u201c\u00bfTe parece que esto no se merece un compromiso?\u201d.<\/b><\/p>\n<p class=\"paragraph\">Luego, ironiz\u00f3 sobre las conductas de las nuevas generaciones: <a rel=\"noopener noreferrer nofollow\" href=\"https:\/\/www.infobae.com\/teleshow\/2025\/11\/26\/agustin-rada-aristaran-hablo-de-su-continuidad-en-el-programa-de-mario-pergolini-esta-en-mi-prioridad\/\" target=\"_blank\" title=\"https:\/\/www.infobae.com\/teleshow\/2025\/11\/26\/agustin-rada-aristaran-hablo-de-su-continuidad-en-el-programa-de-mario-pergolini-esta-en-mi-prioridad\/\"><b>\u201cAhora parecen los millennials, que ya de millennials no ten\u00e9s un c&#8230; Vos pens\u00e1s, y ella (por Laila Roth) tambi\u00e9n puede ser, que pueden faltar cuando se le antoja&#8230;\u201d<\/b><\/a>, continu\u00f3.<\/p>\n<p><img alt=\"Mario Pergolini y Soy Rada\" class=\"global-image\" decoding=\"async\" fetchpriority=\"low\" height=\"720\" loading=\"lazy\" src=\"https:\/\/www.europesays.com\/es\/wp-content\/uploads\/2025\/12\/WCMY35R5KZEEVAS7C25SGGGB44.jpg\" width=\"1280\"\/>Mario Pergolini y Soy Rada debaten sobre el compromiso laboral y las ausencias justificadas en el programa<\/p>\n<p class=\"paragraph\">El conductor evoc\u00f3 la constancia de figuras del pasado: \u201c\u00bfAlguna vez vieron que <b>M\u00f3nica y C\u00e9sar <\/b>de golpe dec\u00edan: \u2018Hoy C\u00e9sar no viene porque&#8230;\u2019 No. M\u00f3nica y C\u00e9sar ven\u00edan. Te dan un trabajo, es de lunes a viernes, trabaj\u00e1s de lunes a viernes.\u201d<\/p>\n<p class=\"paragraph\"><b>Soy Rada<\/b> respondi\u00f3 con humor, justificando su ausencia: <b>\u201cLo m\u00edo tiene justificativo y tengo la nota de mi mam\u00e1 y de mi pap\u00e1, que justifica tambi\u00e9n.\u201d<\/b> El comediante explic\u00f3 que, al ser convocado para el programa, le advirtieron sobre la duraci\u00f3n incierta del proyecto: <b>\u201cCuando arrancamos esto, me dijeron: \u2018La verdad es que no vamos a durar m\u00e1s de un mes\u2019\u201d.<\/b> Y se mantuvo firme en su postura, alegando una cita ineludible: <b>\u201cYo ten\u00eda un compromiso el dos de diciembre\u201d.<\/b><\/p>\n<p class=\"paragraph\">El di\u00e1logo deriv\u00f3 hacia las credenciales profesionales, con Soy Rada relatando una an\u00e9cdota sobre la renovaci\u00f3n de su carnet de mago: <b>\u201cEsto lo sab\u00e9s si sos mago: todos los 2 de diciembre ten\u00e9s que ir al Colegio de Magos, en mi caso a la sed de Berazategui, para renovar el carnet.<\/b> Y para eso ten\u00e9s que mostrar un par de trucos. Te dicen: \u2018A ver, hac\u00e9 aparecer un pa\u00f1uelo, hac\u00e9 aparecer una paloma. A ver, adiv\u00edname lo que estoy pensando\u2019\u201d, remat\u00f3.<\/p>\n<p>Soy Rada y su truco de magia para Araceli Gonz\u00e1lez en Otro d\u00eda  perdido (ElTrece)<\/p>\n<p class=\"paragraph\">Mario Pergolini se interes\u00f3 por el proceso y pregunt\u00f3 si hab\u00eda aprobado los ex\u00e1menes. Soy Rada admiti\u00f3: <b>\u201cS\u00ed, pero no.\u201d<\/b> Explic\u00f3 que el puntaje m\u00ednimo era ocho y \u00e9l obtuvo siete: \u201cSiete cag&#8230;., me dijo el tipo.<b>\u201d Al indagar sobre el motivo de la falla, Rada se\u00f1al\u00f3: \u201cEn psicot\u00e9cnico.\u201d <\/b>Sin embargo, aclar\u00f3 que, gracias a un vac\u00edo legal, pod\u00eda seguir ejerciendo: <b>\u201cS\u00ed, por un peque\u00f1o vac\u00edo legal que encontramos con unos amigos. Yo como tengo tambi\u00e9n carnet de habilidades afines al circo, le meto ah\u00ed, ilusionismo.\u201d<\/b> Pergolini resumi\u00f3 la situaci\u00f3n: \u201cEntonces, sos mago de circo\u201d, algo que vue avalado por Aristar\u00e1n.<\/p>\n<p><img alt=\"Soy Rada revela la an\u00e9cdota\" class=\"global-image\" decoding=\"async\" fetchpriority=\"low\" height=\"1080\" loading=\"lazy\" src=\"https:\/\/www.europesays.com\/es\/wp-content\/uploads\/2025\/12\/VPPNWZQXHBFLJPKBVUOXINLEUA.jpg\" width=\"1920\"\/>Soy Rada revela la an\u00e9cdota de la renovaci\u00f3n de su carnet de mago en el Colegio de Magos de Berazategui  (ElTrece)<\/p>\n<p class=\"paragraph\">La conversaci\u00f3n se desplaz\u00f3 hacia la validez de los t\u00edtulos y matr\u00edculas en el \u00e1mbito art\u00edstico, y Pergolini pregunt\u00f3: \u201c\u00bfVos para comediante, para stand-up se necesita carnet habilitante?\u201d Soy Rada respondi\u00f3 afirmativamente y detall\u00f3 el proceso: <b>\u201cHac\u00e9s un tr\u00e1mite y despu\u00e9s pag\u00e1s todos los meses. Y lo est\u00e1s pagando\u201d, <\/b>a lo que Mario<b> <\/b>brome\u00f3 sobre la legitimidad de estos documentos: <b>\u201c\u00a1Pero son dos truchos!\u201d.<\/b><\/p>\n<p class=\"paragraph\">El conductor tambi\u00e9n abord\u00f3 su propia situaci\u00f3n respecto a su oficio: <b>\u201cYo no soy locutor. Hago un mont\u00f3n de cosas de locutor. Puedo decir: \u2018La imagen no es nada\u2019, pero yo no soy locutor.\u201d <\/b>Ante la reacci\u00f3n del p\u00fablico y de Soy Rada, Pergolini insisti\u00f3: <b>\u201cLa verdad que no lo soy. Los que me conocen de chiquito saben que no soy locutor\u201d.<\/b><\/p>\n<p><img alt=\"Mario Pergolini, Laila Roth y\" class=\"global-image\" decoding=\"async\" fetchpriority=\"low\" height=\"876\" loading=\"lazy\" src=\"https:\/\/www.europesays.com\/es\/wp-content\/uploads\/2025\/12\/1764867074_67_XGQFHUNHSNAKFOTSNZREHUS4II.png\" width=\"1600\"\/>Mario Pergolini, Laila Roth y Dante Barbera quien hizo el reemplazo de Soy Rada<\/p>\n","protected":false},"excerpt":{"rendered":"El cruce entre Mario Pergolini y Soy Rada por su ausencia en el programa el d\u00eda anterior (Video:&hellip;\n","protected":false},"author":2,"featured_media":271071,"comment_status":"","ping_status":"","sticky":false,"template":"","format":"standard","meta":{"footnotes":""},"categories":[171],"tags":[146,147,25,24,23,214],"class_list":{"0":"post-271070","1":"post","2":"type-post","3":"status-publish","4":"format-standard","5":"has-post-thumbnail","7":"category-tv","8":"tag-entertainment","9":"tag-entretenimiento","10":"tag-es","11":"tag-espana","12":"tag-spain","13":"tag-tv"},"share_on_mastodon":{"url":"","error":""},"_links":{"self":[{"href":"https:\/\/www.europesays.com\/es\/wp-json\/wp\/v2\/posts\/271070","targetHints":{"allow":["GET"]}}],"collection":[{"href":"https:\/\/www.europesays.com\/es\/wp-json\/wp\/v2\/posts"}],"about":[{"href":"https:\/\/www.europesays.com\/es\/wp-json\/wp\/v2\/types\/post"}],"author":[{"embeddable":true,"href":"https:\/\/www.europesays.com\/es\/wp-json\/wp\/v2\/users\/2"}],"replies":[{"embeddable":true,"href":"https:\/\/www.europesays.com\/es\/wp-json\/wp\/v2\/comments?post=271070"}],"version-history":[{"count":0,"href":"https:\/\/www.europesays.com\/es\/wp-json\/wp\/v2\/posts\/271070\/revisions"}],"wp:featuredmedia":[{"embeddable":true,"href":"https:\/\/www.europesays.com\/es\/wp-json\/wp\/v2\/media\/271071"}],"wp:attachment":[{"href":"https:\/\/www.europesays.com\/es\/wp-json\/wp\/v2\/media?parent=271070"}],"wp:term":[{"taxonomy":"category","embeddable":true,"href":"https:\/\/www.europesays.com\/es\/wp-json\/wp\/v2\/categories?post=271070"},{"taxonomy":"post_tag","embeddable":true,"href":"https:\/\/www.europesays.com\/es\/wp-json\/wp\/v2\/tags?post=271070"}],"curies":[{"name":"wp","href":"https:\/\/api.w.org\/{rel}","templated":true}]}}