{"id":271081,"date":"2025-12-04T16:57:09","date_gmt":"2025-12-04T16:57:09","guid":{"rendered":"https:\/\/www.europesays.com\/es\/271081\/"},"modified":"2025-12-04T16:57:09","modified_gmt":"2025-12-04T16:57:09","slug":"comparativa-en-video-de-mario-kart-world-tras-la-gran-actualizacion-1-4-0","status":"publish","type":"post","link":"https:\/\/www.europesays.com\/es\/271081\/","title":{"rendered":"Comparativa en v\u00eddeo de Mario Kart World tras la gran actualizaci\u00f3n 1.4.0"},"content":{"rendered":"<p>\u00a1Parece que tenemos nuevos detalles sobre <a href=\"https:\/\/www.nintenderos.com\/nintendo-switch-2\/anunciado-nintendo-direct-de-mario-kart-world-de-nintendo-switch-2\/\" rel=\"nofollow noopener\" target=\"_blank\">Mario Kart World<\/a>! Tras conocer\u00a0<a href=\"https:\/\/www.nintenderos.com\/nintendo-switch-2\/dos-personajes-dlc-podrian-haberse-filtrado-para-mario-kart-world\/\" rel=\"nofollow noopener\" target=\"_blank\">un rumor que apunta a DLC<\/a>, ahora tenemos una interesante comparativa entre el antes y el despu\u00e9s de su gran actualizaci\u00f3n 1.4.0.<\/p>\n<p>Ya sab\u00e9is que esta update incluye la correcci\u00f3n del problema de los tramos excesivamente rectos. La mejora m\u00e1s notable es que las pistas intermedias ahora tienen dise\u00f1os menos lineales, como se aprecia en el ejemplo que compara el trayecto <strong>entre Ciudad Corona y Playa Koopa<\/strong> frente a la versi\u00f3n anterior 1.3.0. Este es el v\u00eddeo:<\/p>\n<p>Otros contenidos en esta categor\u00eda:<\/p>\n<p>No olvid\u00e9is que nosotros tambi\u00e9n lo hemos podido probar y ten\u00e9is nuestras impresiones y gameplay exclusivo\u00a0<a href=\"https:\/\/www.nintenderos.com\/nintendo-switch-2\/avance-mario-kart-world-nintendo-switch-2\/\" rel=\"nofollow noopener\" target=\"_blank\">aqu\u00ed<\/a>. Y tambi\u00e9n lo hemos analizado al detalle\u00a0<a href=\"https:\/\/www.nintenderos.com\/wp-content\/uploads\/2025\/06\/mariokart-1743660359098-17448945.jpg\" rel=\"nofollow noopener\" target=\"_blank\">aqu\u00ed<\/a>. Todo esto se suma a estos recopilatorios que os hemos ofrecido en la web sobre Mario Kart World:<\/p>\n<p>Ya hab\u00edamos\u00a0<a href=\"https:\/\/www.nintenderos.com\/nintendo-switch-2\/mario-kart-world-nuevo-gameplay-muestra-otro-vehiculo-gigante-diferente-al-camion-del-trailer\/\" rel=\"nofollow noopener\" target=\"_blank\">veh\u00edculos enormes que podemos pilotar<\/a>, as\u00ed como\u00a0<a href=\"https:\/\/www.nintenderos.com\/2025\/04\/mario-kart-world-presenta-oficialmente-sus-nuevas-tecnicas-con-este-video\/\" rel=\"nofollow noopener\" target=\"_blank\">nuevas t\u00e9cnicas de conducci\u00f3n<\/a>, y\u00a0<a href=\"https:\/\/www.nintenderos.com\/nintendo-switch-2\/los-caparazones-de-pinchos-azules-de-mario-kart-world-tienen-una-novedad-genial\/\" rel=\"nofollow noopener\" target=\"_blank\">otro cambio del Caparaz\u00f3n de pinchos<\/a>.<\/p>\n<p>\u00bfQu\u00e9 os ha parecido esta informaci\u00f3n de la sucesora y Kart World? Pod\u00e9is compartirlo en los comentarios abajo.<\/p>\n<p><a href=\"https:\/\/youtu.be\/2pO9qOWKKs0\" class=\"external\" rel=\"nofollow noopener\" target=\"_blank\">Fuente<\/a>.<\/p>\n","protected":false},"excerpt":{"rendered":"\u00a1Parece que tenemos nuevos detalles sobre Mario Kart World! Tras conocer\u00a0un rumor que apunta a DLC, ahora tenemos&hellip;\n","protected":false},"author":2,"featured_media":271082,"comment_status":"","ping_status":"","sticky":false,"template":"","format":"standard","meta":{"footnotes":""},"categories":[81],"tags":[119,123,124,25329,25,24,13790,117,121,122,23,118,120,2338],"class_list":{"0":"post-271081","1":"post","2":"type-post","3":"status-publish","4":"format-standard","5":"has-post-thumbnail","7":"category-ciencia-y-tecnologia","8":"tag-ciencia","9":"tag-ciencia-y-tecnologia","10":"tag-cienciaytecnologia","11":"tag-comparativa","12":"tag-es","13":"tag-espana","14":"tag-mario-kart-world","15":"tag-science","16":"tag-science-and-technology","17":"tag-scienceandtechnology","18":"tag-spain","19":"tag-technology","20":"tag-tecnologia","21":"tag-video"},"share_on_mastodon":{"url":"https:\/\/pubeurope.com\/@es\/115662359672141491","error":""},"_links":{"self":[{"href":"https:\/\/www.europesays.com\/es\/wp-json\/wp\/v2\/posts\/271081","targetHints":{"allow":["GET"]}}],"collection":[{"href":"https:\/\/www.europesays.com\/es\/wp-json\/wp\/v2\/posts"}],"about":[{"href":"https:\/\/www.europesays.com\/es\/wp-json\/wp\/v2\/types\/post"}],"author":[{"embeddable":true,"href":"https:\/\/www.europesays.com\/es\/wp-json\/wp\/v2\/users\/2"}],"replies":[{"embeddable":true,"href":"https:\/\/www.europesays.com\/es\/wp-json\/wp\/v2\/comments?post=271081"}],"version-history":[{"count":0,"href":"https:\/\/www.europesays.com\/es\/wp-json\/wp\/v2\/posts\/271081\/revisions"}],"wp:featuredmedia":[{"embeddable":true,"href":"https:\/\/www.europesays.com\/es\/wp-json\/wp\/v2\/media\/271082"}],"wp:attachment":[{"href":"https:\/\/www.europesays.com\/es\/wp-json\/wp\/v2\/media?parent=271081"}],"wp:term":[{"taxonomy":"category","embeddable":true,"href":"https:\/\/www.europesays.com\/es\/wp-json\/wp\/v2\/categories?post=271081"},{"taxonomy":"post_tag","embeddable":true,"href":"https:\/\/www.europesays.com\/es\/wp-json\/wp\/v2\/tags?post=271081"}],"curies":[{"name":"wp","href":"https:\/\/api.w.org\/{rel}","templated":true}]}}