{"id":271084,"date":"2025-12-04T16:59:07","date_gmt":"2025-12-04T16:59:07","guid":{"rendered":"https:\/\/www.europesays.com\/es\/271084\/"},"modified":"2025-12-04T16:59:07","modified_gmt":"2025-12-04T16:59:07","slug":"alemania-apoya-el-uso-de-activos-rusos-congelados-por-la-ue-para-dar-financiacion-a-ucrania","status":"publish","type":"post","link":"https:\/\/www.europesays.com\/es\/271084\/","title":{"rendered":"Alemania apoya el uso de activos rusos congelados por la UE para dar financiaci\u00f3n a Ucrania"},"content":{"rendered":"<p><img id=\"fotoPrincipalNoticia\" src=\"https:\/\/www.europesays.com\/es\/wp-content\/uploads\/2025\/12\/fotonoticia_20251204130643_690.jpg\" loading=\"eager\" decoding=\"async\" style=\"view-transition-name: fechor_20251204130643;\" border=\"0\" alt=\"El ministro de Exteriores de Alemania, Johann Wadephul, durante una rueda de prensa en Berl\u00edn (archivo)\" fetchpriority=\"high\" title=\"Alemania apoya el uso de activos rusos congelados por la UE para dar financiaci\u00f3n a Ucrania\" width=\"690\" height=\"459\" itemprop=\"image\"\/><\/p>\n<p>El ministro de Exteriores de Alemania, Johann Wadephul, durante una rueda de prensa en Berl\u00edn (archivo) &#8211; Europa Press\/Contacto\/Bernd Elmenthaler<\/p>\n<p>Recalca que busca \u00abel objetivo pol\u00edtico\u00bb de \u00abaprovechar estos activos\u00bb pero reconoce que \u00abse trata de un terreno jur\u00eddico desconocido\u00bb<\/p>\n<p>   VIENA, 4 Dic. (DPA\/EP) &#8211; <\/p>\n<p>   El ministro de Exteriores de Alemania, Johann Wadephul, se ha mostrado este jueves abierto a poner a disposici\u00f3n de Ucrania los activos estatales rusos congelados por la Uni\u00f3n Europea (UE), si bien ha puntualizado que primero es necesario examinar las propuestas correspondientes de la Comisi\u00f3n Europea, dado que \u00abse trata de un terreno jur\u00eddico desconocido\u00bb.<\/p>\n<p>   \u00abPese a ello, el Gobierno alem\u00e1n persigue el objetivo pol\u00edtico claro de aprovechar estos activos\u00bb, ha dicho en declaraciones al margen de la reuni\u00f3n anual de ministros de Asuntos Exteriores de la Organizaci\u00f3n para la Seguridad y la Cooperaci\u00f3n en Europa (OSCE), celebrada en Viena. \u00abPor eso estamos manteniendo intensas consultas con todos los Estados miembro, siempre con el objetivo de llegar a un resultado fruct\u00edfero en el Consejo Europeo antes de Navidad\u00bb, ha agregado.<\/p>\n<p>   El Gobierno alem\u00e1n mantiene en secreto la cantidad de dinero del Banco Central ruso que se encuentra en Alemania. Lo \u00fanico que se ha comunicado hasta ahora es que se han congelado o inmovilizado activos por un valor total de unos 3.500 millones de euros en relaci\u00f3n con la guerra de agresi\u00f3n de Rusia contra Ucrania.<\/p>\n<p>    La Comisi\u00f3n Europea present\u00f3 el mi\u00e9rcoles la base legal para sacar adelante su propuesta de financiar con la liquidez de los activos soberanos rusos congelados en B\u00e9lgica un pr\u00e9stamo de reparaciones a Ucrania; un plan cuya legalidad cuestiona abiertamente el Gobierno belga, que lo tacha de \u00abconfiscaci\u00f3n\u00bb y avisa de que puede llevar al pa\u00eds a la \u00abbancarrota\u00bb.<\/p>\n<p>   Sin embargo, la presidenta del Banco Central Europeo (BCE), Christine Lagarde, ha asegurado este mi\u00e9rcoles que dar cobertura a un pr\u00e9stamo para Ucrania respaldado por activos rusos congelados significar\u00eda quebrantar la legislaci\u00f3n comunitaria.<\/p>\n<p>   En este sentido, record\u00f3 que Euroclear tiene en cartera 40 billones de euros en activos, incluidos los rusos. Movilizar dichos fondos para ponerlos a disposici\u00f3n de Kiev requerir\u00eda el BCE ofrezca \u00abgarant\u00edas\u00bb, lo que tendr\u00eda implicaciones negativas para la estabilidad financiera y la confianza en la eurozona y el euro.<\/p>\n<p>   Si en la cita de dos semanas los l\u00edderes de la UE dan luz verde a la propuesta de los activos, \u00e9sta no ser\u00e1 inmediata porque requerir\u00e1 una serie de procedimientos tambi\u00e9n a nivel nacional, pero los servicios comunitarios estiman que podr\u00eda estar lista para el segundo trimestre de 2026. Kiev s\u00f3lo tendr\u00eda que devolver el pr\u00e9stamo de reparaciones si, llegado el final de la guerra, Rusia asume su responsabilidad y compensa financieramente a Ucrania por los da\u00f1os de la invasi\u00f3n.<\/p>\n","protected":false},"excerpt":{"rendered":"El ministro de Exteriores de Alemania, Johann Wadephul, durante una rueda de prensa en Berl\u00edn (archivo) &#8211; Europa&hellip;\n","protected":false},"author":2,"featured_media":271085,"comment_status":"","ping_status":"","sticky":false,"template":"","format":"standard","meta":{"footnotes":""},"categories":[42],"tags":[17,18,13,14,11,61,62,63,64,19,20,9,10,15,16,12,21,22,65,66,67],"class_list":{"0":"post-271084","1":"post","2":"type-post","3":"status-publish","4":"format-standard","5":"has-post-thumbnail","7":"category-internacional","8":"tag-breaking-news","9":"tag-breakingnews","10":"tag-featured-news","11":"tag-featurednews","12":"tag-headlines","13":"tag-internacional","14":"tag-international","15":"tag-international-news","16":"tag-internationalnews","17":"tag-latest-news","18":"tag-latestnews","19":"tag-news","20":"tag-noticias","21":"tag-noticias-destacadas","22":"tag-noticiasdestacadas","23":"tag-titulares","24":"tag-ultimas-noticias","25":"tag-ultimasnoticias","26":"tag-world","27":"tag-world-news","28":"tag-worldnews"},"share_on_mastodon":{"url":"https:\/\/pubeurope.com\/@es\/115662367807767161","error":""},"_links":{"self":[{"href":"https:\/\/www.europesays.com\/es\/wp-json\/wp\/v2\/posts\/271084","targetHints":{"allow":["GET"]}}],"collection":[{"href":"https:\/\/www.europesays.com\/es\/wp-json\/wp\/v2\/posts"}],"about":[{"href":"https:\/\/www.europesays.com\/es\/wp-json\/wp\/v2\/types\/post"}],"author":[{"embeddable":true,"href":"https:\/\/www.europesays.com\/es\/wp-json\/wp\/v2\/users\/2"}],"replies":[{"embeddable":true,"href":"https:\/\/www.europesays.com\/es\/wp-json\/wp\/v2\/comments?post=271084"}],"version-history":[{"count":0,"href":"https:\/\/www.europesays.com\/es\/wp-json\/wp\/v2\/posts\/271084\/revisions"}],"wp:featuredmedia":[{"embeddable":true,"href":"https:\/\/www.europesays.com\/es\/wp-json\/wp\/v2\/media\/271085"}],"wp:attachment":[{"href":"https:\/\/www.europesays.com\/es\/wp-json\/wp\/v2\/media?parent=271084"}],"wp:term":[{"taxonomy":"category","embeddable":true,"href":"https:\/\/www.europesays.com\/es\/wp-json\/wp\/v2\/categories?post=271084"},{"taxonomy":"post_tag","embeddable":true,"href":"https:\/\/www.europesays.com\/es\/wp-json\/wp\/v2\/tags?post=271084"}],"curies":[{"name":"wp","href":"https:\/\/api.w.org\/{rel}","templated":true}]}}