{"id":271086,"date":"2025-12-04T17:00:04","date_gmt":"2025-12-04T17:00:04","guid":{"rendered":"https:\/\/www.europesays.com\/es\/271086\/"},"modified":"2025-12-04T17:00:04","modified_gmt":"2025-12-04T17:00:04","slug":"los-medicos-del-hospital-de-torrejon-defienden-su-labor-tras-la-dimision-del-ceo-de-ribera-salud-en-todo-momento-hemos-actuado-con-responsabilidad-el-mundo","status":"publish","type":"post","link":"https:\/\/www.europesays.com\/es\/271086\/","title":{"rendered":"Los m\u00e9dicos del Hospital de Torrej\u00f3n defienden su labor tras la dimisi\u00f3n del CEO de Ribera Salud: &quot;En todo momento hemos actuado con responsabilidad&quot; &#8211; El Mundo"},"content":{"rendered":"<ol>\n<li><a href=\"https:\/\/news.google.com\/rss\/articles\/CBMiekFVX3lxTE9CUlZzRVFlYldkQk4zZXI0c2d1TERhNEh4Vm5GQmJQT2dUOV9aV1diVGoxSnh6b28weklDZzN2YmVQUDh1eXJLcldxdHI0ak1FRTRfTXFyUWFLQWFZOHNPcXJmR3ZiLV9BX2FBTjlPZ01FNllJMjhXdUR30gF6QVVfeXFMTVBGeXl3Z1pJTlJlQkRqNDN4R2JVcnBGSDBRQV9GWkxKMGFRTC1Pc3dTMUo1R3dfT2dmTGlPVUstemFYZXh0LVBtY2tEdWVqUGVMb2pzSDZpS3dRcEhaM2h0c0NrTFVyREd6ZjBiTXRWVTNOb09Jd0tpSFE?oc=5\" target=\"_blank\" rel=\"nofollow noopener\">Los m\u00e9dicos del Hospital de Torrej\u00f3n defienden su labor tras la dimisi\u00f3n del CEO de Ribera Salud: \u00abEn todo momento hemos actuado con responsabilidad\u00bb<\/a>&nbsp;&nbsp;El Mundo<\/li>\n<li><a href=\"https:\/\/news.google.com\/rss\/articles\/CBMiuwFBVV95cUxNak5HUDBudm5KY0dRMGxNZVZ1R0ItYnBDTmZPQ0hRcGZDV21jOVpqck85bEMxUkxVNnJ2MWZDTW1zdmJjc1BuWkZpb2dOTEZfZXBLV3ZxUEdfaDBfRTUySExvUXFXdHB5YU5VOEdwamVra1VxQmJMbjhReTJ0WFh0T2EtWm1YOWtUM3VzSHpQTHItZHRyb2dLZDRKWnFaMTlTQUhYMERvTFUwR1NidzhUR3hTRTNLZUpVRE5R0gHPAUFVX3lxTE5ETzNkUXRhR0E3TVpXd1dpRXJ0ZmJ6MlkzNHdpaXJDdUkyWXc5SjNXUEp1VkRIVjVZdzBQWWJiRG44cUluUFdwZTJXZG5Ed2NYSWg5VWJPUFVwN0hoQlFSdVFZN2JaSVZGa0ZLelZrZzlqSm1Td2hpT1VHdHhPbzJCOFlnd0ZtWXhzSElJN0s4ZmhYWk16ZWIzQ2dpVTBJNVdFdTRlUGpDdHRRWlBHZVNxNVJHSkUzX3JpNEJ2SjdHakh3LUhsdllfMnhCaGhrOA?oc=5\" target=\"_blank\" rel=\"nofollow noopener\">\u00bfPuede el Gobierno de Ayuso cancelar el convenio con Ribera Salud?<\/a>&nbsp;&nbsp;Cadena SER<\/li>\n<li><a href=\"https:\/\/news.google.com\/rss\/articles\/CBMitwFBVV95cUxNMlA1MktKRU45SUNLY2RMTnJfWmFiaENFRXBUYThUTmh1OFFBTVR1S1VXVmF1R0RlNFFBcXZ1YXAzZEp5b2FRNDJSa2t1TndEU1EtNGxUamhnNmZYUTVRUFNNcDFHTDJ2LTV2TzlUMDFNM2xSWDJXX0xyRjdlakhERHkySlQtQzZod05UcWVtelh2R0ZFMzhoeU5qdmJ6eG1fTnpGNm12VEZvWmV3aWtmOGFHaDlpN2c?oc=5\" target=\"_blank\" rel=\"nofollow noopener\">\u00abTranquilidad\u00bb en el Gobierno regional ante la crisis en el Hospital de Torrej\u00f3n: \u00abNo hay incidencias registradas\u00bb<\/a>&nbsp;&nbsp;ABC<\/li>\n<li><a href=\"https:\/\/news.google.com\/rss\/articles\/CBMi4gFBVV95cUxPRXdZS0JOTzVUMUlEV1dTSlJXdlBLX1lmTmw5dlE1d2J0QXc2aWRQd1RTYmliVTBFY2RJbTYtS1B6SjBMUFNIMTUxRVZFcy1yVi1SZktBekJxR0JBd05DUWU2QkoyaU0xSzZqdEVUeXlVY0FHSnljTmkzNnc0R0E5OFAzTWNlTkU4N09MMmotZmlmVjk2SUxkalBqaFJVQnVxYnVFc0ZpMXJqdGN4czNxaEJPR0VzQnY5eHp4MzZVVmNBUGJHYTBlMGFEc0l4QjVrbnhEMFJuUmdRUXVCdkp1WF9n?oc=5\" target=\"_blank\" rel=\"nofollow noopener\">La empresa gestora del hospital de Torrej\u00f3n despidi\u00f3 a cuatro directivos que denunciaron en el canal \u00e9tico las medidas impuestas<\/a>&nbsp;&nbsp;EL PA\u00cdS<\/li>\n<li><a href=\"https:\/\/news.google.com\/rss\/articles\/CBMi1gFBVV95cUxQSV9fN3F3cFp0czY1bm9hQWhnblBFVjc0NWczWEhEZmdNanZ5a3ozUXg5RGxoWG04OFMta0hTTnU0cjFueG5hWERZVDJSQzg0QkVJdFd0NmlkenRrdzVjdmpmdW5BTk5adFJhMEpjMUhTNzY2YXk1WW9kV2RVbThESVBYZWFrSGhfMnhWOUpETXFvT1JBMkV0bm14XzRJRm83WWNlUGJwMmttSUFobDUxRUVNOGNHQXdQMlZzanFNYjFMUDM5R0JabEdVak02QnpDRG9NLW130gHWAUFVX3lxTE9DSUlid1BsZ21wcUZBa0dTd0lDcDJxTGNrcUtjdmlQZzhhN3BPbHVuSDZ0SmkwZF9iNGE2d2tZQThmaE9KSnVjSU4wR3hJTVhQeWluUjU5S1VIck9jYnBvX0JJWF90WWlCMDNBQnVhLVp5elFvTE5MMVVjdnNFME9BUDNaaG1VeHpmRDM5c3c5V1gzclkxZXJZZVVoUzNqNE1sUlcyS0g1R2xXOVBseG1jeVlNckxiSUdXRzVkdjFVRThzTGR5MTlZUTZ5WGg0U2Q4MkM3V1E?oc=5\" target=\"_blank\" rel=\"nofollow noopener\">La empresa gestora del Hospital de Torrej\u00f3n despidi\u00f3 a tres directivos que denunciaron la orden de rechazar pacientes<\/a>&nbsp;&nbsp;RTVE.es<\/li>\n<\/ol>\n","protected":false},"excerpt":{"rendered":"Los m\u00e9dicos del Hospital de Torrej\u00f3n defienden su labor tras la dimisi\u00f3n del CEO de Ribera Salud: \u00abEn&hellip;\n","protected":false},"author":2,"featured_media":271087,"comment_status":"","ping_status":"","sticky":false,"template":"","format":"standard","meta":{"footnotes":""},"categories":[8],"tags":[17,18,25,24,13,14,11,19,20,205,9,10,15,16,23,12,21,22],"class_list":{"0":"post-271086","1":"post","2":"type-post","3":"status-publish","4":"format-standard","5":"has-post-thumbnail","7":"category-espana","8":"tag-breaking-news","9":"tag-breakingnews","10":"tag-es","11":"tag-espana","12":"tag-featured-news","13":"tag-featurednews","14":"tag-headlines","15":"tag-latest-news","16":"tag-latestnews","17":"tag-madrid","18":"tag-news","19":"tag-noticias","20":"tag-noticias-destacadas","21":"tag-noticiasdestacadas","22":"tag-spain","23":"tag-titulares","24":"tag-ultimas-noticias","25":"tag-ultimasnoticias"},"share_on_mastodon":{"url":"https:\/\/pubeurope.com\/@es\/115662371225233426","error":""},"_links":{"self":[{"href":"https:\/\/www.europesays.com\/es\/wp-json\/wp\/v2\/posts\/271086","targetHints":{"allow":["GET"]}}],"collection":[{"href":"https:\/\/www.europesays.com\/es\/wp-json\/wp\/v2\/posts"}],"about":[{"href":"https:\/\/www.europesays.com\/es\/wp-json\/wp\/v2\/types\/post"}],"author":[{"embeddable":true,"href":"https:\/\/www.europesays.com\/es\/wp-json\/wp\/v2\/users\/2"}],"replies":[{"embeddable":true,"href":"https:\/\/www.europesays.com\/es\/wp-json\/wp\/v2\/comments?post=271086"}],"version-history":[{"count":0,"href":"https:\/\/www.europesays.com\/es\/wp-json\/wp\/v2\/posts\/271086\/revisions"}],"wp:featuredmedia":[{"embeddable":true,"href":"https:\/\/www.europesays.com\/es\/wp-json\/wp\/v2\/media\/271087"}],"wp:attachment":[{"href":"https:\/\/www.europesays.com\/es\/wp-json\/wp\/v2\/media?parent=271086"}],"wp:term":[{"taxonomy":"category","embeddable":true,"href":"https:\/\/www.europesays.com\/es\/wp-json\/wp\/v2\/categories?post=271086"},{"taxonomy":"post_tag","embeddable":true,"href":"https:\/\/www.europesays.com\/es\/wp-json\/wp\/v2\/tags?post=271086"}],"curies":[{"name":"wp","href":"https:\/\/api.w.org\/{rel}","templated":true}]}}