{"id":271088,"date":"2025-12-04T17:01:11","date_gmt":"2025-12-04T17:01:11","guid":{"rendered":"https:\/\/www.europesays.com\/es\/271088\/"},"modified":"2025-12-04T17:01:11","modified_gmt":"2025-12-04T17:01:11","slug":"pwc-amplia-su-centro-de-servicios-de-auditoria-en-valladolid-y-refuerza-su-compromiso-con-el-talento-y-el-empleo-en-castilla-y-leon","status":"publish","type":"post","link":"https:\/\/www.europesays.com\/es\/271088\/","title":{"rendered":"PwC ampl\u00eda su centro de servicios de auditor\u00eda en Valladolid y refuerza su compromiso con el talento y el empleo en Castilla y Le\u00f3n"},"content":{"rendered":"<p>El <strong>alcalde de Valladolid, Jes\u00fas Julio Carnero<\/strong>, ha se\u00f1alado que \u201cdesde Valladolid Now, la Oficina Municipal de Proyectos y Atracci\u00f3n de Inversiones, lo que pretendemos es aprovechar la oportunidad para atraer y consolidar empresas y entidades, benefici\u00e1ndonos de nuestra situaci\u00f3n espacio-temporal, ya que estamos a 55 minutos de Madrid y debemos aprovecharlo. Si hab\u00e9is decidido apostar por PwC es por la calidad de vida que ofrece Valladolid, adem\u00e1s de por la oportunidad \u00fanica de desarrollo personal y profesional\u201d.<\/p>\n<p>Por su parte, el<strong> rector de la Universidad de Valladolid, Antonio Largo<\/strong>, ha destacado que \u201cel crecimiento de empresas como PwC en nuestra ciudad confirma el valor del talento formado en nuestras aulas. Nuestros egresados salen preparados para contribuir al desarrollo econ\u00f3mico y social del territorio, con una formaci\u00f3n actualizada y conectada con las necesidades reales del tejido empresarial. La colaboraci\u00f3n estrecha con compa\u00f1\u00edas que apuestan por nuestra comunidad nos permite avanzar juntos hacia un futuro de oportunidades, impulsando la innovaci\u00f3n y acompa\u00f1ando a nuestros estudiantes en su camino profesional\u00bb.<\/p>\n","protected":false},"excerpt":{"rendered":"El alcalde de Valladolid, Jes\u00fas Julio Carnero, ha se\u00f1alado que \u201cdesde Valladolid Now, la Oficina Municipal de Proyectos&hellip;\n","protected":false},"author":2,"featured_media":271089,"comment_status":"","ping_status":"","sticky":false,"template":"","format":"standard","meta":{"footnotes":""},"categories":[5],"tags":[17,18,25,24,13,14,11,19,20,9,10,15,16,23,12,21,22],"class_list":{"0":"post-271088","1":"post","2":"type-post","3":"status-publish","4":"format-standard","5":"has-post-thumbnail","7":"category-titulares","8":"tag-breaking-news","9":"tag-breakingnews","10":"tag-es","11":"tag-espana","12":"tag-featured-news","13":"tag-featurednews","14":"tag-headlines","15":"tag-latest-news","16":"tag-latestnews","17":"tag-news","18":"tag-noticias","19":"tag-noticias-destacadas","20":"tag-noticiasdestacadas","21":"tag-spain","22":"tag-titulares","23":"tag-ultimas-noticias","24":"tag-ultimasnoticias"},"share_on_mastodon":{"url":"https:\/\/pubeurope.com\/@es\/115662374998724300","error":""},"_links":{"self":[{"href":"https:\/\/www.europesays.com\/es\/wp-json\/wp\/v2\/posts\/271088","targetHints":{"allow":["GET"]}}],"collection":[{"href":"https:\/\/www.europesays.com\/es\/wp-json\/wp\/v2\/posts"}],"about":[{"href":"https:\/\/www.europesays.com\/es\/wp-json\/wp\/v2\/types\/post"}],"author":[{"embeddable":true,"href":"https:\/\/www.europesays.com\/es\/wp-json\/wp\/v2\/users\/2"}],"replies":[{"embeddable":true,"href":"https:\/\/www.europesays.com\/es\/wp-json\/wp\/v2\/comments?post=271088"}],"version-history":[{"count":0,"href":"https:\/\/www.europesays.com\/es\/wp-json\/wp\/v2\/posts\/271088\/revisions"}],"wp:featuredmedia":[{"embeddable":true,"href":"https:\/\/www.europesays.com\/es\/wp-json\/wp\/v2\/media\/271089"}],"wp:attachment":[{"href":"https:\/\/www.europesays.com\/es\/wp-json\/wp\/v2\/media?parent=271088"}],"wp:term":[{"taxonomy":"category","embeddable":true,"href":"https:\/\/www.europesays.com\/es\/wp-json\/wp\/v2\/categories?post=271088"},{"taxonomy":"post_tag","embeddable":true,"href":"https:\/\/www.europesays.com\/es\/wp-json\/wp\/v2\/tags?post=271088"}],"curies":[{"name":"wp","href":"https:\/\/api.w.org\/{rel}","templated":true}]}}