{"id":271094,"date":"2025-12-04T17:09:15","date_gmt":"2025-12-04T17:09:15","guid":{"rendered":"https:\/\/www.europesays.com\/es\/271094\/"},"modified":"2025-12-04T17:09:15","modified_gmt":"2025-12-04T17:09:15","slug":"galbiati-confirma-la-vuelta-de-howard-y-la-baja-de-sedekerskis","status":"publish","type":"post","link":"https:\/\/www.europesays.com\/es\/271094\/","title":{"rendered":"Galbiati confirma la vuelta de Howard y la baja de Sedekerskis"},"content":{"rendered":"<p>\n        <strong>Constipado y con fiebre. As\u00ed ha aparecido <\/strong><a href=\"https:\/\/www.noticiasdealava.eus\/baskonia\/2025\/11\/28\/galbiati-laso-vidas-paralelas-comparativa-de-datos-10410638.html\" title=\"Paolo Galbiati\" target=\"_blank\" class=\"link copy\" rel=\"nofollow noopener\"><strong>Paolo Galbiati<\/strong><\/a><strong> esta ma\u00f1ana en la rueda de prensa<\/strong> previa al partido de Euroliga del Baskonia de este viernes ante el Armani Milan. <strong>\u201cEstoy con fiebre, pero ya mejor\u201d<\/strong>, ha iniciado el t\u00e9cnico italiano al ser cuestionado sobre su estado de salud. <strong>Al parecer, Galbiati no ha sido el \u00fanico de la plantilla en caer en este proceso febril que ha azotado al Kosner Baskonia en los \u00faltimos d\u00edas.\u00a0<\/strong>\n<\/p>\n<p>            <a href=\"https:\/\/www.noticiasdealava.eus\/baskonia\/2025\/12\/02\/nowell-contrato-blindado-junio-10424351.html\" title=\"Nowell, un contrato blindado hasta junio\" class=\"new__media\" rel=\"nofollow noopener\" target=\"_blank\"><\/p>\n<p>                <img alt=\"Nowell, un contrato blindado hasta junio\" data-src=\"https:\/\/www.europesays.com\/es\/wp-content\/uploads\/2025\/10\/7247433e-738d-4cf0-a750-4f3f97c54cb3_16-9-aspect-ratio_default_0.jpg\" class=\"lozad\"\/><\/p>\n<p>        <\/a><\/p>\n<p>        <a href=\"https:\/\/www.noticiasdealava.eus\/baskonia\/2025\/12\/02\/nowell-contrato-blindado-junio-10424351.html\" title=\"Nowell, un contrato blindado hasta junio\" class=\"new__headline\" rel=\"nofollow noopener\" target=\"_blank\"><br \/>\n            Nowell, un contrato blindado hasta junio<br \/>\n        <\/a><\/p>\n<p class=\"article-body__text \">\n        <strong>Rodions Kurucs y Tadas Sedekerskis son otros de los jugadores a los que m\u00e1s delicados se les ha visto.<\/strong> De hecho, la situaci\u00f3n ha forzado a que el ala-p\u00edvot lituano no haya podido completar los \u00faltimos entrenamientos con el equipo. <strong>Galbiati ha confirmado la baja del capit\u00e1n del Kosnar Baskonia para el duelo ante los italianos y seguramente tampoco vaya a estar el domingo ante el Valencia Basket.<\/strong>\n<\/p>\n<p>        \u201cTrent est\u00e1 cerca, pero pensamos que no va a jugar ma\u00f1ana, ni tampoco el domingo, pero la pr\u00f3xima semana va a jugar. Ya est\u00e1 bien\u201d<\/p>\n<p class=\"article-body__text \">\n        De este modo,<strong> Sedekerskis se suma a Trent Forrest<\/strong> como \u00fanicas ausencias para los dos pr\u00f3ximos compromisos del equipo gasteiztarra. <strong>\u201cTrent est\u00e1 cerca, pero pensamos que no va a jugar ma\u00f1ana, ni tampoco el domingo, pero la pr\u00f3xima semana s\u00ed va a jugar. Ya est\u00e1 bien\u201d, <\/strong>ha actualizado Galbiati sobre el base estadounidense.\n<\/p>\n<p>  El retorno de Markus<\/p>\n<p class=\"article-body__text \">\n        <strong>A un jugador que s\u00ed va a recuperar para el compromiso europeo de este viernes es a Markus Howard.<\/strong> El norteamericano, que est\u00e1 lejos de encontrar su mejor forma esta temporada, sufri\u00f3<strong> un traumatismo craneoencef\u00e1lico<\/strong> en un entrenamiento previo al viaje del equipo a Kaunas para medirse al Zalgiris.\n<\/p>\n<p>            <a href=\"https:\/\/www.noticiasdealava.eus\/baskonia\/2025\/12\/03\/baskonia-rompe-diallo-ficha-lituano-10428910.html\" title=\"El Baskonia rompe con Diallo y ficha al lituano Radzevicius\" class=\"new__media\" rel=\"nofollow noopener\" target=\"_blank\"><\/p>\n<p>                <img alt=\"El Baskonia rompe con Diallo y ficha al lituano Radzevicius\" data-src=\"https:\/\/www.europesays.com\/es\/wp-content\/uploads\/2025\/12\/be84f788-a964-4d61-a193-bf0e4e80416b_16-9-aspect-ratio_default_0_x0y0.jpg\" class=\"lozad\"\/><\/p>\n<p>        <\/a><\/p>\n<p>        <a href=\"https:\/\/www.noticiasdealava.eus\/baskonia\/2025\/12\/03\/baskonia-rompe-diallo-ficha-lituano-10428910.html\" title=\"El Baskonia rompe con Diallo y ficha al lituano Radzevicius\" class=\"new__headline\" rel=\"nofollow noopener\" target=\"_blank\"><br \/>\n            El Baskonia rompe con Diallo y ficha al lituano Radzevicius<br \/>\n        <\/a><\/p>\n<p class=\"article-body__text \">\n        <strong>Gracias al par\u00f3n, <\/strong>Howard se ha podido recuperar con m\u00e1s margen y <strong>Galbiati ha confirmado su vuelta<\/strong> para el partido de ma\u00f1ana.<strong> <\/strong>\n<\/p>\n<p class=\"article-body__text \">\n        \u201cMarkus ya est\u00e1 bien.<strong> La ventana internacional es importante para que los jugadores puedan respirar<\/strong>, porque hemos tenido partidos muy duros\u201d, ha explicado Galbiati.<\/p>\n","protected":false},"excerpt":{"rendered":"Constipado y con fiebre. As\u00ed ha aparecido Paolo Galbiati esta ma\u00f1ana en la rueda de prensa previa al&hellip;\n","protected":false},"author":2,"featured_media":271095,"comment_status":"","ping_status":"","sticky":false,"template":"","format":"standard","meta":{"footnotes":""},"categories":[269],"tags":[4408,6814,299,298,4714,1779,168,25,24,833,17490,23519,27806,23,167,1357],"class_list":{"0":"post-271094","1":"post","2":"type-post","3":"status-publish","4":"format-standard","5":"has-post-thumbnail","7":"category-baloncesto","8":"tag-armani","9":"tag-baja","10":"tag-baloncesto","11":"tag-basketball","12":"tag-baskonia","13":"tag-confirma","14":"tag-deportes","15":"tag-es","16":"tag-espana","17":"tag-euroliga","18":"tag-galbiati","19":"tag-howard","20":"tag-sedekerskis","21":"tag-spain","22":"tag-sports","23":"tag-vuelta"},"share_on_mastodon":{"url":"https:\/\/pubeurope.com\/@es\/115662406649343317","error":""},"_links":{"self":[{"href":"https:\/\/www.europesays.com\/es\/wp-json\/wp\/v2\/posts\/271094","targetHints":{"allow":["GET"]}}],"collection":[{"href":"https:\/\/www.europesays.com\/es\/wp-json\/wp\/v2\/posts"}],"about":[{"href":"https:\/\/www.europesays.com\/es\/wp-json\/wp\/v2\/types\/post"}],"author":[{"embeddable":true,"href":"https:\/\/www.europesays.com\/es\/wp-json\/wp\/v2\/users\/2"}],"replies":[{"embeddable":true,"href":"https:\/\/www.europesays.com\/es\/wp-json\/wp\/v2\/comments?post=271094"}],"version-history":[{"count":0,"href":"https:\/\/www.europesays.com\/es\/wp-json\/wp\/v2\/posts\/271094\/revisions"}],"wp:featuredmedia":[{"embeddable":true,"href":"https:\/\/www.europesays.com\/es\/wp-json\/wp\/v2\/media\/271095"}],"wp:attachment":[{"href":"https:\/\/www.europesays.com\/es\/wp-json\/wp\/v2\/media?parent=271094"}],"wp:term":[{"taxonomy":"category","embeddable":true,"href":"https:\/\/www.europesays.com\/es\/wp-json\/wp\/v2\/categories?post=271094"},{"taxonomy":"post_tag","embeddable":true,"href":"https:\/\/www.europesays.com\/es\/wp-json\/wp\/v2\/tags?post=271094"}],"curies":[{"name":"wp","href":"https:\/\/api.w.org\/{rel}","templated":true}]}}