{"id":271098,"date":"2025-12-04T17:11:08","date_gmt":"2025-12-04T17:11:08","guid":{"rendered":"https:\/\/www.europesays.com\/es\/271098\/"},"modified":"2025-12-04T17:11:08","modified_gmt":"2025-12-04T17:11:08","slug":"oscar-puente-comparte-su-wrapped-de-spotify-y-pocos-podrian-adivinar-su-artista-mas-escuchado","status":"publish","type":"post","link":"https:\/\/www.europesays.com\/es\/271098\/","title":{"rendered":"\u00d3scar Puente comparte su &#8216;wrapped&#8217; de Spotify y pocos podr\u00edan adivinar su artista m\u00e1s escuchado"},"content":{"rendered":"<p>En pleno furor por el resumen del a\u00f1o de Spotify conocido como Wrapped, el ministro de Transportes, \u00d3scar Puente,<a href=\"https:\/\/www.huffingtonpost.es\/virales\/oscar-puente-necesita-imagen-contestar-critica-feijoo-sanchez-abalos.html\" rel=\"nofollow noopener\" target=\"_blank\"> ha compartido su balance anual a trav\u00e9s de su cuenta de X<\/a>. <b>\u00abNo te pido que me lo mejores. Igu\u00e1lamelo\u00bb, ha dicho<\/b>, presumiendo de haber escuchado un total de 211 g\u00e9neros en 2025.<\/p>\n<p>Sin embargo, lo m\u00e1s llamativo de su resumen anual es su artista m\u00e1s escuchado, tan inesperado como actual. Antes de desvelarlo,<a href=\"\"> \u00d3scar Puente ha dado cuenta de su gusto musical <\/a>y un talento oculto. <b>\u00abHe tenido mi a\u00f1o nost\u00e1lgico ochentero. Y me hice una playlist de los 80 que me pongo sobre todo cuando cocino<\/b>. No os lo he dicho, pero me encanta cocinar\u00bb, ha relatado el socialista.<\/p>\n<p>Entre sus grupos de cabecera figuran cl\u00e1sicos \u00abochenteros\u00bb como The Blow Monkeys, Roxy Music o Aztec Camera. <b>Pero por encima de todos ellos destaca un artista que poco o nada tiene que ver<\/b> en lo que a rasgos musicales se refiere. Tampoco en lo que se refiere a la etapa temporal en la que se ubican.<\/p>\n<p>\u00abSu \u00faltimo \u00e1lbum conecta m\u00e1s con los trabajos anteriores\u00bb<\/p>\n<p>\u00abNo todo ha sido nostalgia, y la actualidad tambi\u00e9n ha tenido su espacio\u00bb, ha asegurado. Y es que <b>el artista m\u00e1s escuchado de \u00d3scar Puente no es otro que el puertorrique\u00f1o Bad Bunny<\/b>. \u00abMi artista m\u00e1s escuchado y sobre todo su nuevo \u00e1lbum que me conecta mucho m\u00e1s con el artista que otros trabajos anteriores\u00bb, ha opinado, sacando as\u00ed a la luz un rasgo hasta ahora desconocido por sus seguidores.<\/p>\n<p>La m\u00fasica parece ser un elemento fundamental en la vida de \u00d3scar Puente, quien no es la primera vez que <b>demuestra estar muy al tonto de las novedades que aparecen en el mercado<\/b>. Una de las \u00faltimas revelaciones del ministro de Transportes tiene que ver con Rosal\u00eda.<\/p>\n<p>Recientemente <b>utiliz\u00f3 un fragmento de una de las canciones de la artista catalana para contestar a Santiago Abascal<\/b>, quien hab\u00eda compartido un video viral de un trabajador que en 2019 aseguraba que iba a votar a Vox. El l\u00edder del partido de ultraderecha public\u00f3 un mensaje en X donde dec\u00eda: \u00abA\u00f1o 2019. Como si fuera hoy\u00bb.\u00a0<\/p>\n<p>La respuesta de \u00d3scar Puente no se hizo esperar, y <b>comparti\u00f3 una imagen de Spotify donde se pod\u00eda leer el fragmento \u00abno sabe lo que es cotizar\u00bb<\/b>, de La Perla, en alusi\u00f3n a la exigua vida laboral de Santiago Abascal.\u00a0<\/p>\n","protected":false},"excerpt":{"rendered":"En pleno furor por el resumen del a\u00f1o de Spotify conocido como Wrapped, el ministro de Transportes, \u00d3scar&hellip;\n","protected":false},"author":2,"featured_media":271099,"comment_status":"","ping_status":"","sticky":false,"template":"","format":"standard","meta":{"footnotes":""},"categories":[174],"tags":[255,146,147,25,24,256,185,2952,23,1603],"class_list":{"0":"post-271098","1":"post","2":"type-post","3":"status-publish","4":"format-standard","5":"has-post-thumbnail","7":"category-famosos","8":"tag-celebrities","9":"tag-entertainment","10":"tag-entretenimiento","11":"tag-es","12":"tag-espana","13":"tag-famosos","14":"tag-musica","15":"tag-oscar-puente","16":"tag-spain","17":"tag-spotify"},"share_on_mastodon":{"url":"https:\/\/pubeurope.com\/@es\/115662414466829525","error":""},"_links":{"self":[{"href":"https:\/\/www.europesays.com\/es\/wp-json\/wp\/v2\/posts\/271098","targetHints":{"allow":["GET"]}}],"collection":[{"href":"https:\/\/www.europesays.com\/es\/wp-json\/wp\/v2\/posts"}],"about":[{"href":"https:\/\/www.europesays.com\/es\/wp-json\/wp\/v2\/types\/post"}],"author":[{"embeddable":true,"href":"https:\/\/www.europesays.com\/es\/wp-json\/wp\/v2\/users\/2"}],"replies":[{"embeddable":true,"href":"https:\/\/www.europesays.com\/es\/wp-json\/wp\/v2\/comments?post=271098"}],"version-history":[{"count":0,"href":"https:\/\/www.europesays.com\/es\/wp-json\/wp\/v2\/posts\/271098\/revisions"}],"wp:featuredmedia":[{"embeddable":true,"href":"https:\/\/www.europesays.com\/es\/wp-json\/wp\/v2\/media\/271099"}],"wp:attachment":[{"href":"https:\/\/www.europesays.com\/es\/wp-json\/wp\/v2\/media?parent=271098"}],"wp:term":[{"taxonomy":"category","embeddable":true,"href":"https:\/\/www.europesays.com\/es\/wp-json\/wp\/v2\/categories?post=271098"},{"taxonomy":"post_tag","embeddable":true,"href":"https:\/\/www.europesays.com\/es\/wp-json\/wp\/v2\/tags?post=271098"}],"curies":[{"name":"wp","href":"https:\/\/api.w.org\/{rel}","templated":true}]}}