{"id":271107,"date":"2025-12-04T17:17:09","date_gmt":"2025-12-04T17:17:09","guid":{"rendered":"https:\/\/www.europesays.com\/es\/271107\/"},"modified":"2025-12-04T17:17:09","modified_gmt":"2025-12-04T17:17:09","slug":"el-gol-de-camavinga-los-41-segundos-que-resumen-el-despertar-del-real-madrid-futbol-deportes","status":"publish","type":"post","link":"https:\/\/www.europesays.com\/es\/271107\/","title":{"rendered":"El gol de Camavinga: los 41 segundos que resumen el despertar del Real Madrid | F\u00fatbol | Deportes"},"content":{"rendered":"<p class=\"\">En pleno proceso de b\u00fasqueda casi introspectiva, despu\u00e9s de un mes de noviembre en el que el proyecto amenazaba con descarrilar, <a href=\"https:\/\/elpais.com\/deportes\/futbol\/2025-12-03\/mbappe-revive-al-real-madrid-en-la-catedral.html\" target=\"_self\" rel=\"nofollow noopener\" title=\"https:\/\/elpais.com\/deportes\/futbol\/2025-12-03\/mbappe-revive-al-real-madrid-en-la-catedral.html\">el Real Madrid dej\u00f3 este mi\u00e9rcoles en San Mam\u00e9s<\/a> 41 segundos que contienen buena parte de lo que ha estado buscando Xabi Alonso desde que lleg\u00f3: intensidad, salida ordenada, avance conjunto, velocidad de circulaci\u00f3n y mucha gente en el \u00e1rea al final. El segundo gol al Athletic lleg\u00f3 despu\u00e9s de 15 pases en una jugada en la que participaron nueve jugadores. Tocaron la pelota todos, salvo R\u00fcdiger y Tchouameni.<\/p>\n<p class=\"\">La jugada comenz\u00f3 con un robo de Fede Valverde, que hab\u00eda retrocedido unos 30 metros justo despu\u00e9s de estar a punto de llevarse la pelota en otra presi\u00f3n siete segundos antes. El uruguayo acudi\u00f3 a ayudar a Trent con Nico Williams, que acababa de recibir, y recuper\u00f3. Thibaut Courtois relacion\u00f3 el triunfo con esa energ\u00eda colectiva: \u201cLo hemos conseguido con trabajo en equipo, con una buena presi\u00f3n, con buena intensidad desde el primer segundo\u201d.<\/p>\n<p>\t\t <img decoding=\"async\" src=\"https:\/\/ep00.epimg.net\/infografias\/2025\/12\/gol-camavinga\/Frame1_2x.jpg\" style=\"width:100%;\" loading=\"lazy\"\/><\/p>\n<p class=\"\">Valverde cedi\u00f3 al belga y ah\u00ed comenzaron a construir. Pase a Milit\u00e3o y apertura a la banda derecha a Trent. Mientras, el uruguayo hab\u00eda tirado un desmarque hacia delante y el ingl\u00e9s le envi\u00f3 la pelota con precisi\u00f3n por encima de un rival. Valverde ya miraba arriba a Vinicius y Mbapp\u00e9, que corr\u00edan al otro lado a la espalda de la defensa. Cruz\u00f3 un buen pase hacia el franc\u00e9s, y este abri\u00f3 un poco m\u00e1s al brasile\u00f1o. Solo 15 segundos despu\u00e9s del robo, ya estaban casi en el \u00e1rea de Unai Sim\u00f3n. Hab\u00edan escapado. \u201cFue una buena salida ante la presi\u00f3n de ellos\u201d, describi\u00f3 Courtois. \u201cY eso es lo que nos faltaba quiz\u00e1 en otros partidos\u201d.<\/p>\n<p>\t\t <img decoding=\"async\" src=\"https:\/\/ep00.epimg.net\/infografias\/2025\/12\/gol-camavinga\/Frame2_2x.jpg\" style=\"width:100%;\" loading=\"lazy\"\/><\/p>\n<p>\t\t <img decoding=\"async\" src=\"https:\/\/ep00.epimg.net\/infografias\/2025\/12\/gol-camavinga\/Frame3_2x.jpg\" style=\"width:100%;\" loading=\"lazy\"\/><\/p>\n<p class=\"\">Ah\u00ed Mbapp\u00e9 y Vinicius pusieron un poco de pausa. Buscaban por d\u00f3nde entrar mientras aguardaban la llegada de m\u00e1s efectivos. No se lanzaron a misiones solitarias como muchas veces se arranca el brasile\u00f1o para desesperaci\u00f3n de Xabi. Y fueron apareciendo por ese lado izquierdo Bellingham y \u00c1lvaro Carreras. 30 segundos despu\u00e9s del robo ya hab\u00eda cuatro futbolistas del Madrid pisando el \u00e1rea.<\/p>\n<p>\t\t <img decoding=\"async\" src=\"https:\/\/ep00.epimg.net\/infografias\/2025\/12\/gol-camavinga\/Frame4_2x.jpg\" style=\"width:100%;\" loading=\"lazy\"\/><\/p>\n<p class=\"\">En el banquillo, Xabi se relam\u00eda: \u201cTen\u00eda muy buena sensaci\u00f3n de c\u00f3mo est\u00e1bamos eligiendo. C\u00f3mo lleg\u00e1bamos, c\u00f3mo \u00edbamos de un lado a otro, c\u00f3mo progres\u00e1bamos\u2026\u201d, dijo. Hubo mucha movilidad por ese costado izquierdo, mucho intercambio de posiciones, mientras se sumaban jugadores al ataque. Pero el Athletic cerraba bien el flanco acumulando cada vez m\u00e1s hombres. Entonces Bellingham pens\u00f3 en el otro lado, que deb\u00eda estar desierto. Gir\u00f3 y abri\u00f3 el juego a la derecha, por donde se incorporaba Trent.<\/p>\n<p>\t\t <img decoding=\"async\" src=\"https:\/\/ep00.epimg.net\/infografias\/2025\/12\/gol-camavinga\/Frame5_2x.jpg\" style=\"width:100%;\" loading=\"lazy\"\/><\/p>\n<p class=\"\">Cuando el ingl\u00e9s puso el centro, <a href=\"https:\/\/elpais.com\/deportes\/futbol\/2025-12-04\/xabi-alonso-pierde-dos-meses-a-trent-por-su-lesion-en-san-mames.html\" target=\"_self\" rel=\"nofollow noopener\" title=\"https:\/\/elpais.com\/deportes\/futbol\/2025-12-04\/xabi-alonso-pierde-dos-meses-a-trent-por-su-lesion-en-san-mames.html\">Camavinga<\/a>, Vinicius y Mbapp\u00e9 atacaban la frontal del \u00e1rea peque\u00f1a. El bal\u00f3n le cay\u00f3 al 10 en el segundo palo. \u201cBuen remate de cabeza de Kylian, que me sorprende con la cabeza\u201d, brome\u00f3 Courtois. En realidad fue un pase al otro palo, donde se encontraba solo el centrocampista, que marc\u00f3 el 2-0 con otro cabezazo. El cron\u00f3metro marcaba 41:57. <\/p>\n<p>\t\t <img decoding=\"async\" src=\"https:\/\/ep00.epimg.net\/infografias\/2025\/12\/gol-camavinga\/Frame6_2x.jpg\" style=\"width:100%;\" loading=\"lazy\"\/><\/p>\n<p>\t\t <img decoding=\"async\" src=\"https:\/\/ep00.epimg.net\/infografias\/2025\/12\/gol-camavinga\/Frame7_2x.jpg\" style=\"width:100%;\" loading=\"lazy\"\/><\/p>\n<p class=\"\">Hab\u00edan transcurrido 41 segundos desde el robo de Valverde y el Madrid ten\u00eda seis futbolistas en el \u00e1rea de Unai Sim\u00f3n, adem\u00e1s de al uruguayo y a Tchouameni aguardando en la frontal. \u201cEso es lo que necesitamos, gente en el \u00e1rea\u201d, dijo Courtois. \u201cPorque ah\u00ed es donde se hace gol. Cuando los centrocampistas llegan, como Cama hoy, eso es muy importante\u201d. Xabi destac\u00f3 \u201cla calidad colectiva que ha tenido el equipo\u201d, ese esp\u00edritu coral y coordinado en la l\u00ednea de una de las ideas en las que ha estado incidiendo desde que lleg\u00f3, \u201clas distancias\u201d, ese atacar y defender juntos.<\/p>\n<p class=\"\">Tambi\u00e9n detect\u00f3 ese punto m\u00e1s de activaci\u00f3n al que se refiri\u00f3 Courtois, y que se hab\u00eda echado de menos en casi todos las decepciones de noviembre: \u201cEl equipo ha salido desde el primer minuto a jugar a ganar el partido, con buena concentraci\u00f3n, con buena intensidad, con muy buen ritmo y nos hemos hecho due\u00f1os del partido en esa primera parte\u201d, dijo.<\/p>\n<p class=\"\">En los primeros siete minutos, Mbapp\u00e9 ya hab\u00eda dispuesto de tres ocasiones, y acert\u00f3 en la tercera. Aunque el gol que resume las se\u00f1ales positivas que buscaba Xabi y que emiti\u00f3 el Madrid en San Mam\u00e9s fue el segundo, desde la intensidad en la recuperaci\u00f3n de Valverde y el orden en la salida, al aceler\u00f3n en ataque, la b\u00fasqueda de espacios y el cabezazo de Camavinga, los refuerzos del centro del campo atacando el \u00e1rea.<\/p>\n","protected":false},"excerpt":{"rendered":"En pleno proceso de b\u00fasqueda casi introspectiva, despu\u00e9s de un mes de noviembre en el que el proyecto&hellip;\n","protected":false},"author":2,"featured_media":269729,"comment_status":"","ping_status":"","sticky":false,"template":"","format":"standard","meta":{"footnotes":""},"categories":[93],"tags":[1540,168,1539,25,24,282,1538,23,167],"class_list":{"0":"post-271107","1":"post","2":"type-post","3":"status-publish","4":"format-standard","5":"has-post-thumbnail","7":"category-deportes","8":"tag-competiciones","9":"tag-deportes","10":"tag-entrenadores","11":"tag-es","12":"tag-espana","13":"tag-futbol","14":"tag-futbolistas","15":"tag-spain","16":"tag-sports"},"share_on_mastodon":{"url":"https:\/\/pubeurope.com\/@es\/115662438491285185","error":""},"_links":{"self":[{"href":"https:\/\/www.europesays.com\/es\/wp-json\/wp\/v2\/posts\/271107","targetHints":{"allow":["GET"]}}],"collection":[{"href":"https:\/\/www.europesays.com\/es\/wp-json\/wp\/v2\/posts"}],"about":[{"href":"https:\/\/www.europesays.com\/es\/wp-json\/wp\/v2\/types\/post"}],"author":[{"embeddable":true,"href":"https:\/\/www.europesays.com\/es\/wp-json\/wp\/v2\/users\/2"}],"replies":[{"embeddable":true,"href":"https:\/\/www.europesays.com\/es\/wp-json\/wp\/v2\/comments?post=271107"}],"version-history":[{"count":0,"href":"https:\/\/www.europesays.com\/es\/wp-json\/wp\/v2\/posts\/271107\/revisions"}],"wp:featuredmedia":[{"embeddable":true,"href":"https:\/\/www.europesays.com\/es\/wp-json\/wp\/v2\/media\/269729"}],"wp:attachment":[{"href":"https:\/\/www.europesays.com\/es\/wp-json\/wp\/v2\/media?parent=271107"}],"wp:term":[{"taxonomy":"category","embeddable":true,"href":"https:\/\/www.europesays.com\/es\/wp-json\/wp\/v2\/categories?post=271107"},{"taxonomy":"post_tag","embeddable":true,"href":"https:\/\/www.europesays.com\/es\/wp-json\/wp\/v2\/tags?post=271107"}],"curies":[{"name":"wp","href":"https:\/\/api.w.org\/{rel}","templated":true}]}}